{"id":9007,"date":"2024-10-03T10:29:17","date_gmt":"2024-10-03T08:29:17","guid":{"rendered":"https:\/\/serbenidorm.daliisolutions.com\/index.php\/2024\/10\/03\/benidorm-y-la-vila-joiosa-celebran-el-dia-de-la-policia-con-reconocimientos-retos-y-un-importante-anuncio\/"},"modified":"2024-10-03T10:29:17","modified_gmt":"2024-10-03T08:29:17","slug":"benidorm-y-la-vila-joiosa-celebran-el-dia-de-la-policia-con-reconocimientos-retos-y-un-importante-anuncio","status":"publish","type":"post","link":"https:\/\/serbenidorm.daliisolutions.com\/index.php\/2024\/10\/03\/benidorm-y-la-vila-joiosa-celebran-el-dia-de-la-policia-con-reconocimientos-retos-y-un-importante-anuncio\/","title":{"rendered":"Benidorm y La Vila Joiosa celebran el D\u00eda de la Polic\u00eda con reconocimientos, retos y un importante anuncio"},"content":{"rendered":"  <p>Benidorm<\/p>   <p>Decenas de vecinos y turistas, curiosos, se han acercado este mi\u00e9rcoles al paseo de Col\u00f3n, junto al puerto de Benidorm, para presenciar el acto institucional del D\u00eda de la Polic\u00eda Nacional en el que ocho agentes de la comisar\u00eda local han sido condecorados con la Orden al M\u00e9rito Policial.<\/p>   <p>Ellos han sido Iv\u00e1n Serrano Mar\u00edn, Natalia Monedero Villanueva, Jos\u00e9 Luis Vera Rodr\u00edguez, Francisco Javier Zapatera Bl\u00e1zquez, Diego Ba\u00f1uls Garc\u00eda, Jos\u00e9 Miguel Ballesta Climent, Luis Miguel G\u00f3mez Garc\u00eda y Adri\u00e1n Reguil\u00f3n \u00c1lvarez.<\/p>  <p><p>M\u00e1s informaci\u00f3n<\/p><figure><img loading=\"lazy\" decoding=\"async\" src=\"https:\/\/cadenaser.com\/resizer\/v2\/3TBRRZ3ECFCKDIW4TSWBJAGU6U.jpg?auth=3ab0d1888623f5f5760ec7fdfc3df64b36034a5b50966e4093951761170d9aba&amp;quality=70&amp;width=360&amp;height=202&amp;smart=true\" width=\"820\" height=\"621\" \/><\/figure><ul><li><a href=\"https:\/\/cadenaser.com\/comunitat-valenciana\/2024\/09\/30\/la-tasa-de-basura-de-benidorm-ira-por-barrios-de-189-a-217-euros-segun-la-zona-radio-benidorm\/\"><span>La tasa de basura de Benidorm ir\u00e1 por barrios: desde 189 euros en la zona del Moralet hasta 217 en Almafr\u00e0<\/span><\/a><\/li><\/ul><\/p>   <p>En conversaci\u00f3n con <a href=\"https:\/\/cadenaser.com\/tag\/benidorm\/a\/\" target=\"_blank\" rel=\"noopener\">Radio Benidorm<\/a>, el comisario jefe de la capital tur\u00edstica durante los \u00faltimos seis a\u00f1os ha destacado la atenci\u00f3n a las personas mayores como una de las mayores satisfacciones para el cuerpo en una plaza como esta capital tur\u00edstica.<\/p>   <p>Serrano tambi\u00e9n se ha referido a la atenci\u00f3n al turista extranjero, al aumento de la ciberdelincuencia o a la prevenci\u00f3n de la violencia de g\u00e9nero como algunos de los retos que afronta este cuerpo que acaba de cumplir 200 a\u00f1os de historia.<\/p>   <p>Cambios en la Polic\u00eda de La Vila<\/p>   <p>Acto tambi\u00e9n en la finca de la Barbera de La Vila Joiosa, en este caso de la Polic\u00eda Local, que el alcalde ha aprovechado para anunciar una modificaci\u00f3n de la estructura organizativa del cuerpo antes de que acabe el mes.<\/p>   <p>     .c-w{         max-width:444px;         width:100%;         margin:32px auto;      background:#00755E;         border-radius:4px;         display:flex;         align-items:center;         justify-content:center;     }     .c-w a{         display:flex;         align-items:center;         justify-content:center;         padding:4px 24px;     }     .c-w img{         width:24px;         margin-right:12px;     }     .c-w p{         font:18px\/25px Poppins;         text-align:center;         color:#fff;         margin:0;     }     @media (max-width:444px){         .c-w a{             padding:4px 12px;         }         .c-w img{             width:24px;             margin-right:8px;         }         .c-w p{             font:14px\/25px Poppins;         }     }     @media (max-width:335px){         .c-w p{             font:13px\/25px Poppins;         }     }  <div class=\"c-w\">     <a href=\"https:\/\/www.whatsapp.com\/channel\/0029Va633PF9WtC4l7XUzh1e\" target=\"_blank\" rel=\"noopener\">         <img decoding=\"async\" src=\"https:\/\/cadenaser.com\/estaticos\/recursosgraficos\/responsive\/img\/ico-whatsapp.svg\" alt=\"Whatsapp\">         <p>\u00danete al <b>canal de WhatsApp<\/b> de la SER<\/p>     <\/a> <\/div><\/p>   <p>Adem\u00e1s, Marcos Zaragoza ha recordado la <a href=\"https:\/\/cadenaser.com\/tag\/vila_joiosa\/a\/\" target=\"_blank\" rel=\"noopener\">creaci\u00f3n de una bolsa de empleo con la que se incorporar\u00e1n nuevos agentes antes de acabar el a\u00f1o<\/a>, as\u00ed como el compromiso de aplicar la carrera profesional.<\/p>   <p>Durante el acto se ha entregado la Cruz al m\u00e9rito policial con distintivo rojo al oficial Miguel \u00c1ngel Palacios y los agentes Miguel \u00c1ngel Rodriguez, Ra\u00fal Serna, Joaqu\u00edn Pascual, Miguel \u00c1ngel Vill\u00e9n y Carlos Alberto por su actuaci\u00f3n en el incendio en la vivienda de la avenida Mariners de La Vila en La Cala, donde tres v\u00edctimas perdieron la vida.<\/p> ","protected":false},"excerpt":{"rendered":"<p>El alcalde vilero anticipa que este mes modificar\u00e1 la estructura de la Polic\u00eda Local<\/p>\n","protected":false},"author":0,"featured_media":9008,"comment_status":"open","ping_status":"open","sticky":false,"template":"","format":"standard","meta":{"_acf_changed":false,"footnotes":""},"categories":[1],"tags":[],"class_list":["post-9007","post","type-post","status-publish","format-standard","has-post-thumbnail","hentry","category-sin-categoria"],"acf":{"ser_id":"S34SJQCDQBEXHODEX7X2FJWV2M","ser_url":"https:\/\/cadenaser.com\/comunitat-valenciana\/2024\/10\/02\/benidorm-y-la-vila-joiosa-celebran-el-dia-de-la-policia-con-reconocimientos-retos-y-un-anuncio-radio-benidorm\/"},"_links":{"self":[{"href":"https:\/\/serbenidorm.daliisolutions.com\/index.php\/wp-json\/wp\/v2\/posts\/9007","targetHints":{"allow":["GET"]}}],"collection":[{"href":"https:\/\/serbenidorm.daliisolutions.com\/index.php\/wp-json\/wp\/v2\/posts"}],"about":[{"href":"https:\/\/serbenidorm.daliisolutions.com\/index.php\/wp-json\/wp\/v2\/types\/post"}],"replies":[{"embeddable":true,"href":"https:\/\/serbenidorm.daliisolutions.com\/index.php\/wp-json\/wp\/v2\/comments?post=9007"}],"version-history":[{"count":0,"href":"https:\/\/serbenidorm.daliisolutions.com\/index.php\/wp-json\/wp\/v2\/posts\/9007\/revisions"}],"wp:featuredmedia":[{"embeddable":true,"href":"https:\/\/serbenidorm.daliisolutions.com\/index.php\/wp-json\/wp\/v2\/media\/9008"}],"wp:attachment":[{"href":"https:\/\/serbenidorm.daliisolutions.com\/index.php\/wp-json\/wp\/v2\/media?parent=9007"}],"wp:term":[{"taxonomy":"category","embeddable":true,"href":"https:\/\/serbenidorm.daliisolutions.com\/index.php\/wp-json\/wp\/v2\/categories?post=9007"},{"taxonomy":"post_tag","embeddable":true,"href":"https:\/\/serbenidorm.daliisolutions.com\/index.php\/wp-json\/wp\/v2\/tags?post=9007"}],"curies":[{"name":"wp","href":"https:\/\/api.w.org\/{rel}","templated":true}]}}