{"id":9040,"date":"2024-10-04T08:57:27","date_gmt":"2024-10-04T06:57:27","guid":{"rendered":"https:\/\/serbenidorm.daliisolutions.com\/index.php\/2024\/10\/04\/la-vila-vella-pone-en-valor-el-trabajo-de-las-rederas-y-el-patrimonio-etnografico-y-artistico-local\/"},"modified":"2024-10-04T08:57:27","modified_gmt":"2024-10-04T06:57:27","slug":"la-vila-vella-pone-en-valor-el-trabajo-de-las-rederas-y-el-patrimonio-etnografico-y-artistico-local","status":"publish","type":"post","link":"https:\/\/serbenidorm.daliisolutions.com\/index.php\/2024\/10\/04\/la-vila-vella-pone-en-valor-el-trabajo-de-las-rederas-y-el-patrimonio-etnografico-y-artistico-local\/","title":{"rendered":"La Vila Vella pone en valor el trabajo de las rederas y el patrimonio etnogr\u00e1fico y art\u00edstico local"},"content":{"rendered":"  <p>La Vila Joiosa<\/p>   <p>El Casco Hist\u00f3rico de La Vila Joiosa se convierte este fin de semana en el epicentro del arte, la tradici\u00f3n, la historia y el patrimonio etnogr\u00e1fico de la localidad con la celebraci\u00f3n de La Vila Vella. Una iniciativa cultural que pretende \u00abpromover el patrimonio etnogr\u00e1fico mar\u00edtimo del municipio, as\u00ed como homenajear a los vileros y vileras que se han dedicado y se dedican a la confecci\u00f3n de redes, la industria manufacturera que ha definido la fisonom\u00eda de la poblaci\u00f3n\u00bb, tal y como ha se\u00f1alado en <a href=\"\/\/radiobenidorm.es\" rel=\"nofollow noopener\" target=\"_blank\">Hoy por Hoy Benidorm<\/a> la edil de Patrimonio Hist\u00f3rico <a href=\"https:\/\/cadenaser.com\/audio\/1716366607715\/\" target=\"_blank\" rel=\"noopener\">Rosa Llorca.<\/a><\/p>   <p>Desde las diez de la ma\u00f1ana  hasta las tres de la madrugada el casco antiguo \u00abser\u00e1 un museo abierto\u00bb en el que se organizar\u00e1n actividades para todos los p\u00fablicos. Las calles no s\u00f3lo se engalanar\u00e1n de redes, sino que habr\u00e1 nuevas obras de arte urbano e intervenciones art\u00edsticas, con una base documental del patrimonio cultural mar\u00edtimo de artistas locales, nacionales e internacionales. Tambi\u00e9n se celebrar\u00e1 la primera edici\u00f3n del Festival Open House La Vila Vella, en el que se abrir\u00e1n al p\u00fablico quince edificios y viviendas, que tienen como denominador com\u00fan ser los mejores ejemplos de arquitectura, dise\u00f1o e historia etnogr\u00e1fica mar\u00edtima de Villajoyosa. Se fusionar\u00e1 la tradici\u00f3n marinera con el arte en el primer Festival de Tatuaje y Arte Urbano, puesto que los marineros son un colectivo que ha fomentado dicho arte a lo largo de los a\u00f1os.<\/p>   <p>Puesto que el patrimonio etnogr\u00e1fico mar\u00edtimo es el hilo conductor de este gran evento, las calles se llenar\u00e1n de rederos y rederas, conforme ocurr\u00eda anta\u00f1o. Se recrear\u00e1 una senda mar\u00edtima en el carrer Pal, antigua senda ubicada a los pies de las murallas de la ciudad y cerca del mar. Pero no s\u00f3lo participar\u00e1n personas del municipio, sino que la asociaci\u00f3n La Gramaera de Redov\u00e1n participar\u00e1 en la museograf\u00eda y puesta en escena de los trabajos tradicionales entorno al c\u00e1\u00f1amo, como el \u2018gramao\u2019, \u2018rastrillao\u2019, \u2018hilao\u2019, entre otras actividades. Tambi\u00e9n destaca la participaci\u00f3n de la Fundaci\u00f3n de Artesan\u00eda de Galicia que instalar\u00e1 una feria de artesan\u00eda de productos confeccionados con redes que forma parte del proyecto \u201cEnredadas\u201d, por lo que se trata de la primera colaboraci\u00f3n con la Xunta de Galicia en un proyecto de recuperaci\u00f3n del patrimonio mar\u00edtimo.<\/p>   <p>Otra de las novedades de esta edici\u00f3n es \u201cRederas\u201d, un proyecto de mediaci\u00f3n e intervenci\u00f3n art\u00edsticas que re\u00fane a todas las rederas de Villajoyosa, tanto activas como retiradas, as\u00ed como a sus familiares, con el fin de recuperar la memoria hist\u00f3rica de las mujeres rederas de Villajoyosa. M\u00e1s de 20 mujeres est\u00e1n participando en estas sesiones, conducidas por la plataforma Remembranzas de La Chivata Teatro y Marina Paredes, cuya puesta en escena ser\u00e1 el 5 de octubre. Adem\u00e1s, el artista Jos\u00e9 Luis Carrillo expondr\u00e1 los retratos de vecinos emblem\u00e1ticos del barrio hist\u00f3rico que ha estado creando estos d\u00edas en su proyecto \u201cEl viento que agita la memoria\u201d.<\/p>   <p>La Vila Vella tambi\u00e9n ser\u00e1 lugar de encuentro para la m\u00fasica en directo, teatro, danza, exposiciones, talleres infantiles, rutas guiadas y gastronom\u00eda, adem\u00e1s de estar siendo ya un enlace de convivencia entre vecinos, puesto que, en esta iniciativa, promovida por el Ayuntamiento de Villajoyosa, est\u00e1n colaborando muchas personas voluntarias y escolares en la organizaci\u00f3n de actividades y decoraci\u00f3n de calles y plazas.<\/p>   <p>     .c-w{         max-width:444px;         width:100%;         margin:32px auto;      background:#00755E;         border-radius:4px;         display:flex;         align-items:center;         justify-content:center;     }     .c-w a{         display:flex;         align-items:center;         justify-content:center;         padding:4px 24px;     }     .c-w img{         width:24px;         margin-right:12px;     }     .c-w p{         font:18px\/25px Poppins;         text-align:center;         color:#fff;         margin:0;     }     @media (max-width:444px){         .c-w a{             padding:4px 12px;         }         .c-w img{             width:24px;             margin-right:8px;         }         .c-w p{             font:14px\/25px Poppins;         }     }     @media (max-width:335px){         .c-w p{             font:13px\/25px Poppins;         }     }  <div class=\"c-w\">     <a href=\"https:\/\/www.whatsapp.com\/channel\/0029Va633PF9WtC4l7XUzh1e\" target=\"_blank\" rel=\"noopener\">         <img decoding=\"async\" src=\"https:\/\/cadenaser.com\/estaticos\/recursosgraficos\/responsive\/img\/ico-whatsapp.svg\" alt=\"Whatsapp\">         <p>\u00danete al <b>canal de WhatsApp<\/b> de la SER<\/p>     <\/a> <\/div><\/p> ","protected":false},"excerpt":{"rendered":"<p>El s\u00e1bado 5 de octubre el Casco Hist\u00f3rico acoge una jornada llena de talleres, m\u00fasica, visitas guiadas, artesan\u00eda y ocio para toda la familia<\/p>\n","protected":false},"author":0,"featured_media":9041,"comment_status":"open","ping_status":"open","sticky":false,"template":"","format":"standard","meta":{"_acf_changed":false,"footnotes":""},"categories":[1],"tags":[],"class_list":["post-9040","post","type-post","status-publish","format-standard","has-post-thumbnail","hentry","category-sin-categoria"],"acf":{"ser_id":"SVV4ICUT25BAVFOT3WHOVBUKTM","ser_url":"https:\/\/cadenaser.com\/comunitat-valenciana\/2024\/10\/03\/la-vila-vella-pone-en-valor-el-trabajo-de-las-rederas-y-el-patrimonio-etnografico-y-artistico-local-radio-benidorm\/"},"_links":{"self":[{"href":"https:\/\/serbenidorm.daliisolutions.com\/index.php\/wp-json\/wp\/v2\/posts\/9040","targetHints":{"allow":["GET"]}}],"collection":[{"href":"https:\/\/serbenidorm.daliisolutions.com\/index.php\/wp-json\/wp\/v2\/posts"}],"about":[{"href":"https:\/\/serbenidorm.daliisolutions.com\/index.php\/wp-json\/wp\/v2\/types\/post"}],"replies":[{"embeddable":true,"href":"https:\/\/serbenidorm.daliisolutions.com\/index.php\/wp-json\/wp\/v2\/comments?post=9040"}],"version-history":[{"count":0,"href":"https:\/\/serbenidorm.daliisolutions.com\/index.php\/wp-json\/wp\/v2\/posts\/9040\/revisions"}],"wp:featuredmedia":[{"embeddable":true,"href":"https:\/\/serbenidorm.daliisolutions.com\/index.php\/wp-json\/wp\/v2\/media\/9041"}],"wp:attachment":[{"href":"https:\/\/serbenidorm.daliisolutions.com\/index.php\/wp-json\/wp\/v2\/media?parent=9040"}],"wp:term":[{"taxonomy":"category","embeddable":true,"href":"https:\/\/serbenidorm.daliisolutions.com\/index.php\/wp-json\/wp\/v2\/categories?post=9040"},{"taxonomy":"post_tag","embeddable":true,"href":"https:\/\/serbenidorm.daliisolutions.com\/index.php\/wp-json\/wp\/v2\/tags?post=9040"}],"curies":[{"name":"wp","href":"https:\/\/api.w.org\/{rel}","templated":true}]}}