{"id":9042,"date":"2024-10-04T08:57:30","date_gmt":"2024-10-04T06:57:30","guid":{"rendered":"https:\/\/serbenidorm.daliisolutions.com\/index.php\/2024\/10\/04\/benidorm-destinara-900-000-euros-a-renovar-otra-parte-de-la-catenaria-de-levante\/"},"modified":"2024-10-04T08:57:30","modified_gmt":"2024-10-04T06:57:30","slug":"benidorm-destinara-900-000-euros-a-renovar-otra-parte-de-la-catenaria-de-levante","status":"publish","type":"post","link":"https:\/\/serbenidorm.daliisolutions.com\/index.php\/2024\/10\/04\/benidorm-destinara-900-000-euros-a-renovar-otra-parte-de-la-catenaria-de-levante\/","title":{"rendered":"Benidorm destinar\u00e1 900.000 euros a renovar otra parte de la catenaria de Levante"},"content":{"rendered":"  <p>Benidorm<\/p>   <p>El Ayuntamiento de Benidorm renovar\u00e1 otro tramo de la catenaria lum\u00ednica del paseo de Levante con una inversi\u00f3n de  908.581 euros. El proyecto se aprobar\u00e1 el pr\u00f3ximo lunes en Junta de  Gobierno y comprende la sustituci\u00f3n de las ic\u00f3nicas  luminarias de primera l\u00ednea de playa en el tramo comprendido <a href=\"https:\/\/cadenaser.com\/tag\/benidorm\/a\/\" target=\"_blank\" rel=\"noopener\">entre la avenida de Europa y la calle M\u00e9dico Miguel Martorell<\/a>.<\/p>   <p>Una segunda fase que comprende tres manzanas y que se incluir\u00e1 dentro del Plan de Sostenibilidad Tur\u00edstica en Destino \u2018Benidorm Visi\u00f3n 360\u2019, financiado con fondos europeos Next Generation, por lo que deber\u00eda estar terminada antes del 31 de marzo de 2026.<\/p>  <p><p>M\u00e1s informaci\u00f3n<\/p><figure><img loading=\"lazy\" decoding=\"async\" src=\"https:\/\/cadenaser.com\/resizer\/v2\/GOSBR5AYGVEWLGF3IUP6M7AR7Y.jpg?auth=f42b986d3da89536fe65038e41cc5f57d78e005a3a2534cfa38afdd0d5f455fc&amp;quality=70&amp;width=360&amp;height=202&amp;smart=true\" width=\"820\" height=\"621\" \/><\/figure><ul><li><a href=\"https:\/\/cadenaser.com\/comunitat-valenciana\/2024\/10\/02\/benidorm-y-la-vila-joiosa-celebran-el-dia-de-la-policia-con-reconocimientos-retos-y-un-anuncio-radio-benidorm\/\"><span>Benidorm y La Vila Joiosa celebran el D\u00eda de la Polic\u00eda con reconocimientos, retos y un importante anuncio<\/span><\/a><\/li><\/ul><\/p>   <p>Respecto a esa financiaci\u00f3n el alcalde de Benidorm, Toni  P\u00e9rez, ha reprochado al gobierno central que no se haga cargo de esta actuaci\u00f3n ubicada en dominio publico mar\u00edtimo terrestre y que haya tenido que ser el Ayuntamiento quien se  encargue de ella. <\/p>  <p><p class=\"tit\"><span>Hora 14 Benidorm (03\/10\/2024)<\/span><\/p> <p class=\"emb\"><iframe loading=\"lazy\" src=\"https:\/\/cadenaser.com\/embed\/audio\/460\/cadenaser_benidorm_hora14benidorm_20241003_141700_143000\/\" width=\"100%\" height=\"360\" frameborder=\"0\" allowfullscreen><\/iframe><\/p><\/p>   <p>El Ayuntamiento ya ha solicitado autorizaci\u00f3n para ejecutar la actuaci\u00f3n al Servicio Provincial de Costas y conf\u00eda en recibir respuesta positiva \u201ca la mayor brevedad posible\u201d para proceder a la redacci\u00f3n de los pliegos de condiciones y licitar la obra.<\/p>   <p>La catenaria lum\u00ednica del paseo de Levante de Benidorm data de los a\u00f1os 90 del siglo pasado cuando se renov\u00f3 el paseo mar\u00edtimo. El paso del tiempo y la corrosi\u00f3n por efecto de la proximidad del mar llevaron al Ayuntamiento a plantear la necesidad de renovarla y, tambi\u00e9n, de implantar un sistema de iluminaci\u00f3n m\u00e1s moderno, sostenible y energ\u00e9ticamente eficiente.<\/p>   <p>     .c-w{         max-width:444px;         width:100%;         margin:32px auto;      background:#00755E;         border-radius:4px;         display:flex;         align-items:center;         justify-content:center;     }     .c-w a{         display:flex;         align-items:center;         justify-content:center;         padding:4px 24px;     }     .c-w img{         width:24px;         margin-right:12px;     }     .c-w p{         font:18px\/25px Poppins;         text-align:center;         color:#fff;         margin:0;     }     @media (max-width:444px){         .c-w a{             padding:4px 12px;         }         .c-w img{             width:24px;             margin-right:8px;         }         .c-w p{             font:14px\/25px Poppins;         }     }     @media (max-width:335px){         .c-w p{             font:13px\/25px Poppins;         }     }  <div class=\"c-w\">     <a href=\"https:\/\/www.whatsapp.com\/channel\/0029Va633PF9WtC4l7XUzh1e\" target=\"_blank\" rel=\"noopener\">         <img decoding=\"async\" src=\"https:\/\/cadenaser.com\/estaticos\/recursosgraficos\/responsive\/img\/ico-whatsapp.svg\" alt=\"Whatsapp\">         <p>\u00danete al <b>canal de WhatsApp<\/b> de la SER<\/p>     <\/a> <\/div><\/p> ","protected":false},"excerpt":{"rendered":"<p>La obra deber\u00eda estar terminada en el primer trimestre de 2026 para poder financiarla con fondos europeos<\/p>\n","protected":false},"author":0,"featured_media":9043,"comment_status":"open","ping_status":"open","sticky":false,"template":"","format":"standard","meta":{"_acf_changed":false,"footnotes":""},"categories":[1],"tags":[],"class_list":["post-9042","post","type-post","status-publish","format-standard","has-post-thumbnail","hentry","category-sin-categoria"],"acf":{"ser_id":"BGJENXSQ4NAMBCENPAOKOWUKPM","ser_url":"https:\/\/cadenaser.com\/comunitat-valenciana\/2024\/10\/03\/benidorm-destinara-900000-euros-a-renovar-otra-parte-de-la-catenaria-de-levante-radio-benidorm\/"},"_links":{"self":[{"href":"https:\/\/serbenidorm.daliisolutions.com\/index.php\/wp-json\/wp\/v2\/posts\/9042","targetHints":{"allow":["GET"]}}],"collection":[{"href":"https:\/\/serbenidorm.daliisolutions.com\/index.php\/wp-json\/wp\/v2\/posts"}],"about":[{"href":"https:\/\/serbenidorm.daliisolutions.com\/index.php\/wp-json\/wp\/v2\/types\/post"}],"replies":[{"embeddable":true,"href":"https:\/\/serbenidorm.daliisolutions.com\/index.php\/wp-json\/wp\/v2\/comments?post=9042"}],"version-history":[{"count":0,"href":"https:\/\/serbenidorm.daliisolutions.com\/index.php\/wp-json\/wp\/v2\/posts\/9042\/revisions"}],"wp:featuredmedia":[{"embeddable":true,"href":"https:\/\/serbenidorm.daliisolutions.com\/index.php\/wp-json\/wp\/v2\/media\/9043"}],"wp:attachment":[{"href":"https:\/\/serbenidorm.daliisolutions.com\/index.php\/wp-json\/wp\/v2\/media?parent=9042"}],"wp:term":[{"taxonomy":"category","embeddable":true,"href":"https:\/\/serbenidorm.daliisolutions.com\/index.php\/wp-json\/wp\/v2\/categories?post=9042"},{"taxonomy":"post_tag","embeddable":true,"href":"https:\/\/serbenidorm.daliisolutions.com\/index.php\/wp-json\/wp\/v2\/tags?post=9042"}],"curies":[{"name":"wp","href":"https:\/\/api.w.org\/{rel}","templated":true}]}}