{"id":9044,"date":"2024-10-04T08:57:31","date_gmt":"2024-10-04T06:57:31","guid":{"rendered":"https:\/\/serbenidorm.daliisolutions.com\/index.php\/2024\/10\/04\/el-club-de-lectura-de-benidorm-vuelve-el-jueves-10-de-octubre\/"},"modified":"2024-10-04T08:57:31","modified_gmt":"2024-10-04T06:57:31","slug":"el-club-de-lectura-de-benidorm-vuelve-el-jueves-10-de-octubre","status":"publish","type":"post","link":"https:\/\/serbenidorm.daliisolutions.com\/index.php\/2024\/10\/04\/el-club-de-lectura-de-benidorm-vuelve-el-jueves-10-de-octubre\/","title":{"rendered":"El Club de Lectura de Benidorm vuelve el jueves 10 de octubre"},"content":{"rendered":"  <p>Benidorm<\/p>   <p>El comienzo del oto\u00f1o devuelve a Benidorm una actividad cultural compartida. El Club de Lectura de la capital tur\u00edstica, punto de encuentro de lectores de todos los puntos de la geograf\u00eda nacional, regresa a la sala polivalente de la Biblioteca Central este pr\u00f3ximo jueves 10 de octubre a las 18:30 horas.<\/p>   <p>Su coordinadora, Esperanza Rodr\u00edguez, nos ha contado en <a href=\"https:\/\/cadenaser.com\/tag\/comarca_la_marina_baixa\/a\/\" target=\"_blank\" rel=\"noopener\">La Ventana de la Marina Baixa<\/a> que la programaci\u00f3n se renueva con nuevas sugerencias de lectura o el acercamiento a temas y escritores \u00abque ser\u00e1n una buena compa\u00f1\u00eda durante el curso\u00bb. <\/p>  <p><p>M\u00e1s informaci\u00f3n<\/p><figure><img loading=\"lazy\" decoding=\"async\" src=\"https:\/\/cadenaser.com\/resizer\/v2\/LDAILG6M2FA57C2NLVGDLAOW3M.jpeg?auth=4cd2eb49fd86b715b332fa6d63089cd3e7b69d309d83b88cec9d7b5dc28dd091&amp;quality=70&amp;width=360&amp;height=202&amp;smart=true\" width=\"820\" height=\"621\" \/><\/figure><ul><li><a href=\"https:\/\/cadenaser.com\/comunitat-valenciana\/2024\/09\/23\/redes-contra-el-olvido-en-la-vila-joiosa-radio-benidorm\/\"><span>Redes contra el olvido en La Vila Joiosa<\/span><\/a><\/li><\/ul><\/p>   <p>Entre ellas el centenario de la muerte de Kafka \u00abque no pudimos recordar en el mes de junio pasado\u00bb y otra f\u00f3rmula de lectura que \u00abvamos a denominar, como se dice ahora, lectura creativa\u00bb. <\/p>   <p>En definitiva, una conversaci\u00f3n abierta para acercarse al mundo de los cuentos y de lecturas breves con las que conocer los mecanismos literarios \u00abque despiertan nuestras emociones como lectores\u00bb. \u00abEs un campo f\u00e9rtil y lleno de tesoros para explorar, como el de la poes\u00eda o el paseo por algunos fragmentos de los grandes cl\u00e1sicos\u00bb, ha explicado Rodr\u00edguez, profesora de literatura ya jubilada.<\/p>   <p>Otra importante novedad ser\u00e1 que los encuentros se van a replicar en este programa de <a href=\"https:\/\/cadenaser.com\/tag\/benidorm\/a\/\" target=\"_blank\" rel=\"noopener\">Radio Benidorm<\/a> con una periodicidad mensual para conectar a los oyentes con las impresiones de los miembros del Club de Lectura que en este mes de octubre tendr\u00e1 esa primera sesi\u00f3n del jueves 10 y otra el jueves 24.<\/p>   <p>     .c-w{         max-width:444px;         width:100%;         margin:32px auto;      background:#00755E;         border-radius:4px;         display:flex;         align-items:center;         justify-content:center;     }     .c-w a{         display:flex;         align-items:center;         justify-content:center;         padding:4px 24px;     }     .c-w img{         width:24px;         margin-right:12px;     }     .c-w p{         font:18px\/25px Poppins;         text-align:center;         color:#fff;         margin:0;     }     @media (max-width:444px){         .c-w a{             padding:4px 12px;         }         .c-w img{             width:24px;             margin-right:8px;         }         .c-w p{             font:14px\/25px Poppins;         }     }     @media (max-width:335px){         .c-w p{             font:13px\/25px Poppins;         }     }  <div class=\"c-w\">     <a href=\"https:\/\/www.whatsapp.com\/channel\/0029Va633PF9WtC4l7XUzh1e\" target=\"_blank\" rel=\"noopener\">         <img decoding=\"async\" src=\"https:\/\/cadenaser.com\/estaticos\/recursosgraficos\/responsive\/img\/ico-whatsapp.svg\" alt=\"Whatsapp\">         <p>\u00danete al <b>canal de WhatsApp<\/b> de la SER<\/p>     <\/a> <\/div><\/p> ","protected":false},"excerpt":{"rendered":"<p>En la sala polivalente de la Biblioteca Central<\/p>\n","protected":false},"author":0,"featured_media":9045,"comment_status":"open","ping_status":"open","sticky":false,"template":"","format":"standard","meta":{"_acf_changed":false,"footnotes":""},"categories":[1],"tags":[],"class_list":["post-9044","post","type-post","status-publish","format-standard","has-post-thumbnail","hentry","category-sin-categoria"],"acf":{"ser_id":"5RSUCM4QFBF5ZNHTITKGQKEOKM","ser_url":"https:\/\/cadenaser.com\/comunitat-valenciana\/2024\/10\/03\/el-club-de-lectura-de-benidorm-vuelve-el-jueves-10-de-octubre-radio-benidorm\/"},"_links":{"self":[{"href":"https:\/\/serbenidorm.daliisolutions.com\/index.php\/wp-json\/wp\/v2\/posts\/9044","targetHints":{"allow":["GET"]}}],"collection":[{"href":"https:\/\/serbenidorm.daliisolutions.com\/index.php\/wp-json\/wp\/v2\/posts"}],"about":[{"href":"https:\/\/serbenidorm.daliisolutions.com\/index.php\/wp-json\/wp\/v2\/types\/post"}],"replies":[{"embeddable":true,"href":"https:\/\/serbenidorm.daliisolutions.com\/index.php\/wp-json\/wp\/v2\/comments?post=9044"}],"version-history":[{"count":0,"href":"https:\/\/serbenidorm.daliisolutions.com\/index.php\/wp-json\/wp\/v2\/posts\/9044\/revisions"}],"wp:featuredmedia":[{"embeddable":true,"href":"https:\/\/serbenidorm.daliisolutions.com\/index.php\/wp-json\/wp\/v2\/media\/9045"}],"wp:attachment":[{"href":"https:\/\/serbenidorm.daliisolutions.com\/index.php\/wp-json\/wp\/v2\/media?parent=9044"}],"wp:term":[{"taxonomy":"category","embeddable":true,"href":"https:\/\/serbenidorm.daliisolutions.com\/index.php\/wp-json\/wp\/v2\/categories?post=9044"},{"taxonomy":"post_tag","embeddable":true,"href":"https:\/\/serbenidorm.daliisolutions.com\/index.php\/wp-json\/wp\/v2\/tags?post=9044"}],"curies":[{"name":"wp","href":"https:\/\/api.w.org\/{rel}","templated":true}]}}