{"id":9046,"date":"2024-10-04T08:57:32","date_gmt":"2024-10-04T06:57:32","guid":{"rendered":"https:\/\/serbenidorm.daliisolutions.com\/index.php\/2024\/10\/04\/el-balonmano-benidorm-quiere-mantener-vivo-el-sueno-a-costa-de-anaitasuna\/"},"modified":"2024-10-04T08:57:32","modified_gmt":"2024-10-04T06:57:32","slug":"el-balonmano-benidorm-quiere-mantener-vivo-el-sueno-a-costa-de-anaitasuna","status":"publish","type":"post","link":"https:\/\/serbenidorm.daliisolutions.com\/index.php\/2024\/10\/04\/el-balonmano-benidorm-quiere-mantener-vivo-el-sueno-a-costa-de-anaitasuna\/","title":{"rendered":"El Balonmano Benidorm quiere mantener vivo el sue\u00f1o a costa de Anaitasuna"},"content":{"rendered":"  <p>Benidorm<\/p>   <p>La <a href=\"https:\/\/cadenaser.com\/tag\/liga_asobal\/a\/\">Liga Asobal<\/a> llega este fin de semana a su cuarta jornada y lo hace con el <a href=\"https:\/\/cadenaser.com\/tag\/club_balonmano_benidorm\/a\/\">Servigroup Balonmano Benidorm<\/a> optando, incluso, a encaramarse al liderato de la clasificaci\u00f3n tras el buen arranque de temporada protagonizado con un balance moment\u00e1neo de dos victorias (<a href=\"https:\/\/cadenaser.com\/comunitat-valenciana\/2024\/09\/15\/el-servigroup-benidorm-vence-y-convence-en-su-debut-liguero-radio-benidorm\/\">ante Guadalajara<\/a> en casa y <a href=\"https:\/\/cadenaser.com\/comunitat-valenciana\/2024\/09\/27\/el-servigroup-balonmano-benidorm-reconquista-el-sargal-diez-anos-despues-radio-benidorm\/\">Cuenca en El Sargal<\/a>) y una derrota (<a href=\"https:\/\/cadenaser.com\/comunitat-valenciana\/2024\/09\/22\/al-balonmano-benidorm-se-le-hizo-largo-el-partido-ante-granollers-radio-benidorm\/\">la sufrida en Granollers<\/a>).<\/p>   <p>Ahora, tras dos semanas actuando lejos del Palau d\u2019Esports, el Servigroup Balonmano Benidorm regresa a su feudo para recibir a un siempre correoso Anaitasuna que en sus diez visitas anteriores suma un balance de cinco victorias, tres empates y s\u00f3lo dos derrotas, lo que demuestra de forma muy evidente el peligro de los navarros.<\/p>  <p><p>M\u00e1s informaci\u00f3n<\/p><figure><img loading=\"lazy\" decoding=\"async\" src=\"https:\/\/cadenaser.com\/resizer\/v2\/MLI35A2MWNE7ZJMR4RTW3ATLCM.JPG?auth=64abb52c76b934d546ba5acdabd485355967935e4ad1905a24074ec5260b07e3&amp;quality=70&amp;width=360&amp;height=202&amp;smart=true\" width=\"820\" height=\"621\" \/><\/figure><ul><li><a href=\"https:\/\/cadenaser.com\/comunitat-valenciana\/2024\/08\/08\/todos-los-partidos-horarios-y-resultados-del-balonmano-servigroup-benidorm-radio-benidorm\/\"><span>Todos los partidos, horarios y resultados del Balonmano Servigroup Benidorm<\/span><\/a><\/li><\/ul><\/p>   <p>El conjunto entrenador por Enrique Dom\u00ednguez viaja hasta el Palau d\u2019Esports tras haber encadenado dos derrotas consecutivas (Guadalajara y Granollers) y tratar\u00e1, por lo tanto, de amargar la fiesta del reencuentro del <a href=\"https:\/\/cadenaser.com\/tag\/club_balonmano_benidorm\/a\/\">Servigroup Balonmano Benidorm<\/a> con su afici\u00f3n para no verse en una situaci\u00f3n complicada.<\/p>   <p>En lo que a los locales se refiere, los problemas siguen llegando desde el mismo lugar del que lo vienen haciendo desde el arranque del presente curso: la enfermer\u00eda. Aunque durante los entrenamientos de esta semana ya se ha podido comprobar que el club est\u00e1 trabajando por dar cierta soluci\u00f3n a la carencia de efectivos que arrastra el Servigroup Balonmano Benidorm, esta cuarta jornada volver\u00e1 a ser de plena exigencia f\u00edsica para los sanos.<\/p>   <p>Y esa es, precisamente, la gran duda que muchos se plantean (<a href=\"https:\/\/cadenaser.com\/comunitat-valenciana\/2024\/10\/02\/la-barra-libre-el-buen-papel-del-servigroup-benidorm-en-cuenca-permite-sonar-radio-benidorm\/\">y que se abord\u00f3 el pasado martes en \u2018La barra libre\u2019<\/a>): \u00bfcu\u00e1nto tiempo podr\u00e1 aguantar el equipo este alt\u00edsimo ritmo?<\/p>   <p>     .c-w{         max-width:444px;         width:100%;         margin:32px auto;      background:#00755E;         border-radius:4px;         display:flex;         align-items:center;         justify-content:center;     }     .c-w a{         display:flex;         align-items:center;         justify-content:center;         padding:4px 24px;     }     .c-w img{         width:24px;         margin-right:12px;     }     .c-w p{         font:18px\/25px Poppins;         text-align:center;         color:#fff;         margin:0;     }     @media (max-width:444px){         .c-w a{             padding:4px 12px;         }         .c-w img{             width:24px;             margin-right:8px;         }         .c-w p{             font:14px\/25px Poppins;         }     }     @media (max-width:335px){         .c-w p{             font:13px\/25px Poppins;         }     }  <div class=\"c-w\">     <a href=\"https:\/\/www.whatsapp.com\/channel\/0029Va633PF9WtC4l7XUzh1e\" target=\"_blank\" rel=\"noopener\">         <img decoding=\"async\" src=\"https:\/\/cadenaser.com\/estaticos\/recursosgraficos\/responsive\/img\/ico-whatsapp.svg\" alt=\"Whatsapp\">         <p>\u00danete al <b>canal de WhatsApp<\/b> de la SER<\/p>     <\/a> <\/div><\/p>   <p>Por el momento, y para que la fiesta sea completa, se conf\u00eda en poder hacerlo una semana m\u00e1s y sumar dos puntos que, en base a los resultados que se produzcan en <a href=\"https:\/\/cadenaser.com\/comunitat-valenciana\/2024\/08\/08\/todos-los-partidos-horarios-y-resultados-del-balonmano-servigroup-benidorm-radio-benidorm\/\">el resto de encuentros de la jornada<\/a>, podr\u00edan colocar al Servigroup Balonmano Benidorm en el liderato.<\/p> ","protected":false},"excerpt":{"rendered":"<p>Los de Sergio Carballeira optan, incluso, al liderato de la Liga Asobal <\/p>\n","protected":false},"author":0,"featured_media":9047,"comment_status":"open","ping_status":"open","sticky":false,"template":"","format":"standard","meta":{"_acf_changed":false,"footnotes":""},"categories":[16],"tags":[],"class_list":["post-9046","post","type-post","status-publish","format-standard","has-post-thumbnail","hentry","category-deportes"],"acf":{"ser_id":"BL43FFFSZ5BEJACQO25HKVRKLE","ser_url":"https:\/\/cadenaser.com\/comunitat-valenciana\/2024\/10\/04\/el-balonmano-benidorm-quiere-mantener-vivo-el-sueno-a-costa-de-anaitasuna-radio-benidorm\/"},"_links":{"self":[{"href":"https:\/\/serbenidorm.daliisolutions.com\/index.php\/wp-json\/wp\/v2\/posts\/9046","targetHints":{"allow":["GET"]}}],"collection":[{"href":"https:\/\/serbenidorm.daliisolutions.com\/index.php\/wp-json\/wp\/v2\/posts"}],"about":[{"href":"https:\/\/serbenidorm.daliisolutions.com\/index.php\/wp-json\/wp\/v2\/types\/post"}],"replies":[{"embeddable":true,"href":"https:\/\/serbenidorm.daliisolutions.com\/index.php\/wp-json\/wp\/v2\/comments?post=9046"}],"version-history":[{"count":0,"href":"https:\/\/serbenidorm.daliisolutions.com\/index.php\/wp-json\/wp\/v2\/posts\/9046\/revisions"}],"wp:featuredmedia":[{"embeddable":true,"href":"https:\/\/serbenidorm.daliisolutions.com\/index.php\/wp-json\/wp\/v2\/media\/9047"}],"wp:attachment":[{"href":"https:\/\/serbenidorm.daliisolutions.com\/index.php\/wp-json\/wp\/v2\/media?parent=9046"}],"wp:term":[{"taxonomy":"category","embeddable":true,"href":"https:\/\/serbenidorm.daliisolutions.com\/index.php\/wp-json\/wp\/v2\/categories?post=9046"},{"taxonomy":"post_tag","embeddable":true,"href":"https:\/\/serbenidorm.daliisolutions.com\/index.php\/wp-json\/wp\/v2\/tags?post=9046"}],"curies":[{"name":"wp","href":"https:\/\/api.w.org\/{rel}","templated":true}]}}