{"id":9048,"date":"2024-10-04T08:57:34","date_gmt":"2024-10-04T06:57:34","guid":{"rendered":"https:\/\/serbenidorm.daliisolutions.com\/index.php\/2024\/10\/04\/la-marina-baixa-suena-a-lo-grande-en-la-superliga-2-de-voley\/"},"modified":"2024-10-04T08:57:34","modified_gmt":"2024-10-04T06:57:34","slug":"la-marina-baixa-suena-a-lo-grande-en-la-superliga-2-de-voley","status":"publish","type":"post","link":"https:\/\/serbenidorm.daliisolutions.com\/index.php\/2024\/10\/04\/la-marina-baixa-suena-a-lo-grande-en-la-superliga-2-de-voley\/","title":{"rendered":"La Marina Baixa sue\u00f1a a lo grande en la Superliga 2 de v\u00f3ley"},"content":{"rendered":"  <p>Benidorm<\/p>   <p>Este fin de semana se da inicio a <a href=\"https:\/\/cadenaser.com\/comunitat-valenciana\/2024\/09\/02\/todos-los-partidos-horarios-y-resultados-del-voleibol-radio-benidorm\/\">una nueva edici\u00f3n de la Superliga 2 de voleibol<\/a> tanto en su variante masculina como femenina y lo hace con los tres equipos de la Marina Baixa habi\u00e9ndose marcado objetivos muy elevados en todos los casos.<\/p>   <p>Para esta jornada inaugural, el \u00fanico equipo que actuar\u00e1 como local ser\u00e1 el <a href=\"https:\/\/cadenaser.com\/tag\/club_voleibol_finestrat\/a\/\">Medsur-Finestrat<\/a>, que recibir\u00e1 al Santa Cruz Cuesta Piedra tinerfe\u00f1o el pr\u00f3ximo domingo (12:30 horas) con la necesidad, en primer lugar, de dejar completamente atr\u00e1s <a href=\"https:\/\/cadenaser.com\/comunitat-valenciana\/2024\/09\/15\/debut-inmaculado-para-el-servigroup-voleibol-benidorm-radio-benidorm\/\">la derrota sufrida en Copa Comunitat ante el Paterna<\/a> y, a trav\u00e9s de ello, confirmar las altas expectativas que la propia entidad finestratense ha reconocido tener para este curso.<\/p>  <p><p>M\u00e1s informaci\u00f3n<\/p><figure><img loading=\"lazy\" decoding=\"async\" src=\"https:\/\/cadenaser.com\/resizer\/v2\/7TPHZLTOPNEVRHBDISODCMNOQU.jpg?auth=5734c3cd152c91a7dbdce0318636f67f00d0b49024eaa0729a8836509cc536cb&amp;quality=70&amp;width=360&amp;height=202&amp;smart=true\" width=\"820\" height=\"621\" \/><\/figure><ul><li><a href=\"https:\/\/cadenaser.com\/comunitat-valenciana\/2024\/09\/02\/todos-los-partidos-horarios-y-resultados-del-voleibol-radio-benidorm\/\"><span>Todos los partidos, horarios y resultados del voleibol<\/span><\/a><\/li><\/ul><\/p>   <p>Cumplidos con creces los objetivos de la primera temporada de regreso a la categor\u00eda de plata del v\u00f3ley nacional, el <a href=\"https:\/\/cadenaser.com\/tag\/club_voleibol_finestrat\/a\/\">Medsur-Finestrat<\/a>se ha reforzado este verano para dar ese siguiente paso de calidad que permita a las de Juanvi Llinares, que regresa al banquillo, asentarse en la zona noble de la competici\u00f3n.<\/p>   <p><b>El C.V. Playas de Benidorm, de viaje<\/b><\/p>   <p>Como ya sucediera el pasado a\u00f1o, los equipos del <a href=\"https:\/\/cadenaser.com\/tag\/club_voleibol_playas_benidorm\/a\/\">Club Voleibol Playas de Benidorm<\/a> jugar\u00e1n sus partidos compartiendo cada jornada condici\u00f3n de visitante o local. Esto supone que, cuando ambos act\u00faen en el pabell\u00f3n Ra\u00fal Mesa, habr\u00e1 una larga e intensa doble sesi\u00f3n de v\u00f3ley; pero que las semanas, como en esta primera jornada, que act\u00faen como visitantes, la ciudad se quedar\u00e1 hu\u00e9rfana del espect\u00e1culo.<\/p>   <p>Los que, por el momento, m\u00e1s expectaci\u00f3n han levantado tras haber alcanzado la gran final de la Copa Comunitat hace apenas una semana y <a href=\"https:\/\/cadenaser.com\/comunitat-valenciana\/2024\/09\/30\/el-voleibol-playas-de-benidorm-ilusiona-pese-a-su-derrota-ante-un-superliga-radio-benidorm\/\">poner en apuros a un Superliga como el Val\u00e8ncia-Conqueridor<\/a> son los chicos del Servigroup Benidorm, que viaja hasta Utrera para v\u00e9rselas con un viejo conocido con el que, adem\u00e1s, hay ganas de revancha ya que los sevillanos fueron los que le arrebataron la segunda plaza final a los de Adriano Lamb en el apretado tramo final de la pasada campa\u00f1a.<\/p>   <p>     .c-w{         max-width:444px;         width:100%;         margin:32px auto;      background:#00755E;         border-radius:4px;         display:flex;         align-items:center;         justify-content:center;     }     .c-w a{         display:flex;         align-items:center;         justify-content:center;         padding:4px 24px;     }     .c-w img{         width:24px;         margin-right:12px;     }     .c-w p{         font:18px\/25px Poppins;         text-align:center;         color:#fff;         margin:0;     }     @media (max-width:444px){         .c-w a{             padding:4px 12px;         }         .c-w img{             width:24px;             margin-right:8px;         }         .c-w p{             font:14px\/25px Poppins;         }     }     @media (max-width:335px){         .c-w p{             font:13px\/25px Poppins;         }     }  <div class=\"c-w\">     <a href=\"https:\/\/www.whatsapp.com\/channel\/0029Va633PF9WtC4l7XUzh1e\" target=\"_blank\" rel=\"noopener\">         <img decoding=\"async\" src=\"https:\/\/cadenaser.com\/estaticos\/recursosgraficos\/responsive\/img\/ico-whatsapp.svg\" alt=\"Whatsapp\">         <p>\u00danete al <b>canal de WhatsApp<\/b> de la SER<\/p>     <\/a> <\/div><\/p>   <p>Por su parte, las chicas del <a href=\"https:\/\/cadenaser.com\/tag\/club_voleibol_playas_benidorm\/a\/\">Servigroup Benidorm femenino<\/a> afrontan un largo desplazamiento hasta Las Palmas para v\u00e9rselas con el Hidramar Gran Canaria en un partido en el que el triunfo no s\u00f3lo ser\u00e1 importante para empezar a sumar puntos de cara a ese objetivo de volver a estar en la fase de ascenso; sino tambi\u00e9n para <a href=\"https:\/\/cadenaser.com\/comunitat-valenciana\/2024\/09\/22\/los-chicos-del-voleibol-playas-de-benidorm-disputaran-la-final-de-la-copa-comunitat-radio-benidorm\/\">olvidar el mal sabor de boca que dej\u00f3, hace ya dos semanas, la eliminaci\u00f3n de la Copa Comunitat<\/a>.<\/p> ","protected":false},"excerpt":{"rendered":"<p>Los dos equipos del Club Voleibol Playas de Benidorm aspiran al ascenso | El Medsur-Finestrat quiere instalarse en la zona alta<\/p>\n","protected":false},"author":0,"featured_media":9049,"comment_status":"open","ping_status":"open","sticky":false,"template":"","format":"standard","meta":{"_acf_changed":false,"footnotes":""},"categories":[16],"tags":[],"class_list":["post-9048","post","type-post","status-publish","format-standard","has-post-thumbnail","hentry","category-deportes"],"acf":{"ser_id":"ZJFVB6H4YBHDHHPUSTNQSC6KHE","ser_url":"https:\/\/cadenaser.com\/comunitat-valenciana\/2024\/10\/04\/la-marina-baixa-suena-a-lo-grande-en-la-superliga-2-de-voley-radio-benidorm\/"},"_links":{"self":[{"href":"https:\/\/serbenidorm.daliisolutions.com\/index.php\/wp-json\/wp\/v2\/posts\/9048","targetHints":{"allow":["GET"]}}],"collection":[{"href":"https:\/\/serbenidorm.daliisolutions.com\/index.php\/wp-json\/wp\/v2\/posts"}],"about":[{"href":"https:\/\/serbenidorm.daliisolutions.com\/index.php\/wp-json\/wp\/v2\/types\/post"}],"replies":[{"embeddable":true,"href":"https:\/\/serbenidorm.daliisolutions.com\/index.php\/wp-json\/wp\/v2\/comments?post=9048"}],"version-history":[{"count":0,"href":"https:\/\/serbenidorm.daliisolutions.com\/index.php\/wp-json\/wp\/v2\/posts\/9048\/revisions"}],"wp:featuredmedia":[{"embeddable":true,"href":"https:\/\/serbenidorm.daliisolutions.com\/index.php\/wp-json\/wp\/v2\/media\/9049"}],"wp:attachment":[{"href":"https:\/\/serbenidorm.daliisolutions.com\/index.php\/wp-json\/wp\/v2\/media?parent=9048"}],"wp:term":[{"taxonomy":"category","embeddable":true,"href":"https:\/\/serbenidorm.daliisolutions.com\/index.php\/wp-json\/wp\/v2\/categories?post=9048"},{"taxonomy":"post_tag","embeddable":true,"href":"https:\/\/serbenidorm.daliisolutions.com\/index.php\/wp-json\/wp\/v2\/tags?post=9048"}],"curies":[{"name":"wp","href":"https:\/\/api.w.org\/{rel}","templated":true}]}}