{"id":9050,"date":"2024-10-04T08:57:35","date_gmt":"2024-10-04T06:57:35","guid":{"rendered":"https:\/\/serbenidorm.daliisolutions.com\/index.php\/2024\/10\/04\/felipe-orts-lidera-a-espana-en-el-mundial-de-gravel\/"},"modified":"2024-10-04T08:57:35","modified_gmt":"2024-10-04T06:57:35","slug":"felipe-orts-lidera-a-espana-en-el-mundial-de-gravel","status":"publish","type":"post","link":"https:\/\/serbenidorm.daliisolutions.com\/index.php\/2024\/10\/04\/felipe-orts-lidera-a-espana-en-el-mundial-de-gravel\/","title":{"rendered":"Felipe Orts lidera a Espa\u00f1a en el Mundial de gravel"},"content":{"rendered":"  <p>Benidorm<\/p>   <p>Mientras que este mismo fin de semana arranca el calendario nacional de su especialidad fetiche, el ciclocross, con la primera manga de la Copa de Espa\u00f1a a celebrar en Gij\u00f3n, el mejor especialista espa\u00f1ol de todos los tiempos y la gran referencia actual, <a href=\"https:\/\/cadenaser.com\/comunitat-valenciana\/2024\/10\/01\/felipe-orts-comienza-una-nueva-aventura-con-el-ridley-racing-team-radio-benidorm\/\">Felipe Orts, disputar\u00e1 en B\u00e9lgica el Campeonato del Mundo de gravel<\/a> ejerciendo como jefe de filas del combinado espa\u00f1ol.<\/p>   <p>Ausente <a href=\"https:\/\/cadenaser.com\/comunitat-valenciana\/2024\/10\/02\/alejandro-valverde-me-hace-especial-ilusion-correr-con-bugno-y-chiappucci-en-la-nucia-radio-benidorm\/\">Alejandro Valverde (cuarto el pasado a\u00f1o) ya que, como reconoci\u00f3 a Radio Benidorm-SER, el recorrido completamente llano no se adapta a sus caracter\u00edsticas<\/a>, Orts ser\u00e1 el gra referente de Espa\u00f1a, que tambi\u00e9n ha desplazado hasta B\u00e9lgica a Juan Ignacio P\u00e9rez, ganador de la I edici\u00f3n de la Copa de Espa\u00f1a de Gravel; Axel Bad\u00eda, Andr\u00e9s Taboada y Enrique Morcillo.<\/p>  <p><p>M\u00e1s informaci\u00f3n<\/p><figure><img loading=\"lazy\" decoding=\"async\" src=\"https:\/\/cadenaser.com\/resizer\/v2\/RJW2QPKCBNDHDI3FBTF6FB3WYM.JPG?auth=d8c9537fdafa988506d8388e444470fedb4662f402ed5c88d644e4509d33c97e&amp;quality=70&amp;width=360&amp;height=202&amp;smart=true\" width=\"820\" height=\"621\" \/><\/figure><ul><li><a href=\"https:\/\/cadenaser.com\/comunitat-valenciana\/2024\/10\/01\/felipe-orts-comienza-una-nueva-aventura-con-el-ridley-racing-team-radio-benidorm\/\"><span>Felipe Orts comienza una nueva aventura con el Ridley Racing Team<\/span><\/a><\/li><\/ul><\/p>   <p>En esta ocasi\u00f3n, no habr\u00e1 competidoras femeninas que defiendan el maillot del equipo nacional debido a que ninguna de las ciclistas que han conseguido la clasificaci\u00f3n ha solicitado la autorizaci\u00f3n para participar.<\/p>   <p>El Campeonato del Mundo de gravel vivir\u00e1 este fin de semana la tercera edici\u00f3n de su historia entre las localidades belgas de Halle, que acoger\u00e1 la salida de todas las pruebas, y Lovaina, donde estar\u00e1 instalada la l\u00ednea de meta.<\/p>   <p>El recorrido de este Mundial atravesar\u00e1 los bosques de Brabante, de oeste a este, para ofrecer carreras que se prev\u00e9n rapid\u00edsimas, pues se trata de un terreno sin grandes desniveles y favorable a aquellos corredores m\u00e1s potentes y que destacan por su capacidad rodadora.<\/p>   <p>     .c-w{         max-width:444px;         width:100%;         margin:32px auto;      background:#00755E;         border-radius:4px;         display:flex;         align-items:center;         justify-content:center;     }     .c-w a{         display:flex;         align-items:center;         justify-content:center;         padding:4px 24px;     }     .c-w img{         width:24px;         margin-right:12px;     }     .c-w p{         font:18px\/25px Poppins;         text-align:center;         color:#fff;         margin:0;     }     @media (max-width:444px){         .c-w a{             padding:4px 12px;         }         .c-w img{             width:24px;             margin-right:8px;         }         .c-w p{             font:14px\/25px Poppins;         }     }     @media (max-width:335px){         .c-w p{             font:13px\/25px Poppins;         }     }  <div class=\"c-w\">     <a href=\"https:\/\/www.whatsapp.com\/channel\/0029Va633PF9WtC4l7XUzh1e\" target=\"_blank\" rel=\"noopener\">         <img decoding=\"async\" src=\"https:\/\/cadenaser.com\/estaticos\/recursosgraficos\/responsive\/img\/ico-whatsapp.svg\" alt=\"Whatsapp\">         <p>\u00danete al <b>canal de WhatsApp<\/b> de la SER<\/p>     <\/a> <\/div><\/p>   <p>En total, en la carrera \u00e9lite masculina efectuar\u00e1n 181 kil\u00f3metros con apenas 1.300 metros de desnivel, mientras que en la \u00e9lite femenina tendr\u00e1n que completar 134 km y salvar unos 1.000 metros de desnivel.<\/p> ","protected":false},"excerpt":{"rendered":"<p>El de La Vila Joiosa ser\u00e1 el jefe de filas del equipo que defender\u00e1 los intereses patrios en B\u00e9lgica<\/p>\n","protected":false},"author":0,"featured_media":9051,"comment_status":"open","ping_status":"open","sticky":false,"template":"","format":"standard","meta":{"_acf_changed":false,"footnotes":""},"categories":[16],"tags":[],"class_list":["post-9050","post","type-post","status-publish","format-standard","has-post-thumbnail","hentry","category-deportes"],"acf":{"ser_id":"T6TPGXSLRRFMFHAZXW4OTZDGPU","ser_url":"https:\/\/cadenaser.com\/comunitat-valenciana\/2024\/10\/04\/felipe-orts-lidera-a-espana-en-el-mundial-de-gravel-radio-benidorm\/"},"_links":{"self":[{"href":"https:\/\/serbenidorm.daliisolutions.com\/index.php\/wp-json\/wp\/v2\/posts\/9050","targetHints":{"allow":["GET"]}}],"collection":[{"href":"https:\/\/serbenidorm.daliisolutions.com\/index.php\/wp-json\/wp\/v2\/posts"}],"about":[{"href":"https:\/\/serbenidorm.daliisolutions.com\/index.php\/wp-json\/wp\/v2\/types\/post"}],"replies":[{"embeddable":true,"href":"https:\/\/serbenidorm.daliisolutions.com\/index.php\/wp-json\/wp\/v2\/comments?post=9050"}],"version-history":[{"count":0,"href":"https:\/\/serbenidorm.daliisolutions.com\/index.php\/wp-json\/wp\/v2\/posts\/9050\/revisions"}],"wp:featuredmedia":[{"embeddable":true,"href":"https:\/\/serbenidorm.daliisolutions.com\/index.php\/wp-json\/wp\/v2\/media\/9051"}],"wp:attachment":[{"href":"https:\/\/serbenidorm.daliisolutions.com\/index.php\/wp-json\/wp\/v2\/media?parent=9050"}],"wp:term":[{"taxonomy":"category","embeddable":true,"href":"https:\/\/serbenidorm.daliisolutions.com\/index.php\/wp-json\/wp\/v2\/categories?post=9050"},{"taxonomy":"post_tag","embeddable":true,"href":"https:\/\/serbenidorm.daliisolutions.com\/index.php\/wp-json\/wp\/v2\/tags?post=9050"}],"curies":[{"name":"wp","href":"https:\/\/api.w.org\/{rel}","templated":true}]}}