{"id":9052,"date":"2024-10-04T08:57:35","date_gmt":"2024-10-04T06:57:35","guid":{"rendered":"https:\/\/serbenidorm.daliisolutions.com\/index.php\/2024\/10\/04\/el-huesitos-la-vila-busca-asentarse-de-nuevo-en-la-elite-del-rugby\/"},"modified":"2024-10-04T08:57:35","modified_gmt":"2024-10-04T06:57:35","slug":"el-huesitos-la-vila-busca-asentarse-de-nuevo-en-la-elite-del-rugby","status":"publish","type":"post","link":"https:\/\/serbenidorm.daliisolutions.com\/index.php\/2024\/10\/04\/el-huesitos-la-vila-busca-asentarse-de-nuevo-en-la-elite-del-rugby\/","title":{"rendered":"El Huesitos-La Vila busca asentarse de nuevo en la \u00e9lite del rugby"},"content":{"rendered":"  <p>Benidorm<\/p>   <p>Tras una temporada realmente m\u00e1gica, el <a href=\"https:\/\/cadenaser.com\/tag\/club_rugby_la_vila\/a\/\">Huesitos-La Vila<\/a>certific\u00f3 el pasado a\u00f1o su regreso a la Divisi\u00f3n de Honor del rugby, la m\u00e1xima categor\u00eda nacional de la que una vez, en el ya lejano a\u00f1o 2011, fue campe\u00f3n y otra, un a\u00f1o antes, subcampe\u00f3n. Ahora, y <a href=\"https:\/\/cadenaser.com\/comunitat-valenciana\/2024\/05\/12\/victoria-y-ascenso-para-el-huesitos-la-vila-radio-benidorm\/\">despu\u00e9s de aquella intensa final ante el Industriales Las Rozas en el campo de los madrile\u00f1os<\/a>, el XV chocolatero sabe que su sitio, al menos en teor\u00eda, no ser\u00e1 entre la nobleza de la categor\u00eda y que el primer objetivo debe de ser asentarse entre los mejores para, posteriormente, poder hacer crecer el proyecto y reverdecer viejos laureles.<\/p>  <p><p>M\u00e1s informaci\u00f3n<\/p><figure><img loading=\"lazy\" decoding=\"async\" src=\"https:\/\/cadenaser.com\/resizer\/v2\/K2TLR6LPZJHGVFSEH57UKDMWZE.JPG?auth=cff353fd69517f0a8dfb5642dced5060c31da13127bddc6ac7b37d3b92895c8e&amp;quality=70&amp;width=360&amp;height=202&amp;smart=true\" width=\"820\" height=\"621\" \/><\/figure><ul><li><a href=\"https:\/\/cadenaser.com\/comunitat-valenciana\/2024\/08\/06\/todos-los-partidos-horarios-y-resultados-del-huesitos-la-vila-radio-benidorm\/\"><span>Todos los partidos, horarios y resultados del Huesitos-La Vila<\/span><\/a><\/li><\/ul><\/p>   <p>Por el momento, el <a href=\"https:\/\/cadenaser.com\/tag\/club_rugby_la_vila\/a\/\">Huesitos-La Vila<\/a> s\u00f3lo ha disputado un partido de pretemporada que se sald\u00f3 con victoria, aunque lo de menos a estas alturas son los resultados de los amistosos y, como ha explicado el entrenador de los de El Pantano, Hern\u00e1n \u2018Falu\u2019 Quirelli, en <a href=\"https:\/\/cadenaser.com\/radio-benidorm\/ser-deportivos-benidorm\/\">SER Deportivos Marina Baixa<\/a>, su empe\u00f1o sigue enfocado en pulir el juego de los suyos y alcanzar esa velocidad de crucero que, avisa, todav\u00eda tardar\u00e1 algunas semanas en llegar.<\/p>   <p>Su concurso en la Divisi\u00f3n de Honor arrancar\u00e1 este domingo <a href=\"https:\/\/cadenaser.com\/comunitat-valenciana\/2024\/08\/06\/todos-los-partidos-horarios-y-resultados-del-huesitos-la-vila-radio-benidorm\/\">visitando a la Uni\u00f3 Esportiva Santboiana y seguir\u00e1 despu\u00e9s con dos jornadas consecutivas en El Pantano<\/a>. Tanto \u2018Falu\u2019 Quirelli como Nacho Caini, que tambi\u00e9n ha visitado este jueves los estudios de Radio Benidorm-SER, han coincidido en se\u00f1alar la dificultad de hacer frente a los catalanes y la importancia que, para su principal objetivo, tendr\u00e1n los choques posteriores en casa.<\/p> ","protected":false},"excerpt":{"rendered":"<p>Hern\u00e1n \u2018Falu\u2019 Quirelli y Nacho Caini cuentan en SER Deportivos sus sensaciones antes del arranque del campeonato<\/p>\n","protected":false},"author":0,"featured_media":9053,"comment_status":"open","ping_status":"open","sticky":false,"template":"","format":"standard","meta":{"_acf_changed":false,"footnotes":""},"categories":[16],"tags":[],"class_list":["post-9052","post","type-post","status-publish","format-standard","has-post-thumbnail","hentry","category-deportes"],"acf":{"ser_id":"BQ566AZIDFA4ZMJIKPHZYP7H3A","ser_url":"https:\/\/cadenaser.com\/comunitat-valenciana\/2024\/10\/03\/el-huesitos-la-vila-busca-asentarse-de-nuevo-en-la-elite-del-rugby-radio-benidorm\/"},"_links":{"self":[{"href":"https:\/\/serbenidorm.daliisolutions.com\/index.php\/wp-json\/wp\/v2\/posts\/9052","targetHints":{"allow":["GET"]}}],"collection":[{"href":"https:\/\/serbenidorm.daliisolutions.com\/index.php\/wp-json\/wp\/v2\/posts"}],"about":[{"href":"https:\/\/serbenidorm.daliisolutions.com\/index.php\/wp-json\/wp\/v2\/types\/post"}],"replies":[{"embeddable":true,"href":"https:\/\/serbenidorm.daliisolutions.com\/index.php\/wp-json\/wp\/v2\/comments?post=9052"}],"version-history":[{"count":0,"href":"https:\/\/serbenidorm.daliisolutions.com\/index.php\/wp-json\/wp\/v2\/posts\/9052\/revisions"}],"wp:featuredmedia":[{"embeddable":true,"href":"https:\/\/serbenidorm.daliisolutions.com\/index.php\/wp-json\/wp\/v2\/media\/9053"}],"wp:attachment":[{"href":"https:\/\/serbenidorm.daliisolutions.com\/index.php\/wp-json\/wp\/v2\/media?parent=9052"}],"wp:term":[{"taxonomy":"category","embeddable":true,"href":"https:\/\/serbenidorm.daliisolutions.com\/index.php\/wp-json\/wp\/v2\/categories?post=9052"},{"taxonomy":"post_tag","embeddable":true,"href":"https:\/\/serbenidorm.daliisolutions.com\/index.php\/wp-json\/wp\/v2\/tags?post=9052"}],"curies":[{"name":"wp","href":"https:\/\/api.w.org\/{rel}","templated":true}]}}