{"id":9123,"date":"2024-10-07T07:28:52","date_gmt":"2024-10-07T05:28:52","guid":{"rendered":"https:\/\/serbenidorm.daliisolutions.com\/index.php\/2024\/10\/07\/buen-arranque-liguero-para-el-club-voleibol-playas-de-benidorm\/"},"modified":"2024-10-07T07:28:52","modified_gmt":"2024-10-07T05:28:52","slug":"buen-arranque-liguero-para-el-club-voleibol-playas-de-benidorm","status":"publish","type":"post","link":"https:\/\/serbenidorm.daliisolutions.com\/index.php\/2024\/10\/07\/buen-arranque-liguero-para-el-club-voleibol-playas-de-benidorm\/","title":{"rendered":"Buen arranque liguero para el Club Voleibol Playas de Benidorm"},"content":{"rendered":"  <p>Benidorm<\/p>   <p>Los dos equipos del <a href=\"https:\/\/cadenaser.com\/tag\/club_voleibol_playas_benidorm\/a\/\">Club Voleibol Playas de Benidorm<\/a> han comenzado con victoria su concurso en la actual edici\u00f3n de la Superliga 2 tanto masculina como femenina, una competici\u00f3n en la que el Medsur-Finestrat debutaba ejerciendo como local, pero que no pudo hacer valer esa condici\u00f3n para superar al Santa Cruz Cuesta Piedra, el gran favorito para el ascenso esta temporada.<\/p>   <p>Los que m\u00e1s premio han sacado de esta primera jornada de competici\u00f3n son, sin duda, los chicos del <a href=\"https:\/\/cadenaser.com\/tag\/club_voleibol_playas_benidorm\/a\/\">Servigroup Benidorm masculino<\/a>, que viajaban tierras sevillanas para v\u00e9rselas con el Utrera, el equipo que en la recta final de la pasada campa\u00f1a les dej\u00f3 fuera de las dos plazas que dan acceso a la fase de ascenso.<\/p>  <p><p>M\u00e1s informaci\u00f3n<\/p><figure><img loading=\"lazy\" decoding=\"async\" src=\"https:\/\/cadenaser.com\/resizer\/v2\/UCS4DR5KVZBQLGYL22CUXCVGZI.jpg?auth=3195863daa29503b35db0135ab7bd41d150a49fe5444edb776449894fe71b95b&amp;quality=70&amp;width=360&amp;height=202&amp;smart=true\" width=\"820\" height=\"621\" \/><\/figure><ul><li><a href=\"https:\/\/cadenaser.com\/comunitat-valenciana\/2024\/09\/02\/todos-los-partidos-horarios-y-resultados-del-voleibol-radio-benidorm\/\"><span>Todos los partidos, horarios y resultados del voleibol<\/span><\/a><\/li><\/ul><\/p>   <p>Se trataba, por lo tanto, de un rival de alto voltaje para los de Adriano Lamb y un perfecto term\u00f3metro para evaluar si las buenas sensaciones dadas en los partidos de pretemporada se confirmaban en la categor\u00eda de plata del v\u00f3ley nacional.<\/p>   <p>Finalmente, esas sensaciones se confirmaron por completo gracias al triunfo por 1-3 (25-15\/13-25\/20-25\/23-25) que otorga a los benidormenses tres puntos de oro para <a href=\"https:\/\/cadenaser.com\/comunitat-valenciana\/2024\/09\/02\/todos-los-partidos-horarios-y-resultados-del-voleibol-radio-benidorm\/\">afrontar su primer partido en el pabell\u00f3n Ra\u00fal Mesa (s\u00e1bado, 17:00 horas) ante Legan\u00e9s<\/a>como uno de los integrantes del todav\u00eda numeroso grupo de equipos que lideran la clasificaci\u00f3n.<\/p>   <p><b>Dos puntos de oro<\/b><\/p>   <p>Tambi\u00e9n con triunfo solvent\u00f3 su primer choque liguero el <a href=\"https:\/\/cadenaser.com\/tag\/club_voleibol_playas_benidorm\/a\/\">Servigroup Benidorm femenino<\/a>. En su caso, las de Noelia Santacreu (que se estrenaba en el cargo en Superliga 2) viajaban hasta la cancha del Hidramar Gran Canaria, un equipo que, por lo visto en la pasada temporada, no deber\u00eda de ser rival para las benidormenses.<\/p>   <p>     .c-w{         max-width:444px;         width:100%;         margin:32px auto;      background:#00755E;         border-radius:4px;         display:flex;         align-items:center;         justify-content:center;     }     .c-w a{         display:flex;         align-items:center;         justify-content:center;         padding:4px 24px;     }     .c-w img{         width:24px;         margin-right:12px;     }     .c-w p{         font:18px\/25px Poppins;         text-align:center;         color:#fff;         margin:0;     }     @media (max-width:444px){         .c-w a{             padding:4px 12px;         }         .c-w img{             width:24px;             margin-right:8px;         }         .c-w p{             font:14px\/25px Poppins;         }     }     @media (max-width:335px){         .c-w p{             font:13px\/25px Poppins;         }     }  <div class=\"c-w\">     <a href=\"https:\/\/www.whatsapp.com\/channel\/0029Va633PF9WtC4l7XUzh1e\" target=\"_blank\" rel=\"noopener\">         <img decoding=\"async\" src=\"https:\/\/cadenaser.com\/estaticos\/recursosgraficos\/responsive\/img\/ico-whatsapp.svg\" alt=\"Whatsapp\">         <p>\u00danete al <b>canal de WhatsApp<\/b> de la SER<\/p>     <\/a> <\/div><\/p>   <p>Las chicas de Benidorm acabaron llev\u00e1ndose la victoria por un ajustado 2-3 (25-20\/25-22\/22-25\/16-25\/12-15), lo que les hace sumar dos puntos de oro de cara al <a href=\"https:\/\/cadenaser.com\/comunitat-valenciana\/2024\/09\/02\/todos-los-partidos-horarios-y-resultados-del-voleibol-radio-benidorm\/\">pr\u00f3ximo choque, ya en casa, ante Mairena<\/a> (s\u00e1bado, 19:30 horas).<\/p>   <p>En el lado contrario de la moneda se ha situado esta jornada el <a href=\"https:\/\/cadenaser.com\/tag\/club_voleibol_finestrat\/a\/\">Medsur-Finestrat<\/a>de Juanvi Llinares. A las finestratenses les tocaba inaugurar el a\u00f1o ante el rival m\u00e1s complicado de todos, el Cuesta Piedra de Tenerife, un conjunto se\u00f1alado por todos como el gran favorito a conseguir el ascenso a la m\u00e1xima categor\u00eda de la que descendi\u00f3 el pasado a\u00f1o.<\/p>   <p>Las tinerfe\u00f1as hicieron valer esa condici\u00f3n de favoritas y se llevaron la victoria por un claro 0-3 (15-25\/19-25\/13-25) que deja a las finestratenses en la \u00faltima posici\u00f3n de la tabla <a href=\"https:\/\/cadenaser.com\/comunitat-valenciana\/2024\/09\/02\/todos-los-partidos-horarios-y-resultados-del-voleibol-radio-benidorm\/\">antes de viajar en la segunda jornada (s\u00e1bado, 20:00 horas) a la cancha del Almer\u00eda<\/a>, que tambi\u00e9n cerr\u00f3 la primera jornada con derrota por 3-1 ante el Mairena.<\/p> ","protected":false},"excerpt":{"rendered":"<p>El Medsur-Finestrat cay\u00f3 en su debut como local ante el gran favorito para el ascenso<\/p>\n","protected":false},"author":0,"featured_media":9124,"comment_status":"open","ping_status":"open","sticky":false,"template":"","format":"standard","meta":{"_acf_changed":false,"footnotes":""},"categories":[16],"tags":[],"class_list":["post-9123","post","type-post","status-publish","format-standard","has-post-thumbnail","hentry","category-deportes"],"acf":{"ser_id":"IEMYCMIRTVFB5BNICXPC62I7J4","ser_url":"https:\/\/cadenaser.com\/comunitat-valenciana\/2024\/10\/06\/buen-arranque-liguero-para-el-club-voleibol-playas-de-benidorm-radio-benidorm\/"},"_links":{"self":[{"href":"https:\/\/serbenidorm.daliisolutions.com\/index.php\/wp-json\/wp\/v2\/posts\/9123","targetHints":{"allow":["GET"]}}],"collection":[{"href":"https:\/\/serbenidorm.daliisolutions.com\/index.php\/wp-json\/wp\/v2\/posts"}],"about":[{"href":"https:\/\/serbenidorm.daliisolutions.com\/index.php\/wp-json\/wp\/v2\/types\/post"}],"replies":[{"embeddable":true,"href":"https:\/\/serbenidorm.daliisolutions.com\/index.php\/wp-json\/wp\/v2\/comments?post=9123"}],"version-history":[{"count":0,"href":"https:\/\/serbenidorm.daliisolutions.com\/index.php\/wp-json\/wp\/v2\/posts\/9123\/revisions"}],"wp:featuredmedia":[{"embeddable":true,"href":"https:\/\/serbenidorm.daliisolutions.com\/index.php\/wp-json\/wp\/v2\/media\/9124"}],"wp:attachment":[{"href":"https:\/\/serbenidorm.daliisolutions.com\/index.php\/wp-json\/wp\/v2\/media?parent=9123"}],"wp:term":[{"taxonomy":"category","embeddable":true,"href":"https:\/\/serbenidorm.daliisolutions.com\/index.php\/wp-json\/wp\/v2\/categories?post=9123"},{"taxonomy":"post_tag","embeddable":true,"href":"https:\/\/serbenidorm.daliisolutions.com\/index.php\/wp-json\/wp\/v2\/tags?post=9123"}],"curies":[{"name":"wp","href":"https:\/\/api.w.org\/{rel}","templated":true}]}}