{"id":9125,"date":"2024-10-07T07:28:53","date_gmt":"2024-10-07T05:28:53","guid":{"rendered":"https:\/\/serbenidorm.daliisolutions.com\/index.php\/2024\/10\/07\/derrota-con-muchas-lecturas-del-huesitos-la-vila\/"},"modified":"2024-10-07T07:28:53","modified_gmt":"2024-10-07T05:28:53","slug":"derrota-con-muchas-lecturas-del-huesitos-la-vila","status":"publish","type":"post","link":"https:\/\/serbenidorm.daliisolutions.com\/index.php\/2024\/10\/07\/derrota-con-muchas-lecturas-del-huesitos-la-vila\/","title":{"rendered":"Derrota con muchas lecturas del Huesitos-La Vila"},"content":{"rendered":"  <p>Benidorm<\/p>   <p>Cuando un tipo tan inconformista como <a href=\"https:\/\/cadenaser.com\/comunitat-valenciana\/2024\/10\/03\/el-huesitos-la-vila-busca-asentarse-de-nuevo-en-la-elite-del-rugby-radio-benidorm\/\">Hern\u00e1n \u2018Falu\u2019 Quirelli<\/a> hablar de \u201csabor agridulce\u201d tras terminar con derrota el primer partido del <a href=\"https:\/\/cadenaser.com\/tag\/club_rugby_la_vila\/a\/\">Huesitos-La Vila<\/a> tras su regreso a la Divisi\u00f3n de Honor del rugby nacional, queda claro que, pese al resultado, el preparador argentino ha salido satisfecho por lo visto sobre el campo.<\/p>   <p>Antes de viajar a Sant Boi, el Huesitos-La Vila sab\u00eda que el calendario les hab\u00eda puesto una gran primera piedra de toque en el camino en forma del campe\u00f3n de liga de hace dos temporadas y cuartofinalista el pasado a\u00f1o.<\/p>  <p><p>M\u00e1s informaci\u00f3n<\/p><figure><img loading=\"lazy\" decoding=\"async\" src=\"https:\/\/cadenaser.com\/resizer\/v2\/PIMF23ZBHZED3JSQGBJEDNTXH4.jpg?auth=56d684b17ed2c726d930dd90c163ff7f486937231f89cb61aaf96d7f732e76bb&amp;quality=70&amp;width=360&amp;height=202&amp;smart=true\" width=\"820\" height=\"621\" \/><\/figure><ul><li><a href=\"https:\/\/cadenaser.com\/comunitat-valenciana\/2024\/08\/06\/todos-los-partidos-horarios-y-resultados-del-huesitos-la-vila-radio-benidorm\/\"><span>Todos los partidos, horarios y resultados del Huesitos-La Vila<\/span><\/a><\/li><\/ul><\/p>   <p>Por todo ello, el ajustad\u00edsimo 24-21 con el que termin\u00f3 el partido a favor de los catalanes, pese a que no deja de ser una derrota, ha supuesto un buen \u2018chute\u2019 de \u00e1nimo para los vileros, que han podido comprobar que, incluso con el poco rodaje que llevan hecho (un solo partido de pretemporada), han sabido plantarle cara a uno de los \u2018grandes\u2019.<\/p>   <p>\u2018Falu\u2019 reconoc\u00eda estar \u201cmuy contento con la actitud\u201d de los suyos y que, visto lo visto sobre el campo, al <a href=\"https:\/\/cadenaser.com\/tag\/club_rugby_la_vila\/a\/\">Huesitos-La Vila<\/a> le hab\u00eda \u201cfaltado muy poquito\u201d para poder dar la que hubiese sido la gran sorpresa de la semana.<\/p>   <p>Ahora, el XV chocolatero afronta dos jornadas consecutivas en su estadio de El Pantano. La primera de ellas llegar\u00e1 <a href=\"https:\/\/cadenaser.com\/comunitat-valenciana\/2024\/08\/06\/todos-los-partidos-horarios-y-resultados-del-huesitos-la-vila-radio-benidorm\/\">la pr\u00f3xima semana (domingo, 12:30 horas) ante el Alcobendas<\/a>, que se impuso con claridad este domingo ante el Bar\u00e7a.<\/p>   <p>     .c-w{         max-width:444px;         width:100%;         margin:32px auto;      background:#00755E;         border-radius:4px;         display:flex;         align-items:center;         justify-content:center;     }     .c-w a{         display:flex;         align-items:center;         justify-content:center;         padding:4px 24px;     }     .c-w img{         width:24px;         margin-right:12px;     }     .c-w p{         font:18px\/25px Poppins;         text-align:center;         color:#fff;         margin:0;     }     @media (max-width:444px){         .c-w a{             padding:4px 12px;         }         .c-w img{             width:24px;             margin-right:8px;         }         .c-w p{             font:14px\/25px Poppins;         }     }     @media (max-width:335px){         .c-w p{             font:13px\/25px Poppins;         }     }  <div class=\"c-w\">     <a href=\"https:\/\/www.whatsapp.com\/channel\/0029Va633PF9WtC4l7XUzh1e\" target=\"_blank\" rel=\"noopener\">         <img decoding=\"async\" src=\"https:\/\/cadenaser.com\/estaticos\/recursosgraficos\/responsive\/img\/ico-whatsapp.svg\" alt=\"Whatsapp\">         <p>\u00danete al <b>canal de WhatsApp<\/b> de la SER<\/p>     <\/a> <\/div><\/p> ","protected":false},"excerpt":{"rendered":"<p>El XV chocolatero pudo poner en aprietos al campe\u00f3n de liga de hace dos temporadas<\/p>\n","protected":false},"author":0,"featured_media":9126,"comment_status":"open","ping_status":"open","sticky":false,"template":"","format":"standard","meta":{"_acf_changed":false,"footnotes":""},"categories":[16],"tags":[],"class_list":["post-9125","post","type-post","status-publish","format-standard","has-post-thumbnail","hentry","category-deportes"],"acf":{"ser_id":"ARHGVQ76DZGDVBT53S242DGLHQ","ser_url":"https:\/\/cadenaser.com\/comunitat-valenciana\/2024\/10\/06\/derrota-con-muchas-lecturas-del-huesitos-la-vila-radio-benidorm\/"},"_links":{"self":[{"href":"https:\/\/serbenidorm.daliisolutions.com\/index.php\/wp-json\/wp\/v2\/posts\/9125","targetHints":{"allow":["GET"]}}],"collection":[{"href":"https:\/\/serbenidorm.daliisolutions.com\/index.php\/wp-json\/wp\/v2\/posts"}],"about":[{"href":"https:\/\/serbenidorm.daliisolutions.com\/index.php\/wp-json\/wp\/v2\/types\/post"}],"replies":[{"embeddable":true,"href":"https:\/\/serbenidorm.daliisolutions.com\/index.php\/wp-json\/wp\/v2\/comments?post=9125"}],"version-history":[{"count":0,"href":"https:\/\/serbenidorm.daliisolutions.com\/index.php\/wp-json\/wp\/v2\/posts\/9125\/revisions"}],"wp:featuredmedia":[{"embeddable":true,"href":"https:\/\/serbenidorm.daliisolutions.com\/index.php\/wp-json\/wp\/v2\/media\/9126"}],"wp:attachment":[{"href":"https:\/\/serbenidorm.daliisolutions.com\/index.php\/wp-json\/wp\/v2\/media?parent=9125"}],"wp:term":[{"taxonomy":"category","embeddable":true,"href":"https:\/\/serbenidorm.daliisolutions.com\/index.php\/wp-json\/wp\/v2\/categories?post=9125"},{"taxonomy":"post_tag","embeddable":true,"href":"https:\/\/serbenidorm.daliisolutions.com\/index.php\/wp-json\/wp\/v2\/tags?post=9125"}],"curies":[{"name":"wp","href":"https:\/\/api.w.org\/{rel}","templated":true}]}}