{"id":9127,"date":"2024-10-07T07:28:55","date_gmt":"2024-10-07T05:28:55","guid":{"rendered":"https:\/\/serbenidorm.daliisolutions.com\/index.php\/2024\/10\/07\/senales-preocupantes-para-el-c-f-benidorm-y-el-c-f-la-nucia\/"},"modified":"2024-10-07T07:28:55","modified_gmt":"2024-10-07T05:28:55","slug":"senales-preocupantes-para-el-c-f-benidorm-y-el-c-f-la-nucia","status":"publish","type":"post","link":"https:\/\/serbenidorm.daliisolutions.com\/index.php\/2024\/10\/07\/senales-preocupantes-para-el-c-f-benidorm-y-el-c-f-la-nucia\/","title":{"rendered":"Se\u00f1ales preocupantes para el C.F. Benidorm y el C.F. La Nuc\u00eda"},"content":{"rendered":"  <p>Benidorm<\/p>   <p>S\u00f3lo se han disputado cinco jornadas de competici\u00f3n en la Tercera RFEF del f\u00fatbol nacional y los dos representantes de la comarca de la Marina Baixa, el <a href=\"https:\/\/cadenaser.com\/tag\/club_futbol_benidorm\/a\/\">C.F. Benidorm<\/a> y el <a href=\"https:\/\/cadenaser.com\/tag\/club_futbol_la_nucia\/a\/\">C.F. La Nuc\u00eda<\/a>han dado ya se\u00f1ales preocupantes para lo que est\u00e1 por venir.<\/p>   <p>Despu\u00e9s de una nueva jornada en la que el empate a cero cosechado por los nucieros en el Camilo Cano ante el Torrellano ha sido lo menos negativo del fin de semana, ver a los dos conjuntos coquetear con los puestos de descenso es todo lo que la afici\u00f3n no deseaba y, sobre todo, esperaba a estas alturas.<\/p>   <p>Cierto es que el <a href=\"https:\/\/cadenaser.com\/tag\/club_futbol_benidorm\/a\/\">C.F. Benidorm<\/a> no part\u00eda este a\u00f1o con esa etiqueta de \u2018equipo a batir\u2019 que s\u00ed tuvo en la temporada anterior y no menos cierto es que el desempe\u00f1o de los de Miguel \u00c1ngel Mart\u00ednez se est\u00e1 viendo muy comprometido por las bajas por lesi\u00f3n y sanci\u00f3n as\u00ed como por las molestias que arrastran algunos de los jugadores; pero tambi\u00e9n lo es que no entraba en las quinielas previas al arranque de la competici\u00f3n llegar a la quinta jornada sumando s\u00f3lo un tercio de los puntos posibles tras caer por 2-0 en la cancha del Atzeneta.<\/p>   <p>Y si la situaci\u00f3n del C.F. Benidorm es preocupante, no lo es menos la del <a href=\"https:\/\/cadenaser.com\/tag\/club_futbol_la_nucia\/a\/\">C.F. La Nuc\u00eda<\/a>, que sigue sin encontrar el camino a la victoria y que se tuvo que conformar por el 0-0 en la visita realizada por el Torrellano al Camilo Cano.<\/p>   <p>Como sucede con el C.F. Benidorm, los rojillos pueden echar mano de las \u2018circunstancias atenuantes\u2019 a su situaci\u00f3n, pero la excusa de haber tenido que renovar toda la plantilla este verano comienza a mostrar signos de caducidad una vez que la temporada se adentra en la segunda semana de octubre y, sobre todo, cuando se tiene en cuenta de que aquello no fue m\u00e1s que una decisi\u00f3n propia del nuevo propietario del club.<\/p>   <p>     .c-w{         max-width:444px;         width:100%;         margin:32px auto;      background:#00755E;         border-radius:4px;         display:flex;         align-items:center;         justify-content:center;     }     .c-w a{         display:flex;         align-items:center;         justify-content:center;         padding:4px 24px;     }     .c-w img{         width:24px;         margin-right:12px;     }     .c-w p{         font:18px\/25px Poppins;         text-align:center;         color:#fff;         margin:0;     }     @media (max-width:444px){         .c-w a{             padding:4px 12px;         }         .c-w img{             width:24px;             margin-right:8px;         }         .c-w p{             font:14px\/25px Poppins;         }     }     @media (max-width:335px){         .c-w p{             font:13px\/25px Poppins;         }     }  <div class=\"c-w\">     <a href=\"https:\/\/www.whatsapp.com\/channel\/0029Va633PF9WtC4l7XUzh1e\" target=\"_blank\" rel=\"noopener\">         <img decoding=\"async\" src=\"https:\/\/cadenaser.com\/estaticos\/recursosgraficos\/responsive\/img\/ico-whatsapp.svg\" alt=\"Whatsapp\">         <p>\u00danete al <b>canal de WhatsApp<\/b> de la SER<\/p>     <\/a> <\/div><\/p>   <p>La pr\u00f3xima jornada <a href=\"https:\/\/cadenaser.com\/comunitat-valenciana\/2024\/09\/02\/todos-los-partidos-horarios-y-resultados-del-cf-benidorm-y-cf-la-nucia-radio-benidorm\/\">el C.F. Benidorm recibir\u00e1 al Villarreal C y el C.F. La Nuc\u00eda visitar\u00e1 la cancha del Castell\u00f3n B<\/a>, situado a s\u00f3lo tres puntos del l\u00edder, el Atl\u00e9tico Saguntino.<\/p> ","protected":false},"excerpt":{"rendered":"<p>El empate de los rojillos en casa ante el Torrellano es lo menos negativo de la jornada<\/p>\n","protected":false},"author":0,"featured_media":9128,"comment_status":"open","ping_status":"open","sticky":false,"template":"","format":"standard","meta":{"_acf_changed":false,"footnotes":""},"categories":[16],"tags":[],"class_list":["post-9127","post","type-post","status-publish","format-standard","has-post-thumbnail","hentry","category-deportes"],"acf":{"ser_id":"FDTNQPILO5DL5E4NOXRZ36RQVU","ser_url":"https:\/\/cadenaser.com\/comunitat-valenciana\/2024\/10\/06\/senales-preocupantes-para-el-cf-benidorm-y-el-cf-la-nucia-radio-benidorm\/"},"_links":{"self":[{"href":"https:\/\/serbenidorm.daliisolutions.com\/index.php\/wp-json\/wp\/v2\/posts\/9127","targetHints":{"allow":["GET"]}}],"collection":[{"href":"https:\/\/serbenidorm.daliisolutions.com\/index.php\/wp-json\/wp\/v2\/posts"}],"about":[{"href":"https:\/\/serbenidorm.daliisolutions.com\/index.php\/wp-json\/wp\/v2\/types\/post"}],"replies":[{"embeddable":true,"href":"https:\/\/serbenidorm.daliisolutions.com\/index.php\/wp-json\/wp\/v2\/comments?post=9127"}],"version-history":[{"count":0,"href":"https:\/\/serbenidorm.daliisolutions.com\/index.php\/wp-json\/wp\/v2\/posts\/9127\/revisions"}],"wp:featuredmedia":[{"embeddable":true,"href":"https:\/\/serbenidorm.daliisolutions.com\/index.php\/wp-json\/wp\/v2\/media\/9128"}],"wp:attachment":[{"href":"https:\/\/serbenidorm.daliisolutions.com\/index.php\/wp-json\/wp\/v2\/media?parent=9127"}],"wp:term":[{"taxonomy":"category","embeddable":true,"href":"https:\/\/serbenidorm.daliisolutions.com\/index.php\/wp-json\/wp\/v2\/categories?post=9127"},{"taxonomy":"post_tag","embeddable":true,"href":"https:\/\/serbenidorm.daliisolutions.com\/index.php\/wp-json\/wp\/v2\/tags?post=9127"}],"curies":[{"name":"wp","href":"https:\/\/api.w.org\/{rel}","templated":true}]}}