{"id":9136,"date":"2024-10-07T14:55:18","date_gmt":"2024-10-07T12:55:18","guid":{"rendered":"https:\/\/serbenidorm.daliisolutions.com\/index.php\/2024\/10\/07\/50-000-euros-para-crear-una-ruta-accesible-en-el-puig-campana\/"},"modified":"2024-10-07T14:55:18","modified_gmt":"2024-10-07T12:55:18","slug":"50-000-euros-para-crear-una-ruta-accesible-en-el-puig-campana","status":"publish","type":"post","link":"https:\/\/serbenidorm.daliisolutions.com\/index.php\/2024\/10\/07\/50-000-euros-para-crear-una-ruta-accesible-en-el-puig-campana\/","title":{"rendered":"50.000 euros para crear una ruta accesible en el Puig Campana"},"content":{"rendered":"  <p>Finestrat<\/p>   <p>Con el objetivo de crear un espacio m\u00e1s seguro, accesible y atractivo, la Generalitat Valenciana ha invertido 50.000 euros en acondicionar el sendero PR-289 del Puig Campana y tiene previsto invertir otra cantidad similar en los pr\u00f3ximos meses.<\/p>   <p>Todo para \u201cponer en valor la riqueza del paisaje\u201d. As\u00ed lo ha confirmado esta ma\u00f1ana el conseller de Medio Ambiente, Vicente Mart\u00ednez Mus, quien ha visitado el primer tramo de este sendero circular de 11 kil\u00f3metros que tiene su punto de partida y final en la Font del Mol\u00ed y tiene un grado de dificultad alto con un importante desnivel. \u201cApostamos por abrir nuestros espacios naturales a la sociedad y ejemplo de ello es la puesta en valor de estos itinerarios como recursos tur\u00edsticos para la interpretaci\u00f3n ambiental y el disfrute de la naturaleza\u201d, indica.<\/p>  <p><p class=\"tit\"><span>50.000 Euros para acondicionar el sendero PR-289 del Puig Campana de Finestrat<\/span><\/p> <p class=\"emb\"><iframe loading=\"lazy\" src=\"https:\/\/cadenaser.com\/embed\/audio\/460\/1728303046566\/\" width=\"100%\" height=\"360\" frameborder=\"0\" allowfullscreen><\/iframe><\/p><\/p>   <p>Para ello, ha sido imprescindible la colaboraci\u00f3n entre instituciones, Ayuntamiento y Generalitat. Hacia casi ocho a\u00f1os, seg\u00fan el alcalde Juanfran P\u00e9rez Llorca, que Finestrat no recib\u00eda apoyo auton\u00f3mico para sus parajes protegidos. \u201cPor primera vez se act\u00faa en el Puig Campana pero adem\u00e1s se hace de manera conjunta con Generalitat, la Direcci\u00f3n del Parque Natural Serra Gelada-Peny\u00f3 d\u2019Ifach, al que pertenece el Puig Campana para rehabilitar una de las zonas, la vuelta circular al Puig Campana, que m\u00e1s visitantes recibe al a\u00f1o. Ahora se ha arreglado la senda de la \u201cVolta al Puig\u201d y la idea es seguir trabajando para mejorar tambi\u00e9n la senda hacia la cima de esta monta\u00f1a\u201d, afirma P\u00e9rez.<\/p>  <p><p class=\"tit\"><span>El alcalde de Finestrat destaca la colaboraci\u00f3n entre Ayuntamiento y Generalitat<\/span><\/p> <p class=\"emb\"><iframe loading=\"lazy\" src=\"https:\/\/cadenaser.com\/embed\/audio\/460\/1728303346996\/\" width=\"100%\" height=\"360\" frameborder=\"0\" allowfullscreen><\/iframe><\/p><\/p>   <p>Actualmente, se est\u00e1 actuando en trabajos de desbroce, poda, limpieza y acondicionamiento de escalones de las zonas que presentaban m\u00e1s erosi\u00f3n como es la Cova Cremat, la Font de la Solsida, la costera de La Algesina o la bajada hacia Ramal de Loix.<\/p>   <p>Desde junio una nueva brigada, formada por un capataz y tres peones, ha estado trabajando en adecuar los accesos y reordenar el trazado del PR-289. Tambi\u00e9n se ha actuado en las pistas y sendas ubicadas en terreno p\u00fablico, plantado especies aut\u00f3ctonas y colocado carteler\u00eda y se\u00f1alizaci\u00f3n.<\/p>   <p>     .c-w{         max-width:444px;         width:100%;         margin:32px auto;      background:#00755E;         border-radius:4px;         display:flex;         align-items:center;         justify-content:center;     }     .c-w a{         display:flex;         align-items:center;         justify-content:center;         padding:4px 24px;     }     .c-w img{         width:24px;         margin-right:12px;     }     .c-w p{         font:18px\/25px Poppins;         text-align:center;         color:#fff;         margin:0;     }     @media (max-width:444px){         .c-w a{             padding:4px 12px;         }         .c-w img{             width:24px;             margin-right:8px;         }         .c-w p{             font:14px\/25px Poppins;         }     }     @media (max-width:335px){         .c-w p{             font:13px\/25px Poppins;         }     }  <div class=\"c-w\">     <a href=\"https:\/\/www.whatsapp.com\/channel\/0029Va633PF9WtC4l7XUzh1e\" target=\"_blank\" rel=\"noopener\">         <img decoding=\"async\" src=\"https:\/\/cadenaser.com\/estaticos\/recursosgraficos\/responsive\/img\/ico-whatsapp.svg\" alt=\"Whatsapp\">         <p>\u00danete al <b>canal de WhatsApp<\/b> de la SER<\/p>     <\/a> <\/div><\/p> ","protected":false},"excerpt":{"rendered":"<p>La Generalitat Valenciana acondiciona el sendero PR-289 del parque natural de Finestrat<\/p>\n","protected":false},"author":0,"featured_media":9137,"comment_status":"open","ping_status":"open","sticky":false,"template":"","format":"standard","meta":{"_acf_changed":false,"footnotes":""},"categories":[1],"tags":[],"class_list":["post-9136","post","type-post","status-publish","format-standard","has-post-thumbnail","hentry","category-sin-categoria"],"acf":{"ser_id":"M2AUORK7NZDIRNRONBCCKKGIFQ","ser_url":"https:\/\/cadenaser.com\/comunitat-valenciana\/2024\/10\/07\/50000-euros-para-crear-una-ruta-accesible-en-el-puig-campana-radio-benidorm\/"},"_links":{"self":[{"href":"https:\/\/serbenidorm.daliisolutions.com\/index.php\/wp-json\/wp\/v2\/posts\/9136","targetHints":{"allow":["GET"]}}],"collection":[{"href":"https:\/\/serbenidorm.daliisolutions.com\/index.php\/wp-json\/wp\/v2\/posts"}],"about":[{"href":"https:\/\/serbenidorm.daliisolutions.com\/index.php\/wp-json\/wp\/v2\/types\/post"}],"replies":[{"embeddable":true,"href":"https:\/\/serbenidorm.daliisolutions.com\/index.php\/wp-json\/wp\/v2\/comments?post=9136"}],"version-history":[{"count":0,"href":"https:\/\/serbenidorm.daliisolutions.com\/index.php\/wp-json\/wp\/v2\/posts\/9136\/revisions"}],"wp:featuredmedia":[{"embeddable":true,"href":"https:\/\/serbenidorm.daliisolutions.com\/index.php\/wp-json\/wp\/v2\/media\/9137"}],"wp:attachment":[{"href":"https:\/\/serbenidorm.daliisolutions.com\/index.php\/wp-json\/wp\/v2\/media?parent=9136"}],"wp:term":[{"taxonomy":"category","embeddable":true,"href":"https:\/\/serbenidorm.daliisolutions.com\/index.php\/wp-json\/wp\/v2\/categories?post=9136"},{"taxonomy":"post_tag","embeddable":true,"href":"https:\/\/serbenidorm.daliisolutions.com\/index.php\/wp-json\/wp\/v2\/tags?post=9136"}],"curies":[{"name":"wp","href":"https:\/\/api.w.org\/{rel}","templated":true}]}}