{"id":9138,"date":"2024-10-07T14:55:22","date_gmt":"2024-10-07T12:55:22","guid":{"rendered":"https:\/\/serbenidorm.daliisolutions.com\/index.php\/2024\/10\/07\/los-moros-y-cristianos-de-callosa-den-sarria-calientan-motores\/"},"modified":"2024-10-07T14:55:22","modified_gmt":"2024-10-07T12:55:22","slug":"los-moros-y-cristianos-de-callosa-den-sarria-calientan-motores","status":"publish","type":"post","link":"https:\/\/serbenidorm.daliisolutions.com\/index.php\/2024\/10\/07\/los-moros-y-cristianos-de-callosa-den-sarria-calientan-motores\/","title":{"rendered":"Los Moros y Cristianos de Callosa d&#8217;En Sarri\u00e0 calientan motores"},"content":{"rendered":"  <p>Callosa<\/p>   <p>Los Moros y Cristianos se celebran en Callosa d\u2019en Sarri\u00e0 el segundo domingo de octubre desde 1860. Una tradici\u00f3n en honor a la Virgen de las Injurias, patrona del pueblo, que est\u00e1 declarada de inter\u00e9s tur\u00edstico nacional desde 1985.<\/p>   <p>Una celebraci\u00f3n que, tras La Vila Joiosa, Altea o Benidorm, cierra el calendario de Moros y Cristianos en la comarca de la Marina Baixa y tiene su pistoletazo de salida con la interpretaci\u00f3n de <a href=\"https:\/\/cadenaser.com\/tag\/callosa_den_sarria\/a\/\" target=\"_blank\" rel=\"noopener\">\u00abCallosa en Festes\u00bb<\/a>.<\/p>  <p><p>M\u00e1s informaci\u00f3n<\/p><figure><img loading=\"lazy\" decoding=\"async\" src=\"https:\/\/cadenaser.com\/resizer\/v2\/MBSYPVHXQNGKJGHRKAAG6V3XDE.JPG?auth=519f07b1679b99e7c34e07a7f412a0a3a0d56b49a2377e223b6004d2cbbe7172&amp;quality=70&amp;width=360&amp;height=202&amp;smart=true\" width=\"820\" height=\"621\" \/><\/figure><ul><li><span>Callosa repavimenta el Calvari<\/span><\/li><\/ul><\/p>   <p>Tras ese pasodoble se inicia la arranc\u00e1, que tanto el alcalde, el concejal de Festejos, la presidenta de la Asociaci\u00f3n y los capitanes moros 2024 han coincidido en se\u00f1alar en <a href=\"https:\/\/cadenaser.com\/tag\/benidorm\/a\/\" target=\"_blank\" rel=\"noopener\">Hoy por Hoy Benidorm<\/a> como uno de los actos m\u00e1s especiales.<\/p>   <p>Las fiestas conllevan tambi\u00e9n el corte en distintos momentos de dos carreteras comarcales, por lo que resulta importante consultar el programa completo desde el s\u00e1bado 12 hasta el martes 15:<\/p>   <p>DISSABTE 12 D\u2019OCTUBRE<\/p>   <p>12:00h \u2013 Arranc\u00e0 de dol\u00e7aines i tabals, acompanyada d\u2019un volteig general de campanes.<\/p>   <p>     .c-w{         max-width:444px;         width:100%;         margin:32px auto;      background:#00755E;         border-radius:4px;         display:flex;         align-items:center;         justify-content:center;     }     .c-w a{         display:flex;         align-items:center;         justify-content:center;         padding:4px 24px;     }     .c-w img{         width:24px;         margin-right:12px;     }     .c-w p{         font:18px\/25px Poppins;         text-align:center;         color:#fff;         margin:0;     }     @media (max-width:444px){         .c-w a{             padding:4px 12px;         }         .c-w img{             width:24px;             margin-right:8px;         }         .c-w p{             font:14px\/25px Poppins;         }     }     @media (max-width:335px){         .c-w p{             font:13px\/25px Poppins;         }     }  <div class=\"c-w\">     <a href=\"https:\/\/www.whatsapp.com\/channel\/0029Va633PF9WtC4l7XUzh1e\" target=\"_blank\" rel=\"noopener\">         <img decoding=\"async\" src=\"https:\/\/cadenaser.com\/estaticos\/recursosgraficos\/responsive\/img\/ico-whatsapp.svg\" alt=\"Whatsapp\">         <p>\u00danete al <b>canal de WhatsApp<\/b> de la SER<\/p>     <\/a> <\/div><\/p>   <p>12:15h \u2013 Totes les bandes de m\u00fasica interpretaran el pasdoble Callosa en Festes del mestre Jose Vicente Asensi.<\/p>   <p>12:30h \u2013 Arranc\u00e0 de les bandes de m\u00fasica amb la participaci\u00f3 de totes les filaes.<\/p>   <p>16:15h \u2013 Ball de les pastoretes en la Pla\u00e7a del Convent davant la capella de la Mare de D\u00e9u de les Inj\u00faries.<\/p>   <p>16:30h \u2013 Trasllat i ofrena de flors a l\u2019excelsa patrona la Mare de D\u00e9u de les Inj\u00faries a l\u2019esgl\u00e9sia de Sant Joan Baptista. A l\u2019arribada de la Mare de D\u00e9u a l\u2019esglesia es far\u00e0 una Missa en el seu Honor.<\/p>   <p>19:00h \u2013 Entr\u00e0 Cristiana. Hist\u00f2ria i tradici\u00f3 ompliran els carrers de Callosa: nanos, pastoretes i cavallers medievals amb els seus estendards amb la participaci\u00f3 de totes les filaes del b\u00e0ndol Cristi\u00e0 i els seus capitans.<\/p>   <p>00:30h \u2013 Ball Cristi\u00e0 en honor al seu capit\u00e0 a la Carretera d\u2019Alacant 33.<\/p>   <p>DIUMENGE 13 D\u2019OCTUBRE<\/p>   <p>5:30h \u2013 Diana florejada.<\/p>   <p>7:00h \u2013 Cercavila de dol\u00e7aines i tabals.<\/p>   <p>10:30h \u2013 Solemne Missa Major en honor a la Mare de D\u00e9u de les Inj\u00faries, en la parroquia de Sant Joan Baptista. Amb la participaci\u00f3n dels c\u00e0rrecs festers i la Junta Directiva de l\u2019Associaci\u00f3 de Moros i Cristians, festers i tot el poble de Callosa d\u2019en Sarri\u00e0.<\/p>   <p>12:30h \u2013 Entr\u00e0 Infantil. Els festers m\u00e9s joves desfilaran pels carrers del poble de Callosa.<\/p>   <p>17:00h \u2013 Ball de les pastoretes a l\u2019\u00c0ngel en Pla\u00e7a d\u2019Espanya.<\/p>   <p>18:30h \u2013 Entr\u00e0 mora. Les tropes de la mitja lluna arriben a Callosa amb la participaci\u00f3 de totes les filaes del b\u00e0ndol moro i els seus capitans.<\/p>   <p>00:30h \u2013 Ball moro en honor a la seua capitana al carrer Sant Francesc 29.<\/p>   <p>DILLUNS 14 D\u2019OCTUBRE<\/p>   <p>7:00h \u2013 Cercavila de dol\u00e7aines i tabals.<\/p>   <p>7:30h \u2013 Desdejuni a la Pla\u00e7a d\u2019Espanya.<\/p>   <p>8:00h \u2013 Volta pels carrers del poble amb la participaci\u00f3 dels festers i tots el c\u00e0rrecs.<\/p>   <p>9:00h \u2013 Missa de campanya en la porta de l\u2019esgl\u00e9sia amb la participaci\u00f3 de tots els c\u00e0rrecs festers.<\/p>   <p>11:00h \u2013 Exhibici\u00f3 del \u201cClub del Festeret\u201d: Ball moro infantil a la Pla\u00e7a del Convent.<\/p>   <p>12:30h \u2013 Ball Cristi\u00e0 a l\u2019Asil Resid\u00e8ncia de la Tercera Edat.<\/p>   <p>12:30h \u2013 Concurs Ball Moro a la Pla\u00e7a del Convent. Acte tradicional de les nostres festes.<\/p>   <p>13:00h \u2013 Ball de les Pastoretes al seu \u00c0ngel al carrer Germanies.<\/p>   <p>16:15h \u2013 Tiroteig. El b\u00e0ndol moro des del carrer La Font atacaran i obligaran al b\u00e0ndol Cristi\u00e0 acampats a la pla\u00e7a Mare Am\u00e0lia a retirar-se del Castell situat a la Pla\u00e7a d\u2019Espanya.<\/p>   <p>17:00h \u2013 Ambaixada Mora. Acte en que el b\u00e0ndol moro insta els Cristians a abandonar el castell. Davant la negativa d\u2019aquests, s\u2019establir\u00e0 una lluita que finalitzar\u00e0 amb la vict\u00f2ria de la Mitja Lluna. L\u2019estendard moro ondejar\u00e0 en la part alta del castell.<\/p>   <p>20:00h \u2013 Process\u00f3 en Honor a l\u2019Excelsa Patrona la Mare de D\u00e9u de les Inj\u00faries amb la participaci\u00f3 de tots els c\u00e0rrecs, filaes i personatges b\u00edblics.<\/p>   <p>00:30h \u2013 Balls Moro i Cristi\u00e0 en honor als seus respectius banderers. El ball cristi\u00e0 tindr\u00e0 lloc al parc del Tit\u00e0nic. El ball moro tindr\u00e0 lloc a la Pla\u00e1 d\u2019Espanya.<\/p>   <p>DIMARTS 15 D\u2019OCTUBRE<\/p>   <p>7:00h \u2013 Cercavila de \u201cdol\u00e7aines i tabals\u201d.<\/p>   <p>7:30h \u2013 Desdejuni a la Pla\u00e7a d\u2019Espanya patrocinat per Marina Events.<\/p>   <p>8:00h \u2013 Volta pels carrers del poble amb la participaci\u00f3 dels festers i tots el c\u00e0rrecs.<\/p>   <p>9:00h \u2013 Missa de campanya en la porta de l\u2019esgl\u00e9sia amb la participaci\u00f3 de tots els c\u00e0rrecs festers.<\/p>   <p>11:00h \u2013 Exhibici\u00f3 del Club del Festeret: Ball cristi\u00e0 infantil a la Pla\u00e7a del Convent.<\/p>   <p>11:30h \u2013 Ball de les Pastoretes a l\u2019Asil Resid\u00e8ncia de la Tercera Edat, a continuaci\u00f3 a les 12:00, ballaran a la Pla\u00e7a d\u2019Espa\u00f1a a l\u2019Alcalde del poble.<\/p>   <p>12:30h \u2013 Ball Moro a l\u2019Asil Resid\u00e8ncia de la Tercera Edat.<\/p>   <p>12:30h \u2013 Concurs Ball Cristi\u00e0 a la Pla\u00e7a del Convent. Acte tradicional de les nostres festes.<\/p>   <p>16:15h \u2013 Tiroteig. Els cristians des del carrer La Font atacaran i obligaran al b\u00e0ndol Moro acampats a la pla\u00e7a Mare Am\u00e0lia a retirar-se del Castell situat a la Pla\u00e7a d\u2019Espanya.<\/p>   <p>17:00h \u2013 Ambaixada Cristiana. Acte en que el b\u00e0ndol Cristi\u00e0 insta els Moros a abandonar el castell. Davant la negativa d\u2019aquests, s\u2019establir\u00e0 una lluita que finalitzar\u00e0 amb la vict\u00f2ria de la Creu. L\u2019estendard cristi\u00e0 ondejar\u00e0 en la part alta del castell.<\/p>   <p>20:00h \u2013 Process\u00f3 en Honor a l\u2019Excelsa Patrona la Mare de D\u00e9u de les Inj\u00faries amb la participaci\u00f3 de tots els c\u00e0rrecs, filaes i personatges b\u00edblics. En finalitzar la process\u00f3, es cantar\u00e0 l\u2019himne a la Mare de D\u00e9u de les Inj\u00faries, interpretat per la banda de m\u00fasica La Primitiva de Callosa d\u2019en Sarri\u00e0 en homenatge a la Capitana Honor\u00e0ria.<\/p> ","protected":false},"excerpt":{"rendered":"<p>Fiestas de inter\u00e9s tur\u00edstico nacional del 12 al 15 de octubre<\/p>\n","protected":false},"author":0,"featured_media":9139,"comment_status":"open","ping_status":"open","sticky":false,"template":"","format":"standard","meta":{"_acf_changed":false,"footnotes":""},"categories":[1],"tags":[],"class_list":["post-9138","post","type-post","status-publish","format-standard","has-post-thumbnail","hentry","category-sin-categoria"],"acf":{"ser_id":"VWY42K7AKFBIZOLVF7FSXFZI2Q","ser_url":"https:\/\/cadenaser.com\/comunitat-valenciana\/2024\/10\/07\/los-moros-y-cristianos-de-callosa-den-sarria-calientan-motores-radio-benidorm\/"},"_links":{"self":[{"href":"https:\/\/serbenidorm.daliisolutions.com\/index.php\/wp-json\/wp\/v2\/posts\/9138","targetHints":{"allow":["GET"]}}],"collection":[{"href":"https:\/\/serbenidorm.daliisolutions.com\/index.php\/wp-json\/wp\/v2\/posts"}],"about":[{"href":"https:\/\/serbenidorm.daliisolutions.com\/index.php\/wp-json\/wp\/v2\/types\/post"}],"replies":[{"embeddable":true,"href":"https:\/\/serbenidorm.daliisolutions.com\/index.php\/wp-json\/wp\/v2\/comments?post=9138"}],"version-history":[{"count":0,"href":"https:\/\/serbenidorm.daliisolutions.com\/index.php\/wp-json\/wp\/v2\/posts\/9138\/revisions"}],"wp:featuredmedia":[{"embeddable":true,"href":"https:\/\/serbenidorm.daliisolutions.com\/index.php\/wp-json\/wp\/v2\/media\/9139"}],"wp:attachment":[{"href":"https:\/\/serbenidorm.daliisolutions.com\/index.php\/wp-json\/wp\/v2\/media?parent=9138"}],"wp:term":[{"taxonomy":"category","embeddable":true,"href":"https:\/\/serbenidorm.daliisolutions.com\/index.php\/wp-json\/wp\/v2\/categories?post=9138"},{"taxonomy":"post_tag","embeddable":true,"href":"https:\/\/serbenidorm.daliisolutions.com\/index.php\/wp-json\/wp\/v2\/tags?post=9138"}],"curies":[{"name":"wp","href":"https:\/\/api.w.org\/{rel}","templated":true}]}}