{"id":9161,"date":"2024-10-08T07:17:33","date_gmt":"2024-10-08T05:17:33","guid":{"rendered":"https:\/\/serbenidorm.daliisolutions.com\/index.php\/2024\/10\/08\/que-somos-y-que-queremos-ser-en-la-comunitat-valenciana-una-conversacion-para-escuchar-antes-del-9-doctubre\/"},"modified":"2024-10-08T07:17:33","modified_gmt":"2024-10-08T05:17:33","slug":"que-somos-y-que-queremos-ser-en-la-comunitat-valenciana-una-conversacion-para-escuchar-antes-del-9-doctubre","status":"publish","type":"post","link":"https:\/\/serbenidorm.daliisolutions.com\/index.php\/2024\/10\/08\/que-somos-y-que-queremos-ser-en-la-comunitat-valenciana-una-conversacion-para-escuchar-antes-del-9-doctubre\/","title":{"rendered":"&#8216;\u00bfQu\u00e9 somos y qu\u00e9 queremos ser en la Comunitat Valenciana?&#8217;: una conversaci\u00f3n para escuchar antes del 9 d&#8217;Octubre"},"content":{"rendered":"  <p>Valencia<\/p>   <p>Pues hemos llegado, otro a\u00f1o m\u00e1s, a ese d\u00eda en el que, en la Comunitat Valenciana, se conmemora o celebra la entrada de un rey a una ciudad. En este caso, la de Jaume I a Val\u00e8ncia. Fue en 1238. y unos cuantos a\u00f1os despu\u00e9s, nos preguntamos qu\u00e9 clase de sociedad somos en este territorio, que un d\u00eda fue Reino, y que tambi\u00e9n es llamada Pa\u00eds. En realidad, la cuesti\u00f3n es \u00bfQu\u00e9 somos y qu\u00e9 queremos ser?<\/p>   <p>Y a eso responden, en modo conversaci\u00f3n, ilustres personajes de nuestra tierra. Son Pilar Mateo, cient\u00edfica, emprendedora, e inventora; Eugeni Alemany, presentador, humorista, artista, c\u00f3mico, para resumir; Ricard Camarena, cocinero, empresario, reconocido con las famosas estrellas en uno de sus restaurantes que incluso tiene la estrella verde de sostenibilidad. Y Nuria Oliver, ingeniera en telecomunicaciones espa\u00f1ola, doctora por el Media Lab del Instituto Tecnol\u00f3gico de Massachusetts, co-fundadora y directora de la Fundaci\u00f3n ELLIS Alicante.<\/p>   <p>Responden a qu\u00e9 somos las valencianas y valencianos, pero tambi\u00e9n en qu\u00e9 destacamos o cu\u00e1les son nuestros defectos. No solo eso, la charla les lleva por momentos, a lugares insospechados.<\/p>   <p><i>Sigue toda la \u00faltima hora en el canal de WhatsApp de Radio Valencia: <\/i><a href=\"https:\/\/eur01.safelinks.protection.outlook.com\/?url=https%3A%2F%2Fwhatsapp.com%2Fchannel%2F0029VaHjyqSFHWq2Q3iHB33R&amp;data=05%7C02%7Cjfores%40prisaradio.com%7C9cf93b8bc68040c162ea08dca66399b3%7Cc4fd49f3e15a44d882e2c909735d2e45%7C0%7C0%7C638568193933277239%7CUnknown%7CTWFpbGZsb3d8eyJWIjoiMC4wLjAwMDAiLCJQIjoiV2luMzIiLCJBTiI6Ik1haWwiLCJXVCI6Mn0%3D%7C0%7C%7C%7C&amp;sdata=wXicRJgfTg5wCWBTdUk%2FIrtJAULqiLUxrhnLmtwSKf0%3D&amp;reserved=0\" rel=\"nofollow noopener\" target=\"_blank\"><i>haz clic aqu\u00ed y suscr\u00edbete<\/i><\/a><i> para recibir toda la informaci\u00f3n y la actualidad del d\u00eda en tu m\u00f3vil.<\/i><\/p> ","protected":false},"excerpt":{"rendered":"<p>Cuatro ilustres personajes conversan sobre la idiosincrasia propia de los habitantes del territorio valenciano<\/p>\n","protected":false},"author":0,"featured_media":9162,"comment_status":"open","ping_status":"open","sticky":false,"template":"","format":"standard","meta":{"_acf_changed":false,"footnotes":""},"categories":[1],"tags":[],"class_list":["post-9161","post","type-post","status-publish","format-standard","has-post-thumbnail","hentry","category-sin-categoria"],"acf":{"ser_id":"EYCVMXGWWBATPC6SDCLM2HZBKY","ser_url":"https:\/\/cadenaser.com\/comunitat-valenciana\/2024\/10\/06\/que-somos-y-que-queremos-ser-en-la-comunitat-valenciana-una-conversacion-para-escuchar-antes-del-9-doctubre-radio-valencia\/"},"_links":{"self":[{"href":"https:\/\/serbenidorm.daliisolutions.com\/index.php\/wp-json\/wp\/v2\/posts\/9161","targetHints":{"allow":["GET"]}}],"collection":[{"href":"https:\/\/serbenidorm.daliisolutions.com\/index.php\/wp-json\/wp\/v2\/posts"}],"about":[{"href":"https:\/\/serbenidorm.daliisolutions.com\/index.php\/wp-json\/wp\/v2\/types\/post"}],"replies":[{"embeddable":true,"href":"https:\/\/serbenidorm.daliisolutions.com\/index.php\/wp-json\/wp\/v2\/comments?post=9161"}],"version-history":[{"count":0,"href":"https:\/\/serbenidorm.daliisolutions.com\/index.php\/wp-json\/wp\/v2\/posts\/9161\/revisions"}],"wp:featuredmedia":[{"embeddable":true,"href":"https:\/\/serbenidorm.daliisolutions.com\/index.php\/wp-json\/wp\/v2\/media\/9162"}],"wp:attachment":[{"href":"https:\/\/serbenidorm.daliisolutions.com\/index.php\/wp-json\/wp\/v2\/media?parent=9161"}],"wp:term":[{"taxonomy":"category","embeddable":true,"href":"https:\/\/serbenidorm.daliisolutions.com\/index.php\/wp-json\/wp\/v2\/categories?post=9161"},{"taxonomy":"post_tag","embeddable":true,"href":"https:\/\/serbenidorm.daliisolutions.com\/index.php\/wp-json\/wp\/v2\/tags?post=9161"}],"curies":[{"name":"wp","href":"https:\/\/api.w.org\/{rel}","templated":true}]}}