{"id":9166,"date":"2024-10-08T18:29:04","date_gmt":"2024-10-08T16:29:04","guid":{"rendered":"https:\/\/serbenidorm.daliisolutions.com\/index.php\/2024\/10\/08\/benidorm-encarga-un-estudio-sobre-la-avenida-del-mediterraneo-es-uno-de-los-principales-objetivos-hasta-el-2027\/"},"modified":"2024-10-08T18:29:04","modified_gmt":"2024-10-08T16:29:04","slug":"benidorm-encarga-un-estudio-sobre-la-avenida-del-mediterraneo-es-uno-de-los-principales-objetivos-hasta-el-2027","status":"publish","type":"post","link":"https:\/\/serbenidorm.daliisolutions.com\/index.php\/2024\/10\/08\/benidorm-encarga-un-estudio-sobre-la-avenida-del-mediterraneo-es-uno-de-los-principales-objetivos-hasta-el-2027\/","title":{"rendered":"Benidorm encarga un estudio sobre la avenida del Mediterr\u00e1neo: \u00abEs uno de los principales objetivos hasta el 2027\u00bb"},"content":{"rendered":"  <p>Benidorm<\/p>   <p>El Ayuntamiento de Benidorm quiere estudiar la viabilidad de construir un parking subterr\u00e1neo o un tanque anticontaminaci\u00f3n en el tramo de la avenida del Mediterr\u00e1neo que est\u00e1 aun por reformar. Para ello ha encargado un estudio geot\u00e9cnico a Hidraqua, concesionaria del servicio municipal de agua potable y alcantarillado, con vistas la  segunda fase de renovaci\u00f3n de esta arteria.<\/p>   <p>Esa segunda fase abarcara el<a href=\"https:\/\/cadenaser.com\/tag\/benidorm\/a\/\" target=\"_blank\" rel=\"noopener\"> tramo comprendido entre las avenidas de Europa y Ametlla de Mar<\/a> y al igual que la primera, desde Europa hasta plaza Doctor Fleming, supondr\u00e1 una renovaci\u00f3n integral de las infraestructuras, la escena urbana y la circulaci\u00f3n.<\/p>  <p><p>M\u00e1s informaci\u00f3n<\/p><figure><img loading=\"lazy\" decoding=\"async\" src=\"https:\/\/cadenaser.com\/resizer\/v2\/4BSSZY4SWRBBBA4PEONEOHEKVA.jpg?auth=78c6958e2875f945a3dbf0af29d6c965e2cda07137f7170910c70344ad9e6fe6&amp;quality=70&amp;width=360&amp;height=202&amp;smart=true\" width=\"820\" height=\"621\" \/><\/figure><ul><li><a href=\"https:\/\/cadenaser.com\/comunitat-valenciana\/2024\/10\/08\/fcc-recurre-el-acuerdo-plenario-de-benidorm-que-declaro-nula-su-segunda-prorroga-en-el-parking-de-laiguera-radio-benidorm\/\"><span>FCC recurre el acuerdo plenario de Benidorm que declar\u00f3 nula su segunda pr\u00f3rroga en el parking de l&#8217;Aig\u00fcera<\/span><\/a><\/li><\/ul><\/p>   <p>El alcalde de la ciudad ha confiado en que \u201cpodamos conocer los resultados de este estudio muy pronto para poder concretar ese proyecto, que es uno de los principales objetivos de esta Administraci\u00f3n, que alcanzar\u00e1 hasta el a\u00f1o 2027&#8243;.<\/p>   <p>El estudio geot\u00e9cnico ser\u00e1 el paso previo para la licitaci\u00f3n de la redacci\u00f3n de proyecto y, en palabras del primer edil, es \u201ctotalmente necesario antes de la redacci\u00f3n del proyecto, dada la importancia y dimensi\u00f3n de las infraestructuras hidr\u00e1ulicas comprendidas en este tramo, de aproximadamente unos 1.200 metros de longitud\u201d.<\/p>   <p>Posibilidades<\/p>   <p>Dicho documento permitir\u00e1 conocer par\u00e1metros como la distribuci\u00f3n de unidades geot\u00e9cnicas, aceleraci\u00f3n s\u00edsmica de cuadro, alternativas de cimentaci\u00f3n, posibilidad de trabajos complementarios, cota de cimentaci\u00f3n, presi\u00f3n vertical admisible, situaci\u00f3n y variables del nivel fre\u00e1tico o agresividad de suelos y aguas y valorar la viabilidad de implantar un tanque anticontaminaci\u00f3n en gran parte de la avenida o un aparcamiento subterr\u00e1neo.<\/p>   <p>     .c-w{         max-width:444px;         width:100%;         margin:32px auto;      background:#00755E;         border-radius:4px;         display:flex;         align-items:center;         justify-content:center;     }     .c-w a{         display:flex;         align-items:center;         justify-content:center;         padding:4px 24px;     }     .c-w img{         width:24px;         margin-right:12px;     }     .c-w p{         font:18px\/25px Poppins;         text-align:center;         color:#fff;         margin:0;     }     @media (max-width:444px){         .c-w a{             padding:4px 12px;         }         .c-w img{             width:24px;             margin-right:8px;         }         .c-w p{             font:14px\/25px Poppins;         }     }     @media (max-width:335px){         .c-w p{             font:13px\/25px Poppins;         }     }  <div class=\"c-w\">     <a href=\"https:\/\/www.whatsapp.com\/channel\/0029Va633PF9WtC4l7XUzh1e\" target=\"_blank\" rel=\"noopener\">         <img decoding=\"async\" src=\"https:\/\/cadenaser.com\/estaticos\/recursosgraficos\/responsive\/img\/ico-whatsapp.svg\" alt=\"Whatsapp\">         <p>\u00danete al <b>canal de WhatsApp<\/b> de la SER<\/p>     <\/a> <\/div><\/p>   <p>P\u00e9rez ha explicado que la segunda fase del proyecto de renovaci\u00f3n de la avenida del Mediterr\u00e1neo \u201cnos permitir\u00e1 tener, en un plazo muy corto de tiempo, una avenida moderna y renovada en toda su extensi\u00f3n, tanto en la parte que podemos ver y pisar a diario como en la que no vemos pero que es igual o m\u00e1s importante, como es el subsuelo\u201d.<\/p>   <p>El estudio geot\u00e9cnico encargado a Hidraqua se elaborar\u00e1 en paralelo a los trabajos que est\u00e1 llevando a cabo el \u00e1rea de Ingenier\u00eda municipal, que se encuentra redactando el pliego de prescripciones t\u00e9cnicas con el que licitar la redacci\u00f3n del proyecto.<\/p> ","protected":false},"excerpt":{"rendered":"<p>El alcalde destaca que es \u201cel paso previo para poder licitar el proyecto\u201d <\/p>\n","protected":false},"author":0,"featured_media":9167,"comment_status":"open","ping_status":"open","sticky":false,"template":"","format":"standard","meta":{"_acf_changed":false,"footnotes":""},"categories":[1],"tags":[],"class_list":["post-9166","post","type-post","status-publish","format-standard","has-post-thumbnail","hentry","category-sin-categoria"],"acf":{"ser_id":"5QZGV2FX6FBYDAVSD7W5OJ3GB4","ser_url":"https:\/\/cadenaser.com\/comunitat-valenciana\/2024\/10\/08\/benidorm-encarga-un-estudio-sobre-la-segunda-fase-de-renovacion-de-mediterraneo-es-uno-de-los-principales-objetivos-hasta-el-2027-radio-benidorm\/"},"_links":{"self":[{"href":"https:\/\/serbenidorm.daliisolutions.com\/index.php\/wp-json\/wp\/v2\/posts\/9166","targetHints":{"allow":["GET"]}}],"collection":[{"href":"https:\/\/serbenidorm.daliisolutions.com\/index.php\/wp-json\/wp\/v2\/posts"}],"about":[{"href":"https:\/\/serbenidorm.daliisolutions.com\/index.php\/wp-json\/wp\/v2\/types\/post"}],"replies":[{"embeddable":true,"href":"https:\/\/serbenidorm.daliisolutions.com\/index.php\/wp-json\/wp\/v2\/comments?post=9166"}],"version-history":[{"count":0,"href":"https:\/\/serbenidorm.daliisolutions.com\/index.php\/wp-json\/wp\/v2\/posts\/9166\/revisions"}],"wp:featuredmedia":[{"embeddable":true,"href":"https:\/\/serbenidorm.daliisolutions.com\/index.php\/wp-json\/wp\/v2\/media\/9167"}],"wp:attachment":[{"href":"https:\/\/serbenidorm.daliisolutions.com\/index.php\/wp-json\/wp\/v2\/media?parent=9166"}],"wp:term":[{"taxonomy":"category","embeddable":true,"href":"https:\/\/serbenidorm.daliisolutions.com\/index.php\/wp-json\/wp\/v2\/categories?post=9166"},{"taxonomy":"post_tag","embeddable":true,"href":"https:\/\/serbenidorm.daliisolutions.com\/index.php\/wp-json\/wp\/v2\/tags?post=9166"}],"curies":[{"name":"wp","href":"https:\/\/api.w.org\/{rel}","templated":true}]}}