{"id":9168,"date":"2024-10-08T18:29:05","date_gmt":"2024-10-08T16:29:05","guid":{"rendered":"https:\/\/serbenidorm.daliisolutions.com\/index.php\/2024\/10\/08\/el-actor-vilero-agustin-galiana-y-el-club-de-rugby-la-vila-premis-nou-doctubre-en-la-vila-joiosa\/"},"modified":"2024-10-08T18:29:05","modified_gmt":"2024-10-08T16:29:05","slug":"el-actor-vilero-agustin-galiana-y-el-club-de-rugby-la-vila-premis-nou-doctubre-en-la-vila-joiosa","status":"publish","type":"post","link":"https:\/\/serbenidorm.daliisolutions.com\/index.php\/2024\/10\/08\/el-actor-vilero-agustin-galiana-y-el-club-de-rugby-la-vila-premis-nou-doctubre-en-la-vila-joiosa\/","title":{"rendered":"El actor vilero Agust\u00edn Galiana y el Club de Rugby La Vila, Premis Nou d\u2019Octubre en La Vila Joiosa"},"content":{"rendered":"  <p>La Vila Joiosa<\/p>   <p>El actor y cantante vilero Agust\u00edn Galiana y el Club de Rugby La Vila ser\u00e1n distinguidos con el Premi Nou d\u2019Octubre. Dicha condecoraci\u00f3n ser\u00e1 entregada de manos del Alcalde Marcos Zaragoza en el acto institucional que se celebrar\u00e1 el D\u00eda de la Comunitat Valenciana en la finca La Barbera. Con estos galardones, el Ayuntamiento de Villajoyosa quiere reconocer \u00abel talento y el \u00e9xito profesional, as\u00ed la proyecci\u00f3n del municipio a nivel nacional e internacional\u00bb como as\u00ed lo ha asegurado la edil de Cultura, Marisa Mingot, en <a href=\"\/\/radiobenidorm.es\" rel=\"nofollow noopener\" target=\"_blank\">Hoy por Hoy Benidorm.<\/a><\/p>   <p>Agust\u00edn Galiana explicaba en <a href=\"\/\/radiobenidorm.es\" rel=\"nofollow noopener\" target=\"_blank\">Radio Benidorm <\/a>que \u00abeste premio viene a curar una herida del alguien que muy joven tuvo que coger las maletas y, sin un duro y sin conocer el idioma ni a nadie, emigrar a otro pa\u00eds d para poder cumplir sus sue\u00f1os\u00bb. Galiana lleva unos a\u00f1os afincado en Par\u00eds, donde est\u00e1 triunfando en programas, series de televisi\u00f3n y pel\u00edculas, mientras graba discos, de los cuales algunos videoclips son rodados en Villajoyosa. Recientemente ha estrenado el largometraje \u201cCien millones\u201d de Nath Dumont y est\u00e1 rodando la serie \u201cMission Camping Car\u201d que se emitir\u00e1 en 2025 en la televisi\u00f3n francesa, despu\u00e9s de conseguir un gran \u00e9xito protagonizando nueve temporadas de la serie \u201cClem\u201d, junto con la actriz Victoria Abril.<\/p>   <p>En el caso del Club de Rugby La Vila, se premia su talento deportivo y su reci\u00e9n ascenso a primera divisi\u00f3n, adem\u00e1s de proyectar la imagen de Villajoyosa a nivel nacional. Su presidente, Guillem Carri\u00f3n, ha destacado en <a href=\"\/\/radiobenidorm.es\" rel=\"nofollow noopener\" target=\"_blank\">Hoy por Hoy Benidorm <\/a>\u00abel gran apoyo que hemos recibido siempre, en los momentos buenos y en los malos, de los vileros y de toda la comarca\u00bb. Desde la temporada 2006\/07, ha conseguido un crecimiento espectacular consiguiendo ascender dos categor\u00edas hasta conseguir alcanzar la m\u00e1xima categor\u00eda del rugby espa\u00f1ol, la <a href=\"https:\/\/es.m.wikipedia.org\/wiki\/Divisi%C3%B3n_de_Honor_de_Rugby\" rel=\"nofollow noopener\" target=\"_blank\">Divisi\u00f3n de Honor<\/a>. <\/p>   <p>Ambos galardonados ser\u00e1n los portadores de las banderas oficiales en el acto institucional del Nou d\u2019Octubre. En el caso del Club de Rugby La Vila ser\u00e1 el presidente del club, Guillem Carri\u00f3.<\/p>   <p>En el acto institucional, el Alcalde Marcos Zaragoza tambi\u00e9n entregar\u00e1 p\u00fablicamente el t\u00edtulo de Hijo Predilecto de Villajoyosa a t\u00edtulo p\u00f3stumo al doctor Francisco M\u00e1s Llorca. En este caso, lo recoger\u00e1 su viuda Emilia Brotons Climent. Este nombramiento fue aprobado por el pleno celebrado el 21 de marzo, cuyo reconocimiento, propuesto por el Alcalde, responde a la solicitud del Consejo Rector del Centro Municipal de Asistencia Hospital Asilo Santa Marta. El doctor M\u00e1s fue precursor de la construcci\u00f3n del Hospital Comarcal Marina Baixa y del Hospital Asilo Santa Marta. En 2016 se reconoci\u00f3 su compromiso por conseguir servicios p\u00fablicos esenciales para el municipio y la comarca, asign\u00e1ndole su nombre a una de las calles del PP-33.<\/p>   <p>     .c-w{         max-width:444px;         width:100%;         margin:32px auto;      background:#00755E;         border-radius:4px;         display:flex;         align-items:center;         justify-content:center;     }     .c-w a{         display:flex;         align-items:center;         justify-content:center;         padding:4px 24px;     }     .c-w img{         width:24px;         margin-right:12px;     }     .c-w p{         font:18px\/25px Poppins;         text-align:center;         color:#fff;         margin:0;     }     @media (max-width:444px){         .c-w a{             padding:4px 12px;         }         .c-w img{             width:24px;             margin-right:8px;         }         .c-w p{             font:14px\/25px Poppins;         }     }     @media (max-width:335px){         .c-w p{             font:13px\/25px Poppins;         }     }  <div class=\"c-w\">     <a href=\"https:\/\/www.whatsapp.com\/channel\/0029Va633PF9WtC4l7XUzh1e\" target=\"_blank\" rel=\"noopener\">         <img decoding=\"async\" src=\"https:\/\/cadenaser.com\/estaticos\/recursosgraficos\/responsive\/img\/ico-whatsapp.svg\" alt=\"Whatsapp\">         <p>\u00danete al <b>canal de WhatsApp<\/b> de la SER<\/p>     <\/a> <\/div><\/p>   <p>La jornada del Nou d\u2019Octubre arrancar\u00e1 con la popular procesi\u00f3n c\u00edvica en la que participar\u00e1 representantes de las asociaciones culturales, sociosanitarias y deportivas vileras, adem\u00e1s de los grupos de danzas Centener y Almadrava, la colla Els Valerios y las bandas de m\u00fasica Ateneu Musical y Agrupaci\u00f3n Musical Mediterr\u00e1neo. Seguidamente, desfilar\u00e1n las banderas de Villajoyosa, a manos de Agust\u00edn Galiana, y la bandera de la Comunidad Valenciana, portada por el presidente del Club de Rugby La Vila Guillem Carri\u00f3. Cerrar\u00e1n la procesi\u00f3n c\u00edvica las autoridades locales.<\/p>   <p>La comitiva saldr\u00e1 a las 11 horas de la plaza Castelar y recorrer\u00e1 la plaza de la Generalitat y las calles Canalejas, Col\u00f3n y Barranquet, hasta llegar a la finca La Barbera. Delante de la fachada de la Casa Museo de La Barbera, se celebrar\u00e1 el acto institucional en el que el Alcalde Marcos Zaragoza entregar\u00e1 la insignia de plata de la ciudad, as\u00ed como el Premi Nou d\u2019Octubre a Agust\u00edn Galiana y Guillem Carri\u00f3. Adem\u00e1s, el Alcalde entregar\u00e1 a t\u00edtulo p\u00f3stumo el t\u00edtulo de Hijo Predilecto de Villajoyosa a don Francisco M\u00e1s Llorca. Tras el discurso institucional por parte del Alcalde, la banda de la Societat Ateneu Musical y la Coral Villajoyosa interpretar\u00e1n el himno regional seguido de una masclet\u00e0.<\/p>   <p>A continuaci\u00f3n, actuar\u00e1n los grupos de danza Centener y Almadrava junto con la colla Els Valerios y se distribuir\u00e1 la t\u00edpica \u201cmocadorada de Sant Dion\u00eds\u201d, cuyo donativo se destinar\u00e1 a las asociaciones Parkinson Mediterr\u00e1neo y Autisme La Vila.<\/p> ","protected":false},"excerpt":{"rendered":"<p>Recibir\u00e1n el galard\u00f3n en el marco de los actos conmemorativos del D\u00eda de la Comunitat Valenciana en el que tambi\u00e9n se entregar\u00e1 el t\u00edtulo de Hijo Predilecto p\u00f3stumo a Francisco M\u00e1s Llorca<\/p>\n","protected":false},"author":0,"featured_media":9169,"comment_status":"open","ping_status":"open","sticky":false,"template":"","format":"standard","meta":{"_acf_changed":false,"footnotes":""},"categories":[1],"tags":[],"class_list":["post-9168","post","type-post","status-publish","format-standard","has-post-thumbnail","hentry","category-sin-categoria"],"acf":{"ser_id":"ZHKST3JWFRAY5C2ZGQP766GXMY","ser_url":"https:\/\/cadenaser.com\/comunitat-valenciana\/2024\/10\/08\/el-actor-vilero-agustin-galiana-y-el-club-de-rugby-la-vila-premis-nou-doctubre-en-la-vila-joiosa-radio-benidorm\/"},"_links":{"self":[{"href":"https:\/\/serbenidorm.daliisolutions.com\/index.php\/wp-json\/wp\/v2\/posts\/9168","targetHints":{"allow":["GET"]}}],"collection":[{"href":"https:\/\/serbenidorm.daliisolutions.com\/index.php\/wp-json\/wp\/v2\/posts"}],"about":[{"href":"https:\/\/serbenidorm.daliisolutions.com\/index.php\/wp-json\/wp\/v2\/types\/post"}],"replies":[{"embeddable":true,"href":"https:\/\/serbenidorm.daliisolutions.com\/index.php\/wp-json\/wp\/v2\/comments?post=9168"}],"version-history":[{"count":0,"href":"https:\/\/serbenidorm.daliisolutions.com\/index.php\/wp-json\/wp\/v2\/posts\/9168\/revisions"}],"wp:featuredmedia":[{"embeddable":true,"href":"https:\/\/serbenidorm.daliisolutions.com\/index.php\/wp-json\/wp\/v2\/media\/9169"}],"wp:attachment":[{"href":"https:\/\/serbenidorm.daliisolutions.com\/index.php\/wp-json\/wp\/v2\/media?parent=9168"}],"wp:term":[{"taxonomy":"category","embeddable":true,"href":"https:\/\/serbenidorm.daliisolutions.com\/index.php\/wp-json\/wp\/v2\/categories?post=9168"},{"taxonomy":"post_tag","embeddable":true,"href":"https:\/\/serbenidorm.daliisolutions.com\/index.php\/wp-json\/wp\/v2\/tags?post=9168"}],"curies":[{"name":"wp","href":"https:\/\/api.w.org\/{rel}","templated":true}]}}