{"id":9170,"date":"2024-10-08T18:29:08","date_gmt":"2024-10-08T16:29:08","guid":{"rendered":"https:\/\/serbenidorm.daliisolutions.com\/index.php\/2024\/10\/08\/fcc-recurre-el-acuerdo-plenario-de-benidorm-que-declaro-nula-su-segunda-prorroga-en-el-parking-de-laiguera\/"},"modified":"2024-10-08T18:29:08","modified_gmt":"2024-10-08T16:29:08","slug":"fcc-recurre-el-acuerdo-plenario-de-benidorm-que-declaro-nula-su-segunda-prorroga-en-el-parking-de-laiguera","status":"publish","type":"post","link":"https:\/\/serbenidorm.daliisolutions.com\/index.php\/2024\/10\/08\/fcc-recurre-el-acuerdo-plenario-de-benidorm-que-declaro-nula-su-segunda-prorroga-en-el-parking-de-laiguera\/","title":{"rendered":"FCC recurre el acuerdo plenario de Benidorm que declar\u00f3 nula su segunda pr\u00f3rroga en el parking de l&#8217;Aig\u00fcera"},"content":{"rendered":"  <p>Benidorm<\/p>   <p>La antigua concesionaria del aparcamiento de l\u2019Aig\u00fcera, FCC, ha llevado al juzgado Contencioso Administrativo de Alicante el acuerdo plenario del pasado mes de mayo por el que<a href=\"https:\/\/cadenaser.com\/tag\/benidorm\/a\/\" target=\"_blank\" rel=\"noopener\"> se declar\u00f3 nula la segunda pr\u00f3rroga de este servicio p\u00fablico aprobada en solitario por el gobierno del PP en 2021<\/a>.<\/p>   <p>As\u00ed lo ha explicado el portavoz adjunto socialista, Sergi Castillo, quien adem\u00e1s ha avanzado que el Ayuntamiento se va a personar en el procedimiento y que ya ha confiado su defensa en dos letrados municipales.<\/p>   <p>Castillo ha recordado que fue la Agencia Valenciana Antifraude quien inici\u00f3 una investigaci\u00f3n al respecto de esta pr\u00f3rroga alertando en un informe que se acreditaba la existencia de indicios de presunto fraude de ley en la actividad contractual llevada a cabo por el consistorio.<\/p>  <p><p>M\u00e1s informaci\u00f3n<\/p><figure><img loading=\"lazy\" decoding=\"async\" src=\"https:\/\/cadenaser.com\/resizer\/v2\/26WHYJDPVFGSLCSKPT7CJB3AUQ.jpg?auth=90b6aa15cf86792b9c7cd248ee92c1a7dc7b811ce0d2c415a3c8a7ae3195a237&amp;quality=70&amp;width=360&amp;height=202&amp;smart=true\" width=\"820\" height=\"621\" \/><\/figure><ul><li><a href=\"https:\/\/cadenaser.com\/comunitat-valenciana\/2024\/02\/13\/el-tribunal-de-cuentas-archivas-las-diligencias-abiertas-al-ayuntamiento-de-benidorm-por-la-gestion-del-parking-de-laiguera-radio-benidorm\/\"><span>\u00abEl Ayuntamiento lo hizo bien\u00bb: El alcalde de Benidorm sobre el archivo de las diligencias por la gesti\u00f3n del parking de l&#8217;Aig\u00fcera<\/span><\/a><\/li><\/ul><\/p>   <p>Una cuesti\u00f3n en la que el Consell Jur\u00eddic Consultiu resolvi\u00f3 que se trataba de \u00abuna contrataci\u00f3n irregular, nula de pleno derecho, al convertirse, en definitiva, en una pr\u00f3rroga de contrato indeterminada, con vulneraci\u00f3n de los principios que rigen la contrataci\u00f3n p\u00fablica\u00bb. <a href=\"https:\/\/cadenaser.com\/comunitat-valenciana\/2024\/02\/13\/el-tribunal-de-cuentas-archivas-las-diligencias-abiertas-al-ayuntamiento-de-benidorm-por-la-gestion-del-parking-de-laiguera-radio-benidorm\/\" target=\"_blank\" rel=\"noopener\">Despu\u00e9s, sin embargo, el Tribunal de Cuentas archiv\u00f3 las diligencias abiertas por el caso<\/a>.<\/p>   <p>El portavoz adjunto de la oposici\u00f3n ha destacado que desde su grupo van a estar muy pendientes de c\u00f3mo se desarrolla este proceso judicial \u00abpuesto que del resultado final depende que el Ayuntamiento pueda liquidar el contrato con la anterior empresa encargada de gestionar el parking, FCC Medio Ambiente SAU, y recuperar 644.591,63 euros que son de todos los vecinos\u00bb, en concepto de p\u00e9rdida total de ingresos del Ayuntamiento por el periodo comprendido entre junio de 2021 hasta febrero de 2023.<\/p>   <p>     .c-w{         max-width:444px;         width:100%;         margin:32px auto;      background:#00755E;         border-radius:4px;         display:flex;         align-items:center;         justify-content:center;     }     .c-w a{         display:flex;         align-items:center;         justify-content:center;         padding:4px 24px;     }     .c-w img{         width:24px;         margin-right:12px;     }     .c-w p{         font:18px\/25px Poppins;         text-align:center;         color:#fff;         margin:0;     }     @media (max-width:444px){         .c-w a{             padding:4px 12px;         }         .c-w img{             width:24px;             margin-right:8px;         }         .c-w p{             font:14px\/25px Poppins;         }     }     @media (max-width:335px){         .c-w p{             font:13px\/25px Poppins;         }     }  <div class=\"c-w\">     <a href=\"https:\/\/www.whatsapp.com\/channel\/0029Va633PF9WtC4l7XUzh1e\" target=\"_blank\" rel=\"noopener\">         <img decoding=\"async\" src=\"https:\/\/cadenaser.com\/estaticos\/recursosgraficos\/responsive\/img\/ico-whatsapp.svg\" alt=\"Whatsapp\">         <p>\u00danete al <b>canal de WhatsApp<\/b> de la SER<\/p>     <\/a> <\/div><\/p>   <p>La portavoz del ejecutivo local, Lourdes Caselles, ha salido al paso de las declaraciones del PSOE asegurando que \u00aben todo momento defendemos los intereses generales de Benidorm y contamos con la mejor defensa con los letrados del ayuntamiento o asesor\u00edas externas\u00bb. <\/p> ","protected":false},"excerpt":{"rendered":"<p>La oposici\u00f3n conf\u00eda en que la justicia d\u00e9 la raz\u00f3n al Ayuntamiento y pueda recuperar 644.000 euros | El gobierno responde: \u00abNo hace falta que nos digan c\u00f3mo tenemos que pelear y defender los intereses generales\u00bb<\/p>\n","protected":false},"author":0,"featured_media":9171,"comment_status":"open","ping_status":"open","sticky":false,"template":"","format":"standard","meta":{"_acf_changed":false,"footnotes":""},"categories":[1],"tags":[],"class_list":["post-9170","post","type-post","status-publish","format-standard","has-post-thumbnail","hentry","category-sin-categoria"],"acf":{"ser_id":"B6ZPXNWYURFGJBN4S3MIUG3JQU","ser_url":"https:\/\/cadenaser.com\/comunitat-valenciana\/2024\/10\/08\/fcc-recurre-el-acuerdo-plenario-de-benidorm-que-declaro-nula-su-segunda-prorroga-en-el-parking-de-laiguera-radio-benidorm\/"},"_links":{"self":[{"href":"https:\/\/serbenidorm.daliisolutions.com\/index.php\/wp-json\/wp\/v2\/posts\/9170","targetHints":{"allow":["GET"]}}],"collection":[{"href":"https:\/\/serbenidorm.daliisolutions.com\/index.php\/wp-json\/wp\/v2\/posts"}],"about":[{"href":"https:\/\/serbenidorm.daliisolutions.com\/index.php\/wp-json\/wp\/v2\/types\/post"}],"replies":[{"embeddable":true,"href":"https:\/\/serbenidorm.daliisolutions.com\/index.php\/wp-json\/wp\/v2\/comments?post=9170"}],"version-history":[{"count":0,"href":"https:\/\/serbenidorm.daliisolutions.com\/index.php\/wp-json\/wp\/v2\/posts\/9170\/revisions"}],"wp:featuredmedia":[{"embeddable":true,"href":"https:\/\/serbenidorm.daliisolutions.com\/index.php\/wp-json\/wp\/v2\/media\/9171"}],"wp:attachment":[{"href":"https:\/\/serbenidorm.daliisolutions.com\/index.php\/wp-json\/wp\/v2\/media?parent=9170"}],"wp:term":[{"taxonomy":"category","embeddable":true,"href":"https:\/\/serbenidorm.daliisolutions.com\/index.php\/wp-json\/wp\/v2\/categories?post=9170"},{"taxonomy":"post_tag","embeddable":true,"href":"https:\/\/serbenidorm.daliisolutions.com\/index.php\/wp-json\/wp\/v2\/tags?post=9170"}],"curies":[{"name":"wp","href":"https:\/\/api.w.org\/{rel}","templated":true}]}}