{"id":9172,"date":"2024-10-08T18:29:09","date_gmt":"2024-10-08T16:29:09","guid":{"rendered":"https:\/\/serbenidorm.daliisolutions.com\/index.php\/2024\/10\/08\/raul-mesa-vuelve-a-la-copa-de-europa-19-anos-despues-de-su-historico-triunfo\/"},"modified":"2024-10-08T18:29:09","modified_gmt":"2024-10-08T16:29:09","slug":"raul-mesa-vuelve-a-la-copa-de-europa-19-anos-despues-de-su-historico-triunfo","status":"publish","type":"post","link":"https:\/\/serbenidorm.daliisolutions.com\/index.php\/2024\/10\/08\/raul-mesa-vuelve-a-la-copa-de-europa-19-anos-despues-de-su-historico-triunfo\/","title":{"rendered":"Ra\u00fal Mesa vuelve a la Copa de Europa 19 a\u00f1os despu\u00e9s de su hist\u00f3rico triunfo"},"content":{"rendered":"  <p>Benidorm<\/p>   <p>La ciudad francesa de Montepllier acoger\u00e1, del 10 al 13 de octubre, la Copa de Europa de v\u00f3ley playa, una competici\u00f3n en la que debutar\u00e1 este a\u00f1o el Club V\u00f3ley Playa Poniente de Benidorm, que formar\u00e1 en la m\u00e1xima cita continental con los reci\u00e9n coronados campeones de Copa del Rey, Joaqu\u00edn y Javier Bello; el venezolano Hern\u00e1n Tovar, mundialista la temporada pasada y el neerland\u00e9s de 20 a\u00f1os Sengers, todo un muro en la red que ya sabe lo que es jugar una final del circuito mundial.<\/p>   <p>Adem\u00e1s, a la expedici\u00f3n se sumar\u00e1n el tercer y joven hermano de los Bello as\u00ed como el 158 veces internacional y ol\u00edmpico Ra\u00fal Mesa, que viaja como l\u00edder de la expedici\u00f3n y actuar\u00e1 como jugador-entrenador aportando toda su experiencia para intentar llevar a Benidorm a lo m\u00e1s alto de Europa.<\/p>   <p>La plaza para que el Club V\u00f3ley Playa Poniente de Benidorm no se confirm\u00f3 hasta entrado el mes de septiembre, una decisi\u00f3n en la que ha jugado un papel muy importante la contrastada trayectoria que ha tenido la entidad desde su fundaci\u00f3n en 2013 as\u00ed como el curr\u00edculum de su director t\u00e9cnico y a\u00fan jugador en activo, a los 42 a\u00f1os, Ra\u00fal Mesa, ganador del torneo en 2005.<\/p>   <p>Los responsables del club benidormense han manifestado que para ellos \u201ces todo un orgullo llevar el v\u00f3ley playa local a lo m\u00e1s alto a nivel europeo\u201d.<\/p> ","protected":false},"excerpt":{"rendered":"<p>El Club V\u00f3ley Playa Poniente de Benidorm disputar\u00e1 la competici\u00f3n continental en Montpellierc<\/p>\n","protected":false},"author":0,"featured_media":9173,"comment_status":"open","ping_status":"open","sticky":false,"template":"","format":"standard","meta":{"_acf_changed":false,"footnotes":""},"categories":[16],"tags":[],"class_list":["post-9172","post","type-post","status-publish","format-standard","has-post-thumbnail","hentry","category-deportes"],"acf":{"ser_id":"2NCED2NI3JGUDJTYIH3RFS2PWA","ser_url":"https:\/\/cadenaser.com\/comunitat-valenciana\/2024\/10\/08\/raul-mesa-vuelve-a-la-copa-de-europa-19-anos-despues-de-su-historico-triunfo-radio-benidorm\/"},"_links":{"self":[{"href":"https:\/\/serbenidorm.daliisolutions.com\/index.php\/wp-json\/wp\/v2\/posts\/9172","targetHints":{"allow":["GET"]}}],"collection":[{"href":"https:\/\/serbenidorm.daliisolutions.com\/index.php\/wp-json\/wp\/v2\/posts"}],"about":[{"href":"https:\/\/serbenidorm.daliisolutions.com\/index.php\/wp-json\/wp\/v2\/types\/post"}],"replies":[{"embeddable":true,"href":"https:\/\/serbenidorm.daliisolutions.com\/index.php\/wp-json\/wp\/v2\/comments?post=9172"}],"version-history":[{"count":0,"href":"https:\/\/serbenidorm.daliisolutions.com\/index.php\/wp-json\/wp\/v2\/posts\/9172\/revisions"}],"wp:featuredmedia":[{"embeddable":true,"href":"https:\/\/serbenidorm.daliisolutions.com\/index.php\/wp-json\/wp\/v2\/media\/9173"}],"wp:attachment":[{"href":"https:\/\/serbenidorm.daliisolutions.com\/index.php\/wp-json\/wp\/v2\/media?parent=9172"}],"wp:term":[{"taxonomy":"category","embeddable":true,"href":"https:\/\/serbenidorm.daliisolutions.com\/index.php\/wp-json\/wp\/v2\/categories?post=9172"},{"taxonomy":"post_tag","embeddable":true,"href":"https:\/\/serbenidorm.daliisolutions.com\/index.php\/wp-json\/wp\/v2\/tags?post=9172"}],"curies":[{"name":"wp","href":"https:\/\/api.w.org\/{rel}","templated":true}]}}