{"id":9205,"date":"2024-10-09T12:23:21","date_gmt":"2024-10-09T10:23:21","guid":{"rendered":"https:\/\/serbenidorm.daliisolutions.com\/index.php\/2024\/10\/09\/juan-antonio-espinosa-distincion-cultural-ciutat-de-benidorm-la-musica-clasica-te-abre-a-unas-emociones-nada-convencionales\/"},"modified":"2024-10-09T12:23:21","modified_gmt":"2024-10-09T10:23:21","slug":"juan-antonio-espinosa-distincion-cultural-ciutat-de-benidorm-la-musica-clasica-te-abre-a-unas-emociones-nada-convencionales","status":"publish","type":"post","link":"https:\/\/serbenidorm.daliisolutions.com\/index.php\/2024\/10\/09\/juan-antonio-espinosa-distincion-cultural-ciutat-de-benidorm-la-musica-clasica-te-abre-a-unas-emociones-nada-convencionales\/","title":{"rendered":"Juan Antonio Espinosa, Distinci\u00f3n Cultural &#8216;Ciutat de Benidorm&#8217;: \u00abLa m\u00fasica cl\u00e1sica te abre a unas emociones nada convencionales\u00bb"},"content":{"rendered":"  <p>Benidorm<\/p>   <p>Este mi\u00e9rcoles 9 d\u2019Octubre, D\u00eda de la Comunitat Valenciana, comenzar\u00e1 en Benidorm a las 10:30 horas con el pleno institucional en la Plaza del Castell en el que se entregar\u00e1 la Distinci\u00f3n Cultural &#8216;Ciutat de Benidorm&#8217; al profesor, investigador y director musical <a href=\"https:\/\/cadenaser.com\/tag\/benidorm\/a\/\" target=\"_blank\" rel=\"noopener\">Juan Antonio Espinosa<\/a>.<\/p>   <p>Espinosa, reci\u00e9n jubilado, ha explicado en <a href=\"https:\/\/cadenaser.com\/tag\/comarca_la_marina_baixa\/a\/\" target=\"_blank\" rel=\"noopener\">La Ventana de la Marina Baixa <\/a>la emoci\u00f3n de que este galard\u00f3n coincida con \u00abel cierre de un periplo profesional importante\u00bb y de que le hayan presentado al concurso los anteriores ganadores: \u00abMe halaga mucho\u00bb.<\/p>  <p><p>M\u00e1s informaci\u00f3n<\/p><figure><img loading=\"lazy\" decoding=\"async\" src=\"https:\/\/cadenaser.com\/resizer\/v2\/WAWL4NT5BRABRGMLTJ4JIF53JM.jpg?auth=d9536c5604fc224abdf198a19d6720cc7380b7fdaf7f29447db1360b6cdea557&amp;quality=70&amp;width=360&amp;height=202&amp;smart=true\" width=\"820\" height=\"621\" \/><\/figure><ul><li><a href=\"https:\/\/cadenaser.com\/comunitat-valenciana\/2024\/10\/08\/el-actor-vilero-agustin-galiana-y-el-club-de-rugby-la-vila-premis-nou-doctubre-en-la-vila-joiosa-radio-benidorm\/\"><span>El actor vilero Agust\u00edn Galiana y el Club de Rugby La Vila, Premis Nou d\u2019Octubre en La Vila Joiosa<\/span><\/a><\/li><\/ul><\/p>   <p>Sus inicios en la m\u00fasica son con tan solo ocho a\u00f1os tocando el piano, hasta que con 15 su padre le advirti\u00f3 la necesidad de conocer un instrumento de viento \u00abpara la mili\u00bb. Es entonces cuando empieza su periplo en la Uni\u00f3n Musical de Benidorm aprendiendo el clarinete.<\/p>   <p>Una vocaci\u00f3n temprana, ha reconocido Espinosa, que ya usaba las agujas de tricotar de su madre para simular los gestos del director de orquesta. Ese ni\u00f1o ser\u00eda premiado de adulto en reiteradas ocasiones por esa misma labor al frente de una decena de sociedades, bandas y orquestas; aunque su faceta preferida, asegura, es la de divulgar la m\u00fasica cl\u00e1sica.<\/p>   <p>\u00abNuestra cultura no ha sido la de la m\u00fasica cl\u00e1sica y gracias a un esfuerzo social extraordinario a partir de la d\u00e9cada de los 80 se empiezan a hacer auditorios y conservatorios por toda Espa\u00f1a\u00bb, recuerda: \u00abYo cuando estudiaba ten\u00eda nueve a\u00f1os e iba a Alicante en autob\u00fas para poder estudiar m\u00fasica y ahora no es as\u00ed, estamos en el camino\u00bb.<\/p>   <p>     .c-w{         max-width:444px;         width:100%;         margin:32px auto;      background:#00755E;         border-radius:4px;         display:flex;         align-items:center;         justify-content:center;     }     .c-w a{         display:flex;         align-items:center;         justify-content:center;         padding:4px 24px;     }     .c-w img{         width:24px;         margin-right:12px;     }     .c-w p{         font:18px\/25px Poppins;         text-align:center;         color:#fff;         margin:0;     }     @media (max-width:444px){         .c-w a{             padding:4px 12px;         }         .c-w img{             width:24px;             margin-right:8px;         }         .c-w p{             font:14px\/25px Poppins;         }     }     @media (max-width:335px){         .c-w p{             font:13px\/25px Poppins;         }     }  <div class=\"c-w\">     <a href=\"https:\/\/www.whatsapp.com\/channel\/0029Va633PF9WtC4l7XUzh1e\" target=\"_blank\" rel=\"noopener\">         <img decoding=\"async\" src=\"https:\/\/cadenaser.com\/estaticos\/recursosgraficos\/responsive\/img\/ico-whatsapp.svg\" alt=\"Whatsapp\">         <p>\u00danete al <b>canal de WhatsApp<\/b> de la SER<\/p>     <\/a> <\/div><\/p> ","protected":false},"excerpt":{"rendered":"<p>El m\u00fasico, profesor y director benidormense recoger\u00e1 el reconocimiento este 9 d&#8217;Octubre<\/p>\n","protected":false},"author":0,"featured_media":9206,"comment_status":"open","ping_status":"open","sticky":false,"template":"","format":"standard","meta":{"_acf_changed":false,"footnotes":""},"categories":[1],"tags":[],"class_list":["post-9205","post","type-post","status-publish","format-standard","has-post-thumbnail","hentry","category-sin-categoria"],"acf":{"ser_id":"GL3TZZ2FFVAP7DRBZPGA47BVYI","ser_url":"https:\/\/cadenaser.com\/comunitat-valenciana\/2024\/10\/08\/juan-antonio-espinosa-distincion-cultural-ciutat-de-benidorm-la-musica-clasica-te-abre-a-unas-emociones-nada-convencionales-radio-benidorm\/"},"_links":{"self":[{"href":"https:\/\/serbenidorm.daliisolutions.com\/index.php\/wp-json\/wp\/v2\/posts\/9205","targetHints":{"allow":["GET"]}}],"collection":[{"href":"https:\/\/serbenidorm.daliisolutions.com\/index.php\/wp-json\/wp\/v2\/posts"}],"about":[{"href":"https:\/\/serbenidorm.daliisolutions.com\/index.php\/wp-json\/wp\/v2\/types\/post"}],"replies":[{"embeddable":true,"href":"https:\/\/serbenidorm.daliisolutions.com\/index.php\/wp-json\/wp\/v2\/comments?post=9205"}],"version-history":[{"count":0,"href":"https:\/\/serbenidorm.daliisolutions.com\/index.php\/wp-json\/wp\/v2\/posts\/9205\/revisions"}],"wp:featuredmedia":[{"embeddable":true,"href":"https:\/\/serbenidorm.daliisolutions.com\/index.php\/wp-json\/wp\/v2\/media\/9206"}],"wp:attachment":[{"href":"https:\/\/serbenidorm.daliisolutions.com\/index.php\/wp-json\/wp\/v2\/media?parent=9205"}],"wp:term":[{"taxonomy":"category","embeddable":true,"href":"https:\/\/serbenidorm.daliisolutions.com\/index.php\/wp-json\/wp\/v2\/categories?post=9205"},{"taxonomy":"post_tag","embeddable":true,"href":"https:\/\/serbenidorm.daliisolutions.com\/index.php\/wp-json\/wp\/v2\/tags?post=9205"}],"curies":[{"name":"wp","href":"https:\/\/api.w.org\/{rel}","templated":true}]}}