{"id":9207,"date":"2024-10-09T12:23:22","date_gmt":"2024-10-09T10:23:22","guid":{"rendered":"https:\/\/serbenidorm.daliisolutions.com\/index.php\/2024\/10\/09\/programa-especial-del-9-doctubre\/"},"modified":"2024-10-09T12:23:22","modified_gmt":"2024-10-09T10:23:22","slug":"programa-especial-del-9-doctubre","status":"publish","type":"post","link":"https:\/\/serbenidorm.daliisolutions.com\/index.php\/2024\/10\/09\/programa-especial-del-9-doctubre\/","title":{"rendered":"Programa especial del 9 d&#8217;Octubre"},"content":{"rendered":"  <p>Val\u00e8ncia<\/p>   <p>La Cadena SER en la Comunitat Valenciana emite un programa especial de cinco horas desde las 9h hasta las 14h con el \u00ab9 d&#8217;Octubre\u00bb como protagonista.<\/p>   <p><div class=\"oembed twitter\"><blockquote class=\"twitter-tweet\"><p lang=\"es\" dir=\"ltr\">\ud83d\udd35\ud83d\udd34\ud83d\udfe1 PROGRAMA ESPECIAL <a href=\"https:\/\/twitter.com\/hashtag\/9dOCtubre?src=hash&amp;ref_src=twsrc%5Etfw\">#9dOCtubre<\/a><br><br>Prosigue el acto institucional en el Palau de la <a href=\"https:\/\/twitter.com\/generalitat?ref_src=twsrc%5Etfw\">@Generalitat<\/a>: los distinguidos reciben sus reconocimientos<br> <br>\ud83d\udd0aEsc\u00fachanos en SER+Valencia 95.7FM, web y aplicaci\u00f3n de la SER <a href=\"https:\/\/t.co\/KQZxAAbrVV\">pic.twitter.com\/KQZxAAbrVV<\/a><\/p>\u2014 Radio Valencia SER (@radiovalencia) <a href=\"https:\/\/twitter.com\/radiovalencia\/status\/1843940212709499077?ref_src=twsrc%5Etfw\">October 9, 2024<\/a><\/blockquote>   <\/div><\/p>   <p>Dirigido por J\u00e8ssica Crespo, emitimos en directo desde los principales puntos de inter\u00e9s en el d\u00eda de la Comunitat Valenciana y que podr\u00e1s seguir en directo a trav\u00e9s de la web, aplicaci\u00f3n de la SER y en el streaming de la cuenta de Radio Valencia desde X.<\/p>  <p><figure><img loading=\"lazy\" decoding=\"async\" src=\"https:\/\/cadenaser.com\/resizer\/v2\/L5NKHTQ5DFH4BNO3QMIBM3TEUU.jpg?auth=759d84f002f132d1e5f155c243c9e18cb74548424b42f41f998135d5ca3a9ed1&amp;quality=70&amp;width=360&amp;height=202&amp;smart=true\" alt=\"V\u00cdDEO | Acto institucional del 9 d&#039;Octubre: resumen y reacciones\" width=\"240\" height=\"135\" \/><\/figure><div><a href=\"https:\/\/cadenaser.com\/comunitat-valenciana\/2024\/10\/09\/acto-institucional-del-9-doctubre-radio-valencia\/\">V\u00cdDEO | Acto institucional del 9 d&#8217;Octubre: resumen y reacciones<\/a><p><\/p><\/div><\/p>   <p><i>Sigue toda la \u00faltima hora en el canal de Whatsapp de Radio Valencia: <\/i><a href=\"https:\/\/whatsapp.com\/channel\/0029VaHjyqSFHWq2Q3iHB33R\" rel=\"nofollow noopener\" target=\"_blank\"><i>haz clic aqu\u00ed y suscr\u00edbete<\/i><\/a><i> para recibir toda la informaci\u00f3n y la actualidad del d\u00eda en tu m\u00f3vil.<\/i><\/p> ","protected":false},"excerpt":{"rendered":"<p>Desde las 9h en directo desde los principales puntos de inter\u00e9s de la celebraci\u00f3n del D\u00eda de la Comunitat Valenciana<\/p>\n","protected":false},"author":0,"featured_media":9208,"comment_status":"open","ping_status":"open","sticky":false,"template":"","format":"standard","meta":{"_acf_changed":false,"footnotes":""},"categories":[1],"tags":[],"class_list":["post-9207","post","type-post","status-publish","format-standard","has-post-thumbnail","hentry","category-sin-categoria"],"acf":{"ser_id":"EWY2C7ZC3ZHZLK7462NMH7UVPQ","ser_url":"https:\/\/cadenaser.com\/comunitat-valenciana\/2024\/10\/08\/programa-especial-del-9-doctubre-radio-valencia\/"},"_links":{"self":[{"href":"https:\/\/serbenidorm.daliisolutions.com\/index.php\/wp-json\/wp\/v2\/posts\/9207","targetHints":{"allow":["GET"]}}],"collection":[{"href":"https:\/\/serbenidorm.daliisolutions.com\/index.php\/wp-json\/wp\/v2\/posts"}],"about":[{"href":"https:\/\/serbenidorm.daliisolutions.com\/index.php\/wp-json\/wp\/v2\/types\/post"}],"replies":[{"embeddable":true,"href":"https:\/\/serbenidorm.daliisolutions.com\/index.php\/wp-json\/wp\/v2\/comments?post=9207"}],"version-history":[{"count":0,"href":"https:\/\/serbenidorm.daliisolutions.com\/index.php\/wp-json\/wp\/v2\/posts\/9207\/revisions"}],"wp:featuredmedia":[{"embeddable":true,"href":"https:\/\/serbenidorm.daliisolutions.com\/index.php\/wp-json\/wp\/v2\/media\/9208"}],"wp:attachment":[{"href":"https:\/\/serbenidorm.daliisolutions.com\/index.php\/wp-json\/wp\/v2\/media?parent=9207"}],"wp:term":[{"taxonomy":"category","embeddable":true,"href":"https:\/\/serbenidorm.daliisolutions.com\/index.php\/wp-json\/wp\/v2\/categories?post=9207"},{"taxonomy":"post_tag","embeddable":true,"href":"https:\/\/serbenidorm.daliisolutions.com\/index.php\/wp-json\/wp\/v2\/tags?post=9207"}],"curies":[{"name":"wp","href":"https:\/\/api.w.org\/{rel}","templated":true}]}}