{"id":9260,"date":"2024-10-11T07:02:27","date_gmt":"2024-10-11T05:02:27","guid":{"rendered":"https:\/\/serbenidorm.daliisolutions.com\/index.php\/2024\/10\/11\/el-balonmano-benidorm-contra-valladolid-y-la-historia\/"},"modified":"2024-10-11T07:02:27","modified_gmt":"2024-10-11T05:02:27","slug":"el-balonmano-benidorm-contra-valladolid-y-la-historia","status":"publish","type":"post","link":"https:\/\/serbenidorm.daliisolutions.com\/index.php\/2024\/10\/11\/el-balonmano-benidorm-contra-valladolid-y-la-historia\/","title":{"rendered":"El Balonmano Benidorm, contra Valladolid y la historia"},"content":{"rendered":"  <p>Benidorm<\/p>   <p>Desde que el d\u00eda 1 de abril de 2017 el <a href=\"https:\/\/cadenaser.com\/tag\/club_balonmano_benidorm\/a\/\">Servigroup Balonmano Benidorm<\/a> visitara por vez primera el Polideportivo Huerta del Rey de Valladolid, el equipo de Sergio Carballeira no ha conseguido imponerse nunca en las siete ocasiones en las que ha viajado hasta orillas del Pisuerga en <a href=\"https:\/\/cadenaser.com\/tag\/liga_asobal\/a\/\">Liga Asobal<\/a>. Un empate a 25 en la primera jornada de la temporada 2017-2018 ha sido el mejor resultado en unos duelos que en los dos \u00faltimos cursos se han resuelto por id\u00e9ntico marcador: 31-30.<\/p>   <p>As\u00ed las cosas, <a href=\"https:\/\/cadenaser.com\/comunitat-valenciana\/2024\/08\/08\/todos-los-partidos-horarios-y-resultados-del-balonmano-servigroup-benidorm-radio-benidorm\/\">el partido que medir\u00e1 a Valladolid y Servigroup Balonmano Benidorm este domingo (19:30 horas)<\/a> tiene, como ya lo tuvo <a href=\"https:\/\/cadenaser.com\/comunitat-valenciana\/2024\/09\/27\/el-servigroup-balonmano-benidorm-reconquista-el-sargal-diez-anos-despues-radio-benidorm\/\">el disputado hace ahora dos semanas en Cuenca<\/a>, algo de \u00e9pico para los del Palau d\u2019Esports.<\/p>  <p><p>M\u00e1s informaci\u00f3n<\/p><figure><img loading=\"lazy\" decoding=\"async\" src=\"https:\/\/cadenaser.com\/resizer\/v2\/ARH4BRR4BFCSNOYJOYB77W327Q.JPG?auth=6e4f9fa78bc5c50f4689f485192578b4a8d0ccff159987a81c592f11b3c59c73&amp;quality=70&amp;width=360&amp;height=202&amp;smart=true\" width=\"820\" height=\"621\" \/><\/figure><ul><li><a href=\"https:\/\/cadenaser.com\/tag\/club_balonmano_benidorm\/a\/\"><span>Todas las noticias del Servigroup Balonmano Benidorm<\/span><\/a><\/li><\/ul><\/p>   <p>Tras <a href=\"https:\/\/cadenaser.com\/comunitat-valenciana\/2024\/10\/06\/heroico-empate-para-el-balonmano-benidorm-ante-anaitasuna-radio-benidorm\/\">el valios\u00edsimo empate arrancado en el \u00faltimo segundo de partido ante Anaitasuna<\/a>, el Servigroup Balonmano Benidorm tratar\u00e1 en esta quinta jornada de la Liga Asobal de aumentar un poco m\u00e1s su renta (ahora de dos puntos) respecto a los vallisoletanos, que vienen de perder ante Granollers (42-36) y que s\u00f3lo han ganado un partido en lo que va de temporada (en casa y ante Guadalajara por 30-26).<\/p>   <p>En cualquier caso, esa irregular andadura de los locales en este arranque liguero no debe de valer para que el Servigroup Balonmano Benidorm viaje confiado a una de sus canchas malditas y los de Sergio Carballeira deber\u00e1n volver a mostrar esa solidez defensiva de la que han venido haciendo gala toda esta temporada y, una vez m\u00e1s, combinar ese muro atr\u00e1s con la efectividad ofensiva y la alta efectividad en el movimiento del bal\u00f3n para evitar p\u00e9rdidas que puedan poner en aprietos a un Roberto Domenech que sigue maravillando bajo palos.<\/p>   <p>Los aficionados de Benidorm, adem\u00e1s, podr\u00e1n ver el partido de su equipo en directo y en abierto ya que ser\u00e1 retransmitido por Teledeporte, el canal tem\u00e1tico deportivo de TVE.<\/p>   <p>     .c-w{         max-width:444px;         width:100%;         margin:32px auto;      background:#00755E;         border-radius:4px;         display:flex;         align-items:center;         justify-content:center;     }     .c-w a{         display:flex;         align-items:center;         justify-content:center;         padding:4px 24px;     }     .c-w img{         width:24px;         margin-right:12px;     }     .c-w p{         font:18px\/25px Poppins;         text-align:center;         color:#fff;         margin:0;     }     @media (max-width:444px){         .c-w a{             padding:4px 12px;         }         .c-w img{             width:24px;             margin-right:8px;         }         .c-w p{             font:14px\/25px Poppins;         }     }     @media (max-width:335px){         .c-w p{             font:13px\/25px Poppins;         }     }  <div class=\"c-w\">     <a href=\"https:\/\/www.whatsapp.com\/channel\/0029Va633PF9WtC4l7XUzh1e\" target=\"_blank\" rel=\"noopener\">         <img decoding=\"async\" src=\"https:\/\/cadenaser.com\/estaticos\/recursosgraficos\/responsive\/img\/ico-whatsapp.svg\" alt=\"Whatsapp\">         <p>\u00danete al <b>canal de WhatsApp<\/b> de la SER<\/p>     <\/a> <\/div><\/p> ","protected":false},"excerpt":{"rendered":"<p>Los de Sergio Carballeira nunca han ganado en sus visitas de Asobal a Pucela<\/p>\n","protected":false},"author":0,"featured_media":9261,"comment_status":"open","ping_status":"open","sticky":false,"template":"","format":"standard","meta":{"_acf_changed":false,"footnotes":""},"categories":[16],"tags":[],"class_list":["post-9260","post","type-post","status-publish","format-standard","has-post-thumbnail","hentry","category-deportes"],"acf":{"ser_id":"7IQLNLOYFNH7VKLRMREOU4QNHQ","ser_url":"https:\/\/cadenaser.com\/comunitat-valenciana\/2024\/10\/11\/el-balonmano-benidorm-contra-valladolid-y-la-historia-radio-benidorm\/"},"_links":{"self":[{"href":"https:\/\/serbenidorm.daliisolutions.com\/index.php\/wp-json\/wp\/v2\/posts\/9260","targetHints":{"allow":["GET"]}}],"collection":[{"href":"https:\/\/serbenidorm.daliisolutions.com\/index.php\/wp-json\/wp\/v2\/posts"}],"about":[{"href":"https:\/\/serbenidorm.daliisolutions.com\/index.php\/wp-json\/wp\/v2\/types\/post"}],"replies":[{"embeddable":true,"href":"https:\/\/serbenidorm.daliisolutions.com\/index.php\/wp-json\/wp\/v2\/comments?post=9260"}],"version-history":[{"count":0,"href":"https:\/\/serbenidorm.daliisolutions.com\/index.php\/wp-json\/wp\/v2\/posts\/9260\/revisions"}],"wp:featuredmedia":[{"embeddable":true,"href":"https:\/\/serbenidorm.daliisolutions.com\/index.php\/wp-json\/wp\/v2\/media\/9261"}],"wp:attachment":[{"href":"https:\/\/serbenidorm.daliisolutions.com\/index.php\/wp-json\/wp\/v2\/media?parent=9260"}],"wp:term":[{"taxonomy":"category","embeddable":true,"href":"https:\/\/serbenidorm.daliisolutions.com\/index.php\/wp-json\/wp\/v2\/categories?post=9260"},{"taxonomy":"post_tag","embeddable":true,"href":"https:\/\/serbenidorm.daliisolutions.com\/index.php\/wp-json\/wp\/v2\/tags?post=9260"}],"curies":[{"name":"wp","href":"https:\/\/api.w.org\/{rel}","templated":true}]}}