{"id":9264,"date":"2024-10-11T07:02:30","date_gmt":"2024-10-11T05:02:30","guid":{"rendered":"https:\/\/serbenidorm.daliisolutions.com\/index.php\/2024\/10\/11\/los-chicos-del-voley-benidormense-buscan-el-liderato-en-casa\/"},"modified":"2024-10-11T07:02:30","modified_gmt":"2024-10-11T05:02:30","slug":"los-chicos-del-voley-benidormense-buscan-el-liderato-en-casa","status":"publish","type":"post","link":"https:\/\/serbenidorm.daliisolutions.com\/index.php\/2024\/10\/11\/los-chicos-del-voley-benidormense-buscan-el-liderato-en-casa\/","title":{"rendered":"Los chicos del v\u00f3ley benidormense buscan el liderato en casa"},"content":{"rendered":"  <p>Benidorm<\/p>   <p>La Superliga 2 llega este fin de semana a su segunda jornada y lo hace, al menos para los intereses del <a href=\"https:\/\/cadenaser.com\/tag\/club_voleibol_playas_benidorm\/a\/\">Club Voleibol Playas de Benidorm<\/a>, con un partido de m\u00e1xima tensi\u00f3n para su equipo masculino, que recibe este s\u00e1bado (17:00 horas) en el pabell\u00f3n Ra\u00fal Mesa al Legan\u00e9s, el equipo que emergi\u00f3 como l\u00edder de la primera jornada y ante el que los de Adriano Lamb deber\u00e1n de sumar los tres puntos en juego para aspirar a escalar hasta esa posici\u00f3n privilegiada.<\/p>   <p>Por el momento, las sensaciones entre los locales son inmejorables despu\u00e9s de una pretemporada en la que <a href=\"https:\/\/cadenaser.com\/comunitat-valenciana\/2024\/09\/30\/el-voleibol-playas-de-benidorm-ilusiona-pese-a-su-derrota-ante-un-superliga-radio-benidorm\/\">s\u00f3lo un Superliga como el Val\u00e8ncia-Conqueridor pudo con ellos<\/a> (y no sin problemas) en la final de la Copa Comunitat y un primer choque liguero que no hizo m\u00e1s que confirmar ese momento dulce.<\/p>   <p><a href=\"https:\/\/cadenaser.com\/comunitat-valenciana\/2024\/10\/06\/buen-arranque-liguero-para-el-club-voleibol-playas-de-benidorm-radio-benidorm\/\">En su desplazamiento de la pasada semana hasta Utrera<\/a>, a la cancha del mismo equipo que en la pen\u00faltima jornada de la pasada temporada dej\u00f3 al Servigroup Benidorm sin la fase de ascenso, qued\u00f3 constatado ese buen momento de forma de los de Adriano Lamb, que se impusieron por un claro 1-3 que coloca a los benidormenses con una clara opci\u00f3n de brindarle el liderato a su afici\u00f3n.<\/p>   <p><b>El Medsur-Finestrat, a por sus primeros puntos<\/b><\/p>  <p><p>M\u00e1s informaci\u00f3n<\/p><figure><img loading=\"lazy\" decoding=\"async\" src=\"https:\/\/cadenaser.com\/resizer\/v2\/UCS4DR5KVZBQLGYL22CUXCVGZI.jpg?auth=3195863daa29503b35db0135ab7bd41d150a49fe5444edb776449894fe71b95b&amp;quality=70&amp;width=360&amp;height=202&amp;smart=true\" width=\"820\" height=\"621\" \/><\/figure><ul><li><a href=\"https:\/\/cadenaser.com\/comunitat-valenciana\/2024\/09\/02\/todos-los-partidos-horarios-y-resultados-del-voleibol-radio-benidorm\/\"><span>Todos los partidos, horarios y resultados del voleibol<\/span><\/a><\/li><\/ul><\/p>   <p>Tambi\u00e9n actuar\u00e1 como local el <a href=\"https:\/\/cadenaser.com\/tag\/club_voleibol_playas_benidorm\/a\/\">Servigroup Benidorm femenino<\/a>, que saltar\u00e1 a la cancha del pabell\u00f3n Ra\u00fal Mesa este s\u00e1bado (19:30 horas) para v\u00e9rselas con el Mairena, otro de los equipos llamados a estar en la zona alta de la clasificaci\u00f3n.<\/p>   <p>Las sevillanas llegar\u00e1n a Benidorm tras haberse impuesto por 3-1 en su primer choque ante el Almer\u00eda mientras que las locales tratar\u00e1n de obtener su primer triunfo de tres puntos tras haberse dejado uno por el camino en su visita a Las Palmas, donde, eso s\u00ed, <a href=\"https:\/\/cadenaser.com\/comunitat-valenciana\/2024\/10\/06\/buen-arranque-liguero-para-el-club-voleibol-playas-de-benidorm-radio-benidorm\/\">se hicieron con la victoria por 2-3, tras una gran remontada, ante el Hidramar-Gran Canaria<\/a>.<\/p>   <p>     .c-w{         max-width:444px;         width:100%;         margin:32px auto;      background:#00755E;         border-radius:4px;         display:flex;         align-items:center;         justify-content:center;     }     .c-w a{         display:flex;         align-items:center;         justify-content:center;         padding:4px 24px;     }     .c-w img{         width:24px;         margin-right:12px;     }     .c-w p{         font:18px\/25px Poppins;         text-align:center;         color:#fff;         margin:0;     }     @media (max-width:444px){         .c-w a{             padding:4px 12px;         }         .c-w img{             width:24px;             margin-right:8px;         }         .c-w p{             font:14px\/25px Poppins;         }     }     @media (max-width:335px){         .c-w p{             font:13px\/25px Poppins;         }     }  <div class=\"c-w\">     <a href=\"https:\/\/www.whatsapp.com\/channel\/0029Va633PF9WtC4l7XUzh1e\" target=\"_blank\" rel=\"noopener\">         <img decoding=\"async\" src=\"https:\/\/cadenaser.com\/estaticos\/recursosgraficos\/responsive\/img\/ico-whatsapp.svg\" alt=\"Whatsapp\">         <p>\u00danete al <b>canal de WhatsApp<\/b> de la SER<\/p>     <\/a> <\/div><\/p>   <p>Con algo m\u00e1s de urgencia viaja el <a href=\"https:\/\/cadenaser.com\/tag\/club_voleibol_finestrat\/a\/\">Medsur-Finestrat<\/a>hasta Almer\u00eda tras su <a href=\"https:\/\/cadenaser.com\/comunitat-valenciana\/2024\/10\/06\/buen-arranque-liguero-para-el-club-voleibol-playas-de-benidorm-radio-benidorm\/\">derrota del pasado domingo en casa ante el Cuesta Piedra canario<\/a>. Pese a ese tropiezo, Juanvi Llinares ya dej\u00f3 claro que lo m\u00e1s importante en ese choque ante las grandes favoritas para el ascenso, son las buenas sensaciones que dejaron sus jugadoras en un partido muy condicionado por el nivel del rival y, sobre todo, por las bajas que arrastraban las finestratenses en esa primera fecha del a\u00f1o.<\/p> ","protected":false},"excerpt":{"rendered":"<p>El pabell\u00f3n Ra\u00fal Mesa vivir\u00e1 su primera doble sesi\u00f3n de liga este s\u00e1bado<\/p>\n","protected":false},"author":0,"featured_media":9265,"comment_status":"open","ping_status":"open","sticky":false,"template":"","format":"standard","meta":{"_acf_changed":false,"footnotes":""},"categories":[16],"tags":[],"class_list":["post-9264","post","type-post","status-publish","format-standard","has-post-thumbnail","hentry","category-deportes"],"acf":{"ser_id":"FJ62RDQYEBFJZMZH4FTMD4HFQY","ser_url":"https:\/\/cadenaser.com\/comunitat-valenciana\/2024\/10\/11\/los-chicos-del-voley-benidormense-buscan-el-liderato-en-casa-radio-benidorm\/"},"_links":{"self":[{"href":"https:\/\/serbenidorm.daliisolutions.com\/index.php\/wp-json\/wp\/v2\/posts\/9264","targetHints":{"allow":["GET"]}}],"collection":[{"href":"https:\/\/serbenidorm.daliisolutions.com\/index.php\/wp-json\/wp\/v2\/posts"}],"about":[{"href":"https:\/\/serbenidorm.daliisolutions.com\/index.php\/wp-json\/wp\/v2\/types\/post"}],"replies":[{"embeddable":true,"href":"https:\/\/serbenidorm.daliisolutions.com\/index.php\/wp-json\/wp\/v2\/comments?post=9264"}],"version-history":[{"count":0,"href":"https:\/\/serbenidorm.daliisolutions.com\/index.php\/wp-json\/wp\/v2\/posts\/9264\/revisions"}],"wp:featuredmedia":[{"embeddable":true,"href":"https:\/\/serbenidorm.daliisolutions.com\/index.php\/wp-json\/wp\/v2\/media\/9265"}],"wp:attachment":[{"href":"https:\/\/serbenidorm.daliisolutions.com\/index.php\/wp-json\/wp\/v2\/media?parent=9264"}],"wp:term":[{"taxonomy":"category","embeddable":true,"href":"https:\/\/serbenidorm.daliisolutions.com\/index.php\/wp-json\/wp\/v2\/categories?post=9264"},{"taxonomy":"post_tag","embeddable":true,"href":"https:\/\/serbenidorm.daliisolutions.com\/index.php\/wp-json\/wp\/v2\/tags?post=9264"}],"curies":[{"name":"wp","href":"https:\/\/api.w.org\/{rel}","templated":true}]}}