{"id":9269,"date":"2024-10-11T07:10:25","date_gmt":"2024-10-11T05:10:25","guid":{"rendered":"https:\/\/serbenidorm.daliisolutions.com\/index.php\/2024\/10\/11\/el-benidorm-y-la-nucia-necesitan-de-una-reaccion-urgente\/"},"modified":"2024-10-11T07:10:25","modified_gmt":"2024-10-11T05:10:25","slug":"el-benidorm-y-la-nucia-necesitan-de-una-reaccion-urgente","status":"publish","type":"post","link":"https:\/\/serbenidorm.daliisolutions.com\/index.php\/2024\/10\/11\/el-benidorm-y-la-nucia-necesitan-de-una-reaccion-urgente\/","title":{"rendered":"El Benidorm y La Nuc\u00eda necesitan de una reacci\u00f3n urgente"},"content":{"rendered":"  <p>Benidorm<\/p>   <p>S\u00f3lo llevamos disputadas cinco jornadas de liga en la <a href=\"https:\/\/cadenaser.com\/tag\/tercera_division_real_federacion_espanola_futbol\/a\/\" target=\"_blank\" rel=\"noopener\">Tercera RFEF<\/a> y los dos representantes de la comarca de la Marina Baixa en la quinta categor\u00eda del f\u00fatbol nacional, el <a href=\"https:\/\/cadenaser.com\/tag\/club_futbol_benidorm\/a\/\" target=\"_blank\" rel=\"noopener\">C.F. Benidorm<\/a> y el <a href=\"https:\/\/cadenaser.com\/tag\/club_futbol_la_nucia\/a\/\" target=\"_blank\" rel=\"noopener\">C.F. La Nuc\u00eda<\/a>, se encuentran en la misma y comprometida situaci\u00f3n.<\/p>   <p>Ambos conjuntos suman cinco de los quince puntos posibles hasta la fecha y coquetean con los puestos de descenso (el C.F. Benidorm, de hecho, est\u00e1 en esa \u2018zona roja\u2019 de la tabla) tras haber acumulado, en ambos casos, <a href=\"https:\/\/cadenaser.com\/comunitat-valenciana\/2024\/09\/02\/todos-los-partidos-horarios-y-resultados-del-cf-benidorm-y-cf-la-nucia-radio-benidorm\/\" target=\"_blank\" rel=\"noopener\">una victoria, dos empates y dos derrotas con los mismos cuatro goles a favor y cinco (La Nuc\u00eda) y siete (Benidorm) en contra<\/a>.<\/p>   <p>La nota tranquilizadora para poner en contexto la situaci\u00f3n de dos equipos que part\u00edan hace poco m\u00e1s de un mes con la etiqueta de aspirantes a todo es que todo lo que est\u00e1 sucediendo parece coyuntural. Mientras el C.F. Benidorm se ha visto muy lastrado por las bajas (tanto por lesiones como por sanciones, evitables en el caso de estas \u00faltimas), el C.F. La Nuc\u00eda, como se esperaba, est\u00e1 necesitando de algunas semanas para terminar de conjuntar una plantilla completamente renovada.<\/p>  <p><p>M\u00e1s informaci\u00f3n<\/p><figure><img loading=\"lazy\" decoding=\"async\" src=\"https:\/\/cadenaser.com\/resizer\/v2\/5W6EDXKM7NCEDIJNNRZSKPGBSY.JPG?auth=8a38de0062740c7dca3f24d17ec6c6e8ff35a7000415c5710e7fbe9faa286d4f&amp;quality=70&amp;width=360&amp;height=202&amp;smart=true\" width=\"820\" height=\"621\" \/><\/figure><ul><li><a href=\"https:\/\/cadenaser.com\/comunitat-valenciana\/2024\/09\/02\/todos-los-partidos-horarios-y-resultados-del-cf-benidorm-y-cf-la-nucia-radio-benidorm\/\"><span>Todos los partidos, horarios y resultados del C.F. Benidorm y C.F. La Nuc\u00eda<\/span><\/a><\/li><\/ul><\/p>   <p>Pese a ello, lo cierto es que en ambas entidades se necesita comenzar a sumar de tres en tres con urgencia si no se quiere ver c\u00f3mo el tren por el ascenso queda fuera de su alcance a las primeras de cambio. El Atl\u00e9tico Levante, quinto clasificado y, por lo tanto, \u00faltimo de los equipos que actualmente disputar\u00edan ese play-off, se encuentra ya a cuatro puntos de distancia mientras que el l\u00edder, el Atl\u00e9tico Saguntino, aventaja en ocho puntos a los de la Marina Baixa.<\/p>   <p>Con estas cifras, m\u00e1s que el descenso (que ambos, por calidad y presupuesto deber\u00edan poder evitar con holgura), lo que est\u00e1 en juego ahora es seguir optando a las cotas m\u00e1ximas y so\u00f1ar con estar en Segunda RFEF la pr\u00f3xima temporada.<\/p>   <p>     .c-w{         max-width:444px;         width:100%;         margin:32px auto;      background:#00755E;         border-radius:4px;         display:flex;         align-items:center;         justify-content:center;     }     .c-w a{         display:flex;         align-items:center;         justify-content:center;         padding:4px 24px;     }     .c-w img{         width:24px;         margin-right:12px;     }     .c-w p{         font:18px\/25px Poppins;         text-align:center;         color:#fff;         margin:0;     }     @media (max-width:444px){         .c-w a{             padding:4px 12px;         }         .c-w img{             width:24px;             margin-right:8px;         }         .c-w p{             font:14px\/25px Poppins;         }     }     @media (max-width:335px){         .c-w p{             font:13px\/25px Poppins;         }     }  <div class=\"c-w\">     <a href=\"https:\/\/www.whatsapp.com\/channel\/0029Va633PF9WtC4l7XUzh1e\" target=\"_blank\" rel=\"noopener\">         <img decoding=\"async\" src=\"https:\/\/cadenaser.com\/estaticos\/recursosgraficos\/responsive\/img\/ico-whatsapp.svg\" alt=\"Whatsapp\">         <p>\u00danete al <b>canal de WhatsApp<\/b> de la SER<\/p>     <\/a> <\/div><\/p>   <p>La primera oportunidad para darle la vuelta a la situaci\u00f3n llegar\u00e1 este mismo fin de semana con los partidos que el s\u00e1bado (16:00 horas) llevar\u00e1n a La Nuc\u00eda al campo del Castell\u00f3n B (cuarto clasificado con cinco puntos m\u00e1s) y el domingo (12:00 horas) al Benidorm a recibir en el Nou Pla de La Vila al Villarreal C, d\u00e9cimo con un punto m\u00e1s que los locales.<\/p> ","protected":false},"excerpt":{"rendered":"<p>Los dos equipos coquetean con la zona de descenso tras un irregular arranque liguero<\/p>\n","protected":false},"author":0,"featured_media":9270,"comment_status":"open","ping_status":"open","sticky":false,"template":"","format":"standard","meta":{"_acf_changed":false,"footnotes":""},"categories":[16],"tags":[],"class_list":["post-9269","post","type-post","status-publish","format-standard","has-post-thumbnail","hentry","category-deportes"],"acf":{"ser_id":"YCXZYB7WWJEKND6ELDKI56G7LQ","ser_url":"https:\/\/cadenaser.com\/comunitat-valenciana\/2024\/10\/11\/el-benidorm-y-la-nucia-necesitan-de-una-reaccion-urgente-radio-benidorm\/"},"_links":{"self":[{"href":"https:\/\/serbenidorm.daliisolutions.com\/index.php\/wp-json\/wp\/v2\/posts\/9269","targetHints":{"allow":["GET"]}}],"collection":[{"href":"https:\/\/serbenidorm.daliisolutions.com\/index.php\/wp-json\/wp\/v2\/posts"}],"about":[{"href":"https:\/\/serbenidorm.daliisolutions.com\/index.php\/wp-json\/wp\/v2\/types\/post"}],"replies":[{"embeddable":true,"href":"https:\/\/serbenidorm.daliisolutions.com\/index.php\/wp-json\/wp\/v2\/comments?post=9269"}],"version-history":[{"count":0,"href":"https:\/\/serbenidorm.daliisolutions.com\/index.php\/wp-json\/wp\/v2\/posts\/9269\/revisions"}],"wp:featuredmedia":[{"embeddable":true,"href":"https:\/\/serbenidorm.daliisolutions.com\/index.php\/wp-json\/wp\/v2\/media\/9270"}],"wp:attachment":[{"href":"https:\/\/serbenidorm.daliisolutions.com\/index.php\/wp-json\/wp\/v2\/media?parent=9269"}],"wp:term":[{"taxonomy":"category","embeddable":true,"href":"https:\/\/serbenidorm.daliisolutions.com\/index.php\/wp-json\/wp\/v2\/categories?post=9269"},{"taxonomy":"post_tag","embeddable":true,"href":"https:\/\/serbenidorm.daliisolutions.com\/index.php\/wp-json\/wp\/v2\/tags?post=9269"}],"curies":[{"name":"wp","href":"https:\/\/api.w.org\/{rel}","templated":true}]}}