{"id":9271,"date":"2024-10-11T07:41:14","date_gmt":"2024-10-11T05:41:14","guid":{"rendered":"https:\/\/serbenidorm.daliisolutions.com\/index.php\/2024\/10\/11\/el-terralfas-busca-el-liderato-en-casa\/"},"modified":"2024-10-11T07:41:14","modified_gmt":"2024-10-11T05:41:14","slug":"el-terralfas-busca-el-liderato-en-casa","status":"publish","type":"post","link":"https:\/\/serbenidorm.daliisolutions.com\/index.php\/2024\/10\/11\/el-terralfas-busca-el-liderato-en-casa\/","title":{"rendered":"El Terralf\u00e0s busca el liderato en casa"},"content":{"rendered":"  <p>Benidorm<\/p>   <p>Tras la victoria conseguida la pasada semana en su visita al Almeda (58-62), el equipo s\u00e9nior femenino del <a href=\"https:\/\/cadenaser.com\/tag\/club_baloncesto_terralfas\/a\/\">B\u00e0sket Terralf\u00e0s<\/a>inaugura este domingo (12:30 horas) su periplo liguero como local recibiendo en el pabell\u00f3n Pau Gasol al Lanzarote en un partido que puede colocar a las de Manu Fuster como l\u00edderes de la clasificaci\u00f3n, una posici\u00f3n que ahora mismo comparten con otros seis equipos y que, por aquello del \u2018b\u00e1squet average\u2019 las ha situado en la s\u00e9ptima posici\u00f3n tras la primera fecha.<\/p>   <p>Las canarias, por su parte, viajan hasta l\u2019Alf\u00e0s del Pi tras haber ca\u00eddo en casa (53-66) ante el Segle XXI catal\u00e1n en esa primera jornada y las locales tratar\u00e1n de aprovechar ese mal arranque de su rival para seguir sumando importantes victorias que afiancen sus opciones de cara a conseguir lo antes posible <a href=\"https:\/\/cadenaser.com\/comunitat-valenciana\/2024\/09\/26\/el-club-basket-terralfas-inicia-su-andadura-en-la-liga-femenina-2-radio-benidorm\/\">ese objetivo confeso de mantener la categor\u00eda tras el ascenso logrado la pasada temporada<\/a>.<\/p>   <p><b>Debut del C.B. Benidorm<\/b><\/p>   <p>Por su parte, el <a href=\"https:\/\/cadenaser.com\/tag\/club_baloncesto_benidorm\/a\/\">Servigroup Benidorm<\/a> de Tercera FEB (antes, Liga EBA), afronta este domingo (18:30 horas) su primer partido de la presente temporada y lo hace ejerciendo como local en el Palau d\u2019Esports ante Sueca, uno de los equipos llamados, como en el caso de los benidormenses, a estar en la zona alta de la tabla.<\/p>   <p><a href=\"https:\/\/cadenaser.com\/comunitat-valenciana\/2024\/10\/10\/el-baloncesto-benidorm-busca-un-doble-ascenso-en-una-temporada-ambiciosa-radio-benidorm\/\">En su paso por SER Deportivos Marina Baixa<\/a>, los responsables y jugadores del equipo benidormense se mostraron confiados en haber podido formar una plantilla de garant\u00edas para pelear por meterse en el play-off de ascenso a Segunda FEB, algo que comenzar\u00e1 a despejarse este mismo fin de semana.<\/p> ","protected":false},"excerpt":{"rendered":"<p>El Baloncesto Benidorm arranca la competici\u00f3n liguera en casa<\/p>\n","protected":false},"author":0,"featured_media":9272,"comment_status":"open","ping_status":"open","sticky":false,"template":"","format":"standard","meta":{"_acf_changed":false,"footnotes":""},"categories":[16],"tags":[],"class_list":["post-9271","post","type-post","status-publish","format-standard","has-post-thumbnail","hentry","category-deportes"],"acf":{"ser_id":"KV4DGDHMTRDE7MTWTJZNYPVFFY","ser_url":"https:\/\/cadenaser.com\/comunitat-valenciana\/2024\/10\/11\/el-terralfas-busca-el-liderato-en-casa-radio-benidorm\/"},"_links":{"self":[{"href":"https:\/\/serbenidorm.daliisolutions.com\/index.php\/wp-json\/wp\/v2\/posts\/9271","targetHints":{"allow":["GET"]}}],"collection":[{"href":"https:\/\/serbenidorm.daliisolutions.com\/index.php\/wp-json\/wp\/v2\/posts"}],"about":[{"href":"https:\/\/serbenidorm.daliisolutions.com\/index.php\/wp-json\/wp\/v2\/types\/post"}],"replies":[{"embeddable":true,"href":"https:\/\/serbenidorm.daliisolutions.com\/index.php\/wp-json\/wp\/v2\/comments?post=9271"}],"version-history":[{"count":0,"href":"https:\/\/serbenidorm.daliisolutions.com\/index.php\/wp-json\/wp\/v2\/posts\/9271\/revisions"}],"wp:featuredmedia":[{"embeddable":true,"href":"https:\/\/serbenidorm.daliisolutions.com\/index.php\/wp-json\/wp\/v2\/media\/9272"}],"wp:attachment":[{"href":"https:\/\/serbenidorm.daliisolutions.com\/index.php\/wp-json\/wp\/v2\/media?parent=9271"}],"wp:term":[{"taxonomy":"category","embeddable":true,"href":"https:\/\/serbenidorm.daliisolutions.com\/index.php\/wp-json\/wp\/v2\/categories?post=9271"},{"taxonomy":"post_tag","embeddable":true,"href":"https:\/\/serbenidorm.daliisolutions.com\/index.php\/wp-json\/wp\/v2\/tags?post=9271"}],"curies":[{"name":"wp","href":"https:\/\/api.w.org\/{rel}","templated":true}]}}