{"id":9273,"date":"2024-10-11T08:03:22","date_gmt":"2024-10-11T06:03:22","guid":{"rendered":"https:\/\/serbenidorm.daliisolutions.com\/index.php\/2024\/10\/11\/felipe-orts-arranca-su-campana-invernal-mas-internacional\/"},"modified":"2024-10-11T08:03:22","modified_gmt":"2024-10-11T06:03:22","slug":"felipe-orts-arranca-su-campana-invernal-mas-internacional","status":"publish","type":"post","link":"https:\/\/serbenidorm.daliisolutions.com\/index.php\/2024\/10\/11\/felipe-orts-arranca-su-campana-invernal-mas-internacional\/","title":{"rendered":"Felipe Orts arranca su campa\u00f1a invernal m\u00e1s internacional"},"content":{"rendered":"  <p>Benidorm<\/p>   <p>Aunque, al menos en su caso, no se vaya a notar mucho por aquello de que el dise\u00f1o del maillot deber\u00e1 respetar su condici\u00f3n de campe\u00f3n de Espa\u00f1a de ciclocross, el vilero <a href=\"https:\/\/cadenaser.com\/tag\/felipe_orts_lloret\/a\/\">Felipe Orts<\/a> estrenar\u00e1 este domingo en la localidad belga de Beringen <a href=\"https:\/\/cadenaser.com\/comunitat-valenciana\/2024\/10\/01\/felipe-orts-comienza-una-nueva-aventura-con-el-ridley-racing-team-radio-benidorm\/\">los colores de su nuevo equipo, el Ridley Racing Team<\/a>, el proyecto de pasaporte belga que compartir\u00e1 junto al neerland\u00e9s Joris Nieuwenhuis y el belga Daan Soete.<\/p>   <p>Tras haber demostrado durante sus ya siete temporadas completas en la categor\u00eda Elite su capacidad de estar con los mejores en todo tipo de circuitos y superficies, a <a href=\"https:\/\/cadenaser.com\/tag\/felipe_orts_lloret\/a\/\">Felipe Orts<\/a> le ha llegado en esta temporada 2024-2025, por fin, la tan merecida oportunidad de fichar por una estructura del pa\u00eds en el que el ciclocross no s\u00f3lo es un deporte de masas, sino casi una religi\u00f3n y en el que, por lo tanto, los equipos ofrecen mejores condiciones y facilidades a los ciclistas.<\/p>  <p><p>M\u00e1s informaci\u00f3n<\/p><figure><img loading=\"lazy\" decoding=\"async\" src=\"https:\/\/cadenaser.com\/resizer\/v2\/3JDAMY7A5REUDDC7GGFQ4PHUJQ.jpg?auth=35bef15a10caf4a6296f5cad11bedb6484c1b89a54a6aea1166cac344f1eab18&amp;quality=70&amp;width=360&amp;height=202&amp;smart=true\" width=\"820\" height=\"621\" \/><\/figure><ul><li><a href=\"https:\/\/cadenaser.com\/tag\/felipe_orts_lloret\/a\/\"><span>Todas las noticias de Felipe Orts<\/span><\/a><\/li><\/ul><\/p>   <p>Todo ello ha hecho que, tras dejar a un lado su proyecto personal en el Forts Team, el corredor de La Vila Joiosa vaya a afrontar esta temporada su campa\u00f1a invernal m\u00e1s internacional, con apariciones muy puntuales en suelo patrio que, en principio, se van a ver reducidas \u00fanicamente al Campeonato de Europa (que este a\u00f1o se disputar\u00e1 en Pontevedra), el Campeonato de Espa\u00f1a, tambi\u00e9n en tierras gallegas (As Pontes) y, por supuesto, <a href=\"https:\/\/cadenaser.com\/comunitat-valenciana\/2024\/09\/05\/la-copa-del-mundo-de-ciclocross-de-benidorm-arranca-la-preventa-de-entradas-radio-benidorm\/\">la Copa del Mundo de Benidorm<\/a>, uno de sus grandes objetivos.<\/p>   <p>Mientras tanto, como suceder\u00e1 este domingo, los aficionados tendr\u00e1n que seguir las evoluciones del mejor especialista espa\u00f1ol de todos los tiempos a trav\u00e9s de la televisi\u00f3n. Una nueva aventura que comienza ya y que lo hace en Beringen.<\/p> ","protected":false},"excerpt":{"rendered":"<p>El ciclista vilero vestir\u00e1 en Beringen por primera vez los colores de su nuevo equipo<\/p>\n","protected":false},"author":0,"featured_media":9274,"comment_status":"open","ping_status":"open","sticky":false,"template":"","format":"standard","meta":{"_acf_changed":false,"footnotes":""},"categories":[16],"tags":[],"class_list":["post-9273","post","type-post","status-publish","format-standard","has-post-thumbnail","hentry","category-deportes"],"acf":{"ser_id":"RPK4Q5MDDNAVFGJKMSRMCWGL7I","ser_url":"https:\/\/cadenaser.com\/comunitat-valenciana\/2024\/10\/11\/felipe-orts-arranca-su-campana-invernal-mas-internacional-radio-benidorm\/"},"_links":{"self":[{"href":"https:\/\/serbenidorm.daliisolutions.com\/index.php\/wp-json\/wp\/v2\/posts\/9273","targetHints":{"allow":["GET"]}}],"collection":[{"href":"https:\/\/serbenidorm.daliisolutions.com\/index.php\/wp-json\/wp\/v2\/posts"}],"about":[{"href":"https:\/\/serbenidorm.daliisolutions.com\/index.php\/wp-json\/wp\/v2\/types\/post"}],"replies":[{"embeddable":true,"href":"https:\/\/serbenidorm.daliisolutions.com\/index.php\/wp-json\/wp\/v2\/comments?post=9273"}],"version-history":[{"count":0,"href":"https:\/\/serbenidorm.daliisolutions.com\/index.php\/wp-json\/wp\/v2\/posts\/9273\/revisions"}],"wp:featuredmedia":[{"embeddable":true,"href":"https:\/\/serbenidorm.daliisolutions.com\/index.php\/wp-json\/wp\/v2\/media\/9274"}],"wp:attachment":[{"href":"https:\/\/serbenidorm.daliisolutions.com\/index.php\/wp-json\/wp\/v2\/media?parent=9273"}],"wp:term":[{"taxonomy":"category","embeddable":true,"href":"https:\/\/serbenidorm.daliisolutions.com\/index.php\/wp-json\/wp\/v2\/categories?post=9273"},{"taxonomy":"post_tag","embeddable":true,"href":"https:\/\/serbenidorm.daliisolutions.com\/index.php\/wp-json\/wp\/v2\/tags?post=9273"}],"curies":[{"name":"wp","href":"https:\/\/api.w.org\/{rel}","templated":true}]}}