{"id":9280,"date":"2024-10-11T11:10:32","date_gmt":"2024-10-11T09:10:32","guid":{"rendered":"https:\/\/serbenidorm.daliisolutions.com\/index.php\/2024\/10\/11\/watty-hlzawizcka-o-llinares-asi-seran-los-conciertos-de-las-jornadas-hispano-noruegas-de-lalfas-del-pi\/"},"modified":"2024-10-11T11:10:32","modified_gmt":"2024-10-11T09:10:32","slug":"watty-hlzawizcka-o-llinares-asi-seran-los-conciertos-de-las-jornadas-hispano-noruegas-de-lalfas-del-pi","status":"publish","type":"post","link":"https:\/\/serbenidorm.daliisolutions.com\/index.php\/2024\/10\/11\/watty-hlzawizcka-o-llinares-asi-seran-los-conciertos-de-las-jornadas-hispano-noruegas-de-lalfas-del-pi\/","title":{"rendered":"Watty, Hlzawizcka o Llinares: as\u00ed ser\u00e1n los conciertos de las Jornadas Hispano-Noruegas de l&#8217;Alf\u00e0s del Pi"},"content":{"rendered":"  <p>L&#8217;Alf\u00e0s del Pi<\/p>   <p>La Orquesta de las Jornadas Hispano-Noruegas que se est\u00e1n celebrando en l&#8217;Alf\u00e0s del Pi es una agrupaci\u00f3n formada por destacados m\u00fasicos de las principales orquestas sinf\u00f3nicas de Alicante y Murcia. Adem\u00e1s en esta ocasi\u00f3n cuenta con tres solistas: Siegmund Watty, George Hlawiczka y Jaume Llinares.<\/p>   <p>Watty, pianista alem\u00e1n y profesor en Noruega, y Llinares, violinista de la Orquesta Sinf\u00f3nica de la Regi\u00f3n de Murcia, nos han explicado este jueves en <a href=\"https:\/\/cadenaser.com\/tag\/comarca_la_marina_baixa\/a\/\" target=\"_blank\" rel=\"noopener\">La Ventana de la Marina Baixa<\/a> el contenido de los recitales que van a ofrecer en el marco de estas jornadas y dentro tambi\u00e9n del Festival Mozartman\u00eda.<\/p>  <p><p>M\u00e1s informaci\u00f3n<\/p><figure><img loading=\"lazy\" decoding=\"async\" src=\"https:\/\/cadenaser.com\/resizer\/v2\/HVEOOKJM2NBBLHHNMN5P3UYKVA.jpeg?auth=5d0a19f82ed799da859d39676418cf513ed68ded5db485ec841f37df47d85bda&amp;quality=70&amp;width=360&amp;height=202&amp;smart=true\" width=\"820\" height=\"621\" \/><\/figure><ul><li><a href=\"https:\/\/cadenaser.com\/comunitat-valenciana\/2024\/10\/08\/juan-antonio-espinosa-distincion-cultural-ciutat-de-benidorm-la-musica-clasica-te-abre-a-unas-emociones-nada-convencionales-radio-benidorm\/\"><span>La Ventana de la Marina Baixa La Ventana de la Marina Baixa Ocio y cultura Juan Antonio Espinosa, Distinci\u00f3n Cultural &#8216;Ciutat de Benidorm&#8217;: \u00abLa m\u00fasica cl\u00e1sica te abre a unas emociones nada convencionales\u00bb<\/span><\/a><\/li><\/ul><\/p>   <p>El programa del concierto central, que ser\u00e1 <a href=\"https:\/\/cadenaser.com\/tag\/lalfas_del_pi\/a\/\" target=\"_blank\" rel=\"noopener\">este s\u00e1bado 12 de octubre en la Casa de Cultura a las 20:00 horas<\/a>, incluye m\u00fasica espa\u00f1ola de Alb\u00e9niz, concierto de piano n\u00ba17 de Mozart, el concierto para dos violines de Bach y la Primavera e Invierno Porte\u00f1o del compositor argentino Astor Piazzolla. <\/p>   <p>El repertorio empieza con m\u00fasica espa\u00f1ola y termina con m\u00fasica argentina \u00abpara dar una visi\u00f3n cultural de la Hispanidad, m\u00e1s dos compositores de relevancia europeos que influyeron directamente en las corrientes compositivas espa\u00f1olas a lo largo de los siglos XVII y XVIII\u00bb.<\/p>   <p>Adem\u00e1s las Jornadas Hispano Noruegas tienen un gran inter\u00e9s por la difusi\u00f3n de la m\u00fasica y es por eso que el lunes 14 de octubre en el centro social la Llar del Pensionista de Villajoyosa se celebrar\u00e1 un concierto did\u00e1ctico al que ya han confirmado su asistencia 620 alumnos.<\/p>   <p>     .c-w{         max-width:444px;         width:100%;         margin:32px auto;      background:#00755E;         border-radius:4px;         display:flex;         align-items:center;         justify-content:center;     }     .c-w a{         display:flex;         align-items:center;         justify-content:center;         padding:4px 24px;     }     .c-w img{         width:24px;         margin-right:12px;     }     .c-w p{         font:18px\/25px Poppins;         text-align:center;         color:#fff;         margin:0;     }     @media (max-width:444px){         .c-w a{             padding:4px 12px;         }         .c-w img{             width:24px;             margin-right:8px;         }         .c-w p{             font:14px\/25px Poppins;         }     }     @media (max-width:335px){         .c-w p{             font:13px\/25px Poppins;         }     }  <div class=\"c-w\">     <a href=\"https:\/\/www.whatsapp.com\/channel\/0029Va633PF9WtC4l7XUzh1e\" target=\"_blank\" rel=\"noopener\">         <img decoding=\"async\" src=\"https:\/\/cadenaser.com\/estaticos\/recursosgraficos\/responsive\/img\/ico-whatsapp.svg\" alt=\"Whatsapp\">         <p>\u00danete al <b>canal de WhatsApp<\/b> de la SER<\/p>     <\/a> <\/div><\/p> ","protected":false},"excerpt":{"rendered":"<p>Dentro del Festival Mozartman\u00eda<\/p>\n","protected":false},"author":0,"featured_media":9281,"comment_status":"open","ping_status":"open","sticky":false,"template":"","format":"standard","meta":{"_acf_changed":false,"footnotes":""},"categories":[1],"tags":[],"class_list":["post-9280","post","type-post","status-publish","format-standard","has-post-thumbnail","hentry","category-sin-categoria"],"acf":{"ser_id":"6OWR3ZUCYJBYZDUGG4JDMRZVBY","ser_url":"https:\/\/cadenaser.com\/comunitat-valenciana\/2024\/10\/11\/watty-hlzawizcka-o-llinares-asi-seran-los-conciertos-de-las-jornadas-hispano-noruegas-de-lalfas-del-pi-radio-benidorm\/"},"_links":{"self":[{"href":"https:\/\/serbenidorm.daliisolutions.com\/index.php\/wp-json\/wp\/v2\/posts\/9280","targetHints":{"allow":["GET"]}}],"collection":[{"href":"https:\/\/serbenidorm.daliisolutions.com\/index.php\/wp-json\/wp\/v2\/posts"}],"about":[{"href":"https:\/\/serbenidorm.daliisolutions.com\/index.php\/wp-json\/wp\/v2\/types\/post"}],"replies":[{"embeddable":true,"href":"https:\/\/serbenidorm.daliisolutions.com\/index.php\/wp-json\/wp\/v2\/comments?post=9280"}],"version-history":[{"count":0,"href":"https:\/\/serbenidorm.daliisolutions.com\/index.php\/wp-json\/wp\/v2\/posts\/9280\/revisions"}],"wp:featuredmedia":[{"embeddable":true,"href":"https:\/\/serbenidorm.daliisolutions.com\/index.php\/wp-json\/wp\/v2\/media\/9281"}],"wp:attachment":[{"href":"https:\/\/serbenidorm.daliisolutions.com\/index.php\/wp-json\/wp\/v2\/media?parent=9280"}],"wp:term":[{"taxonomy":"category","embeddable":true,"href":"https:\/\/serbenidorm.daliisolutions.com\/index.php\/wp-json\/wp\/v2\/categories?post=9280"},{"taxonomy":"post_tag","embeddable":true,"href":"https:\/\/serbenidorm.daliisolutions.com\/index.php\/wp-json\/wp\/v2\/tags?post=9280"}],"curies":[{"name":"wp","href":"https:\/\/api.w.org\/{rel}","templated":true}]}}