{"id":9305,"date":"2024-10-11T19:52:05","date_gmt":"2024-10-11T17:52:05","guid":{"rendered":"https:\/\/serbenidorm.daliisolutions.com\/index.php\/2024\/10\/11\/la-ermita-de-benidorm-acoge-este-fin-de-semana-los-dias-grandes-del-roser\/"},"modified":"2024-10-11T19:52:05","modified_gmt":"2024-10-11T17:52:05","slug":"la-ermita-de-benidorm-acoge-este-fin-de-semana-los-dias-grandes-del-roser","status":"publish","type":"post","link":"https:\/\/serbenidorm.daliisolutions.com\/index.php\/2024\/10\/11\/la-ermita-de-benidorm-acoge-este-fin-de-semana-los-dias-grandes-del-roser\/","title":{"rendered":"La Ermita de Benidorm acoge este fin de semana los d\u00edas grandes del Roser"},"content":{"rendered":"  <p>Benidorm<\/p>   <p>Los actos del Roser contin\u00faan de cara al fin de semana con el grueso del programa festero. Como nos ha contado la presidenta de la Comisi\u00f3n 2024 Eva Mar\u00eda Garc\u00eda en <a href=\"https:\/\/cadenaser.com\/tag\/comarca_la_marina_baixa\/a\/\" target=\"_blank\" rel=\"noopener\">La Ventana de la Marina Baixa<\/a> este viernes a las 21.30 comenzar\u00e1 en la Ermita de Benidorm una picaeta en honor a los mayorales de honor 2024 y a partir de las 23 horas se iniciar\u00e1 una verbena amenizada por el Dj Carlos Devesa.  <\/p>   <p>El s\u00e1bado, 12 de octubre, la jornada comenzar\u00e1 a las 8.30 horas con una \u2018despert\u00e0\u2019 por los caminos de la Huerta. A las 9.30 horas se ofrecer\u00e1 un desayuno en la Ermita de San\u00e7 y seguidamente habr\u00e1 castillos hinchables, tracas de caramelos, picaeta y masclet\u00e0 infantil.<\/p>  <p><p>M\u00e1s informaci\u00f3n<\/p><figure><img loading=\"lazy\" decoding=\"async\" src=\"https:\/\/cadenaser.com\/resizer\/v2\/ATXYYGJVWZHB5MUOGXQKGIIHMY.jpeg?auth=0e135d9c70bd5d77df22d07c61bab848a3204d8c8e842e10d8c9f6b68624892b&amp;quality=70&amp;width=360&amp;height=202&amp;smart=true\" width=\"820\" height=\"621\" \/><\/figure><ul><li><a href=\"https:\/\/cadenaser.com\/comunitat-valenciana\/2024\/10\/10\/yahel-un-estudiante-de-benidorm-en-florida-teniamos-mucho-miedo-pero-por-suerte-hemos-conseguido-escapar-radio-benidorm\/\"><span>Yahel, un estudiante de Benidorm en Florida: \u00abTen\u00edamos mucho miedo, pero por suerte hemos conseguido escapar\u00bb<\/span><\/a><\/li><\/ul><\/p>   <p>Por la tarde, a partir de las 17 horas, festeros, vecinos y colaboradores se concentrar\u00e1n en el Trinquet para iniciar, media hora despu\u00e9s, la romer\u00eda hasta la Ermita para la ofrenda de flores a la patrona.<\/p>   <p>A continuaci\u00f3n, el edil de Movilidad y Espacio P\u00fablico del Ayuntamiento, Francis Mu\u00f1oz, ser\u00e1 el encargado de pronunciar el preg\u00f3n de las<a href=\"https:\/\/cadenaser.com\/tag\/benidorm\/a\/\" target=\"_blank\" rel=\"noopener\"> Festes del Roser 2024<\/a>, al que seguir\u00e1 el canto de \u2018copletes\u2019 y el tradicional \u2018ball del Peuet\u2019 por parte de las reinas de las Fiestas y sus cortes de honor. Por \u00faltimo, las \u2018fadrines\u2019 ofrecer\u00e1n a todos los asistentes una picaeta, tras la cual celebrar\u00e1n la segunda verbena, en esta ocasi\u00f3n amenizada por el Dj Reder.  <\/p>   <p>Finalmente, el domingo, \u00faltimo d\u00eda de festejos, se iniciar\u00e1 las 8.30 con \u2018despert\u00e0\u2019. Despu\u00e9s habr\u00e1 desayuno en la plaza de la Ermita y a las 10.30 horas se celebrar\u00e1 tambi\u00e9n en la Ermita de San\u00e7 una misa solemne, tras la cual se dar\u00e1 a conocer el nombre de los j\u00f3venes que conformar\u00e1n la Comissi\u00f3 de Festes del Roser para 2025.<\/p>   <p>     .c-w{         max-width:444px;         width:100%;         margin:32px auto;      background:#00755E;         border-radius:4px;         display:flex;         align-items:center;         justify-content:center;     }     .c-w a{         display:flex;         align-items:center;         justify-content:center;         padding:4px 24px;     }     .c-w img{         width:24px;         margin-right:12px;     }     .c-w p{         font:18px\/25px Poppins;         text-align:center;         color:#fff;         margin:0;     }     @media (max-width:444px){         .c-w a{             padding:4px 12px;         }         .c-w img{             width:24px;             margin-right:8px;         }         .c-w p{             font:14px\/25px Poppins;         }     }     @media (max-width:335px){         .c-w p{             font:13px\/25px Poppins;         }     }  <div class=\"c-w\">     <a href=\"https:\/\/www.whatsapp.com\/channel\/0029Va633PF9WtC4l7XUzh1e\" target=\"_blank\" rel=\"noopener\">         <img decoding=\"async\" src=\"https:\/\/cadenaser.com\/estaticos\/recursosgraficos\/responsive\/img\/ico-whatsapp.svg\" alt=\"Whatsapp\">         <p>\u00danete al <b>canal de WhatsApp<\/b> de la SER<\/p>     <\/a> <\/div><\/p> ","protected":false},"excerpt":{"rendered":"<p>Las \u2018fadrines\u2019 iniciaron las fiestas el lunes con una misa<\/p>\n","protected":false},"author":0,"featured_media":9306,"comment_status":"open","ping_status":"open","sticky":false,"template":"","format":"standard","meta":{"_acf_changed":false,"footnotes":""},"categories":[1],"tags":[],"class_list":["post-9305","post","type-post","status-publish","format-standard","has-post-thumbnail","hentry","category-sin-categoria"],"acf":{"ser_id":"B7HVNDBHKRF5TG6CNPSDYAVTEU","ser_url":"https:\/\/cadenaser.com\/comunitat-valenciana\/2024\/10\/11\/la-ermita-de-benidorm-acoge-este-fin-de-semana-los-dias-grandes-del-roser-radio-benidorm\/"},"_links":{"self":[{"href":"https:\/\/serbenidorm.daliisolutions.com\/index.php\/wp-json\/wp\/v2\/posts\/9305","targetHints":{"allow":["GET"]}}],"collection":[{"href":"https:\/\/serbenidorm.daliisolutions.com\/index.php\/wp-json\/wp\/v2\/posts"}],"about":[{"href":"https:\/\/serbenidorm.daliisolutions.com\/index.php\/wp-json\/wp\/v2\/types\/post"}],"replies":[{"embeddable":true,"href":"https:\/\/serbenidorm.daliisolutions.com\/index.php\/wp-json\/wp\/v2\/comments?post=9305"}],"version-history":[{"count":0,"href":"https:\/\/serbenidorm.daliisolutions.com\/index.php\/wp-json\/wp\/v2\/posts\/9305\/revisions"}],"wp:featuredmedia":[{"embeddable":true,"href":"https:\/\/serbenidorm.daliisolutions.com\/index.php\/wp-json\/wp\/v2\/media\/9306"}],"wp:attachment":[{"href":"https:\/\/serbenidorm.daliisolutions.com\/index.php\/wp-json\/wp\/v2\/media?parent=9305"}],"wp:term":[{"taxonomy":"category","embeddable":true,"href":"https:\/\/serbenidorm.daliisolutions.com\/index.php\/wp-json\/wp\/v2\/categories?post=9305"},{"taxonomy":"post_tag","embeddable":true,"href":"https:\/\/serbenidorm.daliisolutions.com\/index.php\/wp-json\/wp\/v2\/tags?post=9305"}],"curies":[{"name":"wp","href":"https:\/\/api.w.org\/{rel}","templated":true}]}}