{"id":9312,"date":"2024-10-12T09:15:50","date_gmt":"2024-10-12T07:15:50","guid":{"rendered":"https:\/\/serbenidorm.daliisolutions.com\/index.php\/2024\/10\/12\/suspendido-el-partido-del-c-f-la-nucia-por-no-poder-completar-la-convocatoria\/"},"modified":"2024-10-12T09:15:50","modified_gmt":"2024-10-12T07:15:50","slug":"suspendido-el-partido-del-c-f-la-nucia-por-no-poder-completar-la-convocatoria","status":"publish","type":"post","link":"https:\/\/serbenidorm.daliisolutions.com\/index.php\/2024\/10\/12\/suspendido-el-partido-del-c-f-la-nucia-por-no-poder-completar-la-convocatoria\/","title":{"rendered":"Suspendido el partido del C.F. La Nuc\u00eda por no poder completar la convocatoria"},"content":{"rendered":"  <p>Benidorm<\/p>   <p>Sorpresa may\u00fascula en el f\u00fatbol de la Marina Baixa. A menos de 24 horas de <a href=\"https:\/\/cadenaser.com\/comunitat-valenciana\/2024\/10\/11\/el-benidorm-y-la-nucia-necesitan-de-una-reaccion-urgente-radio-benidorm\/\">la disputa este s\u00e1bado del partido entre el Castell\u00f3n B y el C.F. La Nuc\u00eda<\/a> correspondiente a la sexta jornada de liga en <a href=\"https:\/\/cadenaser.com\/tag\/tercera_division_real_federacion_espanola_futbol\/a\/\">Tercera RFEF<\/a>, el conjunto del Camilo Cano ha informado, en un escueto mensaje en sus redes sociales, de la suspensi\u00f3n del mismo \u201cpor no contar con suficientes jugadores\u201d.<\/p>   <p>En ese mensaje no se da explicaci\u00f3n alguna sobre los motivos que han provocado que el entrenador rojillo, Berna Ballester, no haya podido completar la convocatoria, pero se sabe que son varios los jugadores de la primera plantilla los que est\u00e1n afectados por distintas lesiones.<\/p>   <p>Adem\u00e1s, tal y como ha podido saber Radio Benidorm-SER, en los \u00faltimos d\u00edas un brote de gastroenteritis se ha cebado con el vestuario nuciero, llevando al equipo a esta situaci\u00f3n l\u00edmite.<\/p>   <p>Por su parte, el Castell\u00f3n B tambi\u00e9n ha publicado un (todav\u00eda m\u00e1s) breve mensaje en sus redes sociales aclarando que la petici\u00f3n de aplazamiento del choque, que todav\u00eda no tiene nueva fecha de celebraci\u00f3n, ha llegado tras la petici\u00f3n del <a href=\"https:\/\/cadenaser.com\/tag\/club_futbol_la_nucia\/a\/\">C.F. La Nuc\u00eda<\/a> a la Federaci\u00f3n Valenciana.<\/p> ","protected":false},"excerpt":{"rendered":"<p>Un brote de gastroenteritis en el equipo rojillo ha impedido a Berna Ballester contar con efectivos suficientes<\/p>\n","protected":false},"author":0,"featured_media":9313,"comment_status":"open","ping_status":"open","sticky":false,"template":"","format":"standard","meta":{"_acf_changed":false,"footnotes":""},"categories":[16],"tags":[],"class_list":["post-9312","post","type-post","status-publish","format-standard","has-post-thumbnail","hentry","category-deportes"],"acf":{"ser_id":"RKQQYM6VKBFEVJEEIGHOSPH7OM","ser_url":"https:\/\/cadenaser.com\/comunitat-valenciana\/2024\/10\/12\/suspendido-el-partido-del-cf-la-nucia-por-no-poder-completar-la-convocatoria-radio-benidorm\/"},"_links":{"self":[{"href":"https:\/\/serbenidorm.daliisolutions.com\/index.php\/wp-json\/wp\/v2\/posts\/9312","targetHints":{"allow":["GET"]}}],"collection":[{"href":"https:\/\/serbenidorm.daliisolutions.com\/index.php\/wp-json\/wp\/v2\/posts"}],"about":[{"href":"https:\/\/serbenidorm.daliisolutions.com\/index.php\/wp-json\/wp\/v2\/types\/post"}],"replies":[{"embeddable":true,"href":"https:\/\/serbenidorm.daliisolutions.com\/index.php\/wp-json\/wp\/v2\/comments?post=9312"}],"version-history":[{"count":0,"href":"https:\/\/serbenidorm.daliisolutions.com\/index.php\/wp-json\/wp\/v2\/posts\/9312\/revisions"}],"wp:featuredmedia":[{"embeddable":true,"href":"https:\/\/serbenidorm.daliisolutions.com\/index.php\/wp-json\/wp\/v2\/media\/9313"}],"wp:attachment":[{"href":"https:\/\/serbenidorm.daliisolutions.com\/index.php\/wp-json\/wp\/v2\/media?parent=9312"}],"wp:term":[{"taxonomy":"category","embeddable":true,"href":"https:\/\/serbenidorm.daliisolutions.com\/index.php\/wp-json\/wp\/v2\/categories?post=9312"},{"taxonomy":"post_tag","embeddable":true,"href":"https:\/\/serbenidorm.daliisolutions.com\/index.php\/wp-json\/wp\/v2\/tags?post=9312"}],"curies":[{"name":"wp","href":"https:\/\/api.w.org\/{rel}","templated":true}]}}