{"id":9343,"date":"2024-10-13T19:36:43","date_gmt":"2024-10-13T17:36:43","guid":{"rendered":"https:\/\/serbenidorm.daliisolutions.com\/index.php\/2024\/10\/13\/felipe-orts-arranca-su-invierno-con-un-top10-en-beringen\/"},"modified":"2024-10-13T19:36:43","modified_gmt":"2024-10-13T17:36:43","slug":"felipe-orts-arranca-su-invierno-con-un-top10-en-beringen","status":"publish","type":"post","link":"https:\/\/serbenidorm.daliisolutions.com\/index.php\/2024\/10\/13\/felipe-orts-arranca-su-invierno-con-un-top10-en-beringen\/","title":{"rendered":"Felipe Orts arranca su invierno con un top10 en Beringen"},"content":{"rendered":"  <p>Benidorm<\/p>   <p><a href=\"https:\/\/cadenaser.com\/tag\/felipe_orts_lloret\/a\/\" target=\"_blank\" rel=\"noopener\">Felipe Orts<\/a> visti\u00f3 este s\u00e1bado por vez primera su nuevo maillot del Ridley Racing Team con motivo del ciclocross de Brenringen (B\u00e9lgica), cita elegida por casi todos los grandes nombres de la especialidad invernal del ciclismo para dar inicio a su temporada.<\/p>   <p>En un trazado que presentaba importantes novedades respecto a lo visto all\u00ed en el pasado, Orts no s\u00f3lo fue el mejor representante de su nueva escuadra, sino que vuelve a la competici\u00f3n en el mismo sitio donde lo dej\u00f3: rodando constantemente con los mejores.<\/p>  <p><p>M\u00e1s informaci\u00f3n<\/p><figure><img loading=\"lazy\" decoding=\"async\" src=\"https:\/\/cadenaser.com\/resizer\/v2\/MJS2C52ENFEAXPQDXPIRA62PEM.jpg?auth=e14f8ee7f6ec9bf65174a0c610ec08fa7d43b284d0a240cc1de71b621596bf0a&amp;quality=70&amp;width=360&amp;height=202&amp;smart=true\" width=\"820\" height=\"621\" \/><\/figure><ul><li><a href=\"https:\/\/cadenaser.com\/tag\/felipe_orts_lloret\/a\/\"><span>Todas las noticias de Felipe Orts<\/span><\/a><\/li><\/ul><\/p>   <p>La carrera estuvo marcada por la l\u00f3gica e intensa vigilancia que se sometieron unos a otros en este primer encuentro competitivo del a\u00f1o. Fue, adem\u00e1s, el regreso a las campas del belga Toon Aerts tras cumplir sus dos a\u00f1os de sanci\u00f3n por dopaje y que a sus 31 a\u00f1os ha dejado claro que ser\u00e1 uno de los protagonistas de este invierno.<\/p>   <p>Tambi\u00e9n fue la de Beringen la carrera que nos dej\u00f3 una de las im\u00e1genes m\u00e1s tristes de los \u00faltimos tiempos en el ciclocross internacional, como lo fue el pisot\u00f3n que el belga Eli Iserbyt le propin\u00f3 a la bicicleta del neerland\u00e9s Ryan Kamp despu\u00e9s de una ca\u00edda en la que ambos se vieron envueltos y que acab\u00f3 cost\u00e1ndole al iracundo belga la descalificaci\u00f3n.<\/p>   <p>En cuanto a la carrera en s\u00ed, las cosas no se decidieron hasta la vuelta final, cuando el neerland\u00e9s Lars van der Haar lanz\u00f3 su apuesta para soltar a todos sus rivales y plantarse en meta con diez segundos de ventaja sobre los belgas Vanthourenthout y Vandeputte. Felipe Orts, por su parte, acab\u00f3 en octava posici\u00f3n.<\/p>   <p>     .c-w{         max-width:444px;         width:100%;         margin:32px auto;      background:#00755E;         border-radius:4px;         display:flex;         align-items:center;         justify-content:center;     }     .c-w a{         display:flex;         align-items:center;         justify-content:center;         padding:4px 24px;     }     .c-w img{         width:24px;         margin-right:12px;     }     .c-w p{         font:18px\/25px Poppins;         text-align:center;         color:#fff;         margin:0;     }     @media (max-width:444px){         .c-w a{             padding:4px 12px;         }         .c-w img{             width:24px;             margin-right:8px;         }         .c-w p{             font:14px\/25px Poppins;         }     }     @media (max-width:335px){         .c-w p{             font:13px\/25px Poppins;         }     }  <div class=\"c-w\">     <a href=\"https:\/\/www.whatsapp.com\/channel\/0029Va633PF9WtC4l7XUzh1e\" target=\"_blank\" rel=\"noopener\">         <img decoding=\"async\" src=\"https:\/\/cadenaser.com\/estaticos\/recursosgraficos\/responsive\/img\/ico-whatsapp.svg\" alt=\"Whatsapp\">         <p>\u00danete al <b>canal de WhatsApp<\/b> de la SER<\/p>     <\/a> <\/div><\/p> ","protected":false},"excerpt":{"rendered":"<p>El campe\u00f3n de Espa\u00f1a rod\u00f3 en todo momento con los mejores y fue el mejor de su nuevo equipo<\/p>\n","protected":false},"author":0,"featured_media":9344,"comment_status":"open","ping_status":"open","sticky":false,"template":"","format":"standard","meta":{"_acf_changed":false,"footnotes":""},"categories":[16],"tags":[],"class_list":["post-9343","post","type-post","status-publish","format-standard","has-post-thumbnail","hentry","category-deportes"],"acf":{"ser_id":"EG4S7GFLFFAKHKROZW6IG5XYZM","ser_url":"https:\/\/cadenaser.com\/comunitat-valenciana\/2024\/10\/13\/felipe-orts-arranca-su-invierno-con-un-top10-en-beringen-radio-benidorm\/"},"_links":{"self":[{"href":"https:\/\/serbenidorm.daliisolutions.com\/index.php\/wp-json\/wp\/v2\/posts\/9343","targetHints":{"allow":["GET"]}}],"collection":[{"href":"https:\/\/serbenidorm.daliisolutions.com\/index.php\/wp-json\/wp\/v2\/posts"}],"about":[{"href":"https:\/\/serbenidorm.daliisolutions.com\/index.php\/wp-json\/wp\/v2\/types\/post"}],"replies":[{"embeddable":true,"href":"https:\/\/serbenidorm.daliisolutions.com\/index.php\/wp-json\/wp\/v2\/comments?post=9343"}],"version-history":[{"count":0,"href":"https:\/\/serbenidorm.daliisolutions.com\/index.php\/wp-json\/wp\/v2\/posts\/9343\/revisions"}],"wp:featuredmedia":[{"embeddable":true,"href":"https:\/\/serbenidorm.daliisolutions.com\/index.php\/wp-json\/wp\/v2\/media\/9344"}],"wp:attachment":[{"href":"https:\/\/serbenidorm.daliisolutions.com\/index.php\/wp-json\/wp\/v2\/media?parent=9343"}],"wp:term":[{"taxonomy":"category","embeddable":true,"href":"https:\/\/serbenidorm.daliisolutions.com\/index.php\/wp-json\/wp\/v2\/categories?post=9343"},{"taxonomy":"post_tag","embeddable":true,"href":"https:\/\/serbenidorm.daliisolutions.com\/index.php\/wp-json\/wp\/v2\/tags?post=9343"}],"curies":[{"name":"wp","href":"https:\/\/api.w.org\/{rel}","templated":true}]}}