{"id":9349,"date":"2024-10-13T20:00:01","date_gmt":"2024-10-13T18:00:01","guid":{"rendered":"https:\/\/serbenidorm.daliisolutions.com\/index.php\/2024\/10\/13\/detenido-en-benidorm-el-lider-de-una-organizacion-criminal-dedicada-al-narcotrafico\/"},"modified":"2024-10-13T20:00:01","modified_gmt":"2024-10-13T18:00:01","slug":"detenido-en-benidorm-el-lider-de-una-organizacion-criminal-dedicada-al-narcotrafico","status":"publish","type":"post","link":"https:\/\/serbenidorm.daliisolutions.com\/index.php\/2024\/10\/13\/detenido-en-benidorm-el-lider-de-una-organizacion-criminal-dedicada-al-narcotrafico\/","title":{"rendered":"Detenido en Benidorm el l\u00edder de una organizaci\u00f3n criminal dedicada al narcotr\u00e1fico"},"content":{"rendered":"  <p>Alicante<\/p>   <p>Agentes de la Polic\u00eda Nacional han detenido en Benidorm a un hombre sobre el que pesaba una orden europea de detenci\u00f3n y entrega (OEDE) emitida por las autoridades italianas, por su presunta participaci\u00f3n, como dirigente, de un grupo criminal dedicado al narcotr\u00e1fico.<\/p>   <p>Los agentes de las unidades de seguridad ciudadana tuvieron conocimiento de la posible estancia en la localidad de Benidorm de un ciudadano italiano sobre el que pesar\u00eda una reclamaci\u00f3n judicial, ha indicado la Polic\u00eda Nacional en un comunicado.<\/p>   <p>Por ello, establecieron un dispositivo de localizaci\u00f3n y detenci\u00f3n en una zona de apartamentos que culmin\u00f3 con la identificaci\u00f3n y detenci\u00f3n del pr\u00f3fugo tras comprobar que se trataba de la persona reclamada.<\/p>   <p>Seg\u00fan la requisitoria italiana, al parecer, el reclamado era el jefe de un grupo criminal dedicado al tr\u00e1fico il\u00edcito de drogas y se encontraba investigado por la compra y distribuci\u00f3n recurrente de marihuana y coca\u00edna. Los hechos por los que se le reclama tendr\u00edan una pena m\u00e1xima prevista de 24 a\u00f1os<\/p>   <p>El detenido, de 38 a\u00f1os y nacionalidad italiana, ha sido puesto a disposici\u00f3n de los Juzgados Centrales de Instrucci\u00f3n de la Audiencia Nacional.<\/p>   <p>     .c-w{         max-width:444px;         width:100%;         margin:32px auto;      background:#00755E;         border-radius:4px;         display:flex;         align-items:center;         justify-content:center;     }     .c-w a{         display:flex;         align-items:center;         justify-content:center;         padding:4px 24px;     }     .c-w img{         width:24px;         margin-right:12px;     }     .c-w p{         font:18px\/25px Poppins;         text-align:center;         color:#fff;         margin:0;     }     @media (max-width:444px){         .c-w a{             padding:4px 12px;         }         .c-w img{             width:24px;             margin-right:8px;         }         .c-w p{             font:14px\/25px Poppins;         }     }     @media (max-width:335px){         .c-w p{             font:13px\/25px Poppins;         }     }  <div class=\"c-w\">     <a href=\"https:\/\/www.whatsapp.com\/channel\/0029Va633PF9WtC4l7XUzh1e\" target=\"_blank\" rel=\"noopener\">         <img decoding=\"async\" src=\"https:\/\/cadenaser.com\/estaticos\/recursosgraficos\/responsive\/img\/ico-whatsapp.svg\" alt=\"Whatsapp\">         <p>\u00danete al <b>canal de WhatsApp<\/b> de la SER<\/p>     <\/a> <\/div><\/p> ","protected":false},"excerpt":{"rendered":"<p>El detenido, de 38 a\u00f1os y nacionalidad italiana, ha sido puesto a disposici\u00f3n de los Juzgados Centrales de Instrucci\u00f3n de la Audiencia Nacional<\/p>\n","protected":false},"author":0,"featured_media":9350,"comment_status":"open","ping_status":"open","sticky":false,"template":"","format":"standard","meta":{"_acf_changed":false,"footnotes":""},"categories":[1],"tags":[],"class_list":["post-9349","post","type-post","status-publish","format-standard","has-post-thumbnail","hentry","category-sin-categoria"],"acf":{"ser_id":"6XLYJPPXOBA3RI3FJHDIC2ZCSE","ser_url":"https:\/\/cadenaser.com\/comunitat-valenciana\/2024\/10\/13\/detenido-en-benidorm-el-lider-de-una-organizacion-criminal-dedicada-al-narcotrafico-radio-alicante\/"},"_links":{"self":[{"href":"https:\/\/serbenidorm.daliisolutions.com\/index.php\/wp-json\/wp\/v2\/posts\/9349","targetHints":{"allow":["GET"]}}],"collection":[{"href":"https:\/\/serbenidorm.daliisolutions.com\/index.php\/wp-json\/wp\/v2\/posts"}],"about":[{"href":"https:\/\/serbenidorm.daliisolutions.com\/index.php\/wp-json\/wp\/v2\/types\/post"}],"replies":[{"embeddable":true,"href":"https:\/\/serbenidorm.daliisolutions.com\/index.php\/wp-json\/wp\/v2\/comments?post=9349"}],"version-history":[{"count":0,"href":"https:\/\/serbenidorm.daliisolutions.com\/index.php\/wp-json\/wp\/v2\/posts\/9349\/revisions"}],"wp:featuredmedia":[{"embeddable":true,"href":"https:\/\/serbenidorm.daliisolutions.com\/index.php\/wp-json\/wp\/v2\/media\/9350"}],"wp:attachment":[{"href":"https:\/\/serbenidorm.daliisolutions.com\/index.php\/wp-json\/wp\/v2\/media?parent=9349"}],"wp:term":[{"taxonomy":"category","embeddable":true,"href":"https:\/\/serbenidorm.daliisolutions.com\/index.php\/wp-json\/wp\/v2\/categories?post=9349"},{"taxonomy":"post_tag","embeddable":true,"href":"https:\/\/serbenidorm.daliisolutions.com\/index.php\/wp-json\/wp\/v2\/tags?post=9349"}],"curies":[{"name":"wp","href":"https:\/\/api.w.org\/{rel}","templated":true}]}}