{"id":9353,"date":"2024-10-14T10:37:58","date_gmt":"2024-10-14T08:37:58","guid":{"rendered":"https:\/\/serbenidorm.daliisolutions.com\/index.php\/2024\/10\/14\/benidorm-subcampeon-de-europa-de-voley-playa\/"},"modified":"2024-10-14T10:37:58","modified_gmt":"2024-10-14T08:37:58","slug":"benidorm-subcampeon-de-europa-de-voley-playa","status":"publish","type":"post","link":"https:\/\/serbenidorm.daliisolutions.com\/index.php\/2024\/10\/14\/benidorm-subcampeon-de-europa-de-voley-playa\/","title":{"rendered":"Benidorm, subcampe\u00f3n de Europa de v\u00f3ley playa"},"content":{"rendered":"  <p>Benidorm<\/p>   <p>Apenas una d\u00e9cada despu\u00e9s de iniciar su andadura en el a\u00f1o 2013, el Club V\u00f3ley Playa Poniente de Benidorm ha hecho historia al colgarse la medalla de plata en el Campeonato de Europa celebrado de jueves a domingo en la ciudad francesa de Montepellier. Un logro may\u00fasculo que toma todav\u00eda m\u00e1s tintes \u00e9picos si se tiene en cuenta que esta fue la primera presencia de la entidad benidormense en la competici\u00f3n continental.<\/p>   <p>Capitaneados por el campe\u00f3n de Europa de 2005 y 158 veces internacional, Ra\u00fal Mesa, los jugadores benidormenses desplegaron un espectacular juego durante todo el torneo y tan s\u00f3lo sucumbieron en la final en un \u2018golden set\u2019 frente al Azerrail de Bak\u00fa (Azerbaiy\u00e1n).<\/p>   <p>Tras un torneo impecable, los de Benidorm consiguieron derrotar en la fase de grupos al equipo turco, segundo cabeza de serie del torneo, culminando despu\u00e9s el trabajo frente a los ucranianos del Sunrise.<\/p>   <p>Posteriormente, los representantes de Eslovenia y Austria, con figuras ilustres y jugadores ol\u00edmpicos en sus filas, corrieron la misma suerte frente al juego tan s\u00f3lido del Servigroup.<\/p>   <p>Parec\u00eda que los de Ra\u00fal Mesa hab\u00edan dado con la tecla de un juego s\u00f3lido y optimista. En un formato de competici\u00f3n de clubs similar a la Copa Davis de tenis, la estrategia era clave, pero la filosof\u00eda era no condicionar el juego frente a nadie y sentir la confianza depositada en el joven equipo.<\/p>   <p>     .c-w{         max-width:444px;         width:100%;         margin:32px auto;      background:#00755E;         border-radius:4px;         display:flex;         align-items:center;         justify-content:center;     }     .c-w a{         display:flex;         align-items:center;         justify-content:center;         padding:4px 24px;     }     .c-w img{         width:24px;         margin-right:12px;     }     .c-w p{         font:18px\/25px Poppins;         text-align:center;         color:#fff;         margin:0;     }     @media (max-width:444px){         .c-w a{             padding:4px 12px;         }         .c-w img{             width:24px;             margin-right:8px;         }         .c-w p{             font:14px\/25px Poppins;         }     }     @media (max-width:335px){         .c-w p{             font:13px\/25px Poppins;         }     }  <div class=\"c-w\">     <a href=\"https:\/\/www.whatsapp.com\/channel\/0029Va633PF9WtC4l7XUzh1e\" target=\"_blank\" rel=\"noopener\">         <img decoding=\"async\" src=\"https:\/\/cadenaser.com\/estaticos\/recursosgraficos\/responsive\/img\/ico-whatsapp.svg\" alt=\"Whatsapp\">         <p>\u00danete al <b>canal de WhatsApp<\/b> de la SER<\/p>     <\/a> <\/div><\/p>   <p>Por un lado, los hermanos Bello, espa\u00f1oles con nacionalidad deportiva inglesa y de s\u00f3lo 23 a\u00f1os, demostraron por qu\u00e9 se han quedado a las puertas de los Juegos Ol\u00edmpicos de Par\u00eds (y aparecen ya como una de las parejas a tener muy presentes para Los \u00c1ngeles 2028) cediendo s\u00f3lo un partido en todo el torneo por un ajustado 2-1 en la final.<\/p>   <p>Por otro lado, la apuesta como segunda pareja fue la de Mees Sengers, el gigante neerland\u00e9s de dos metros de altura y 20 a\u00f1os de edad junto al mundialista y veterano Hern\u00e1n Tovar, quedando el tercer hermano de los Bello como reserva y Mesa como jugador-entrenador.<\/p>   <p>Un grupo que ha hecho so\u00f1ar al v\u00f3ley playa espa\u00f1ol con el oro, pero que posiblemente dejan el mejor resultado obtenido a nivel internacional de un club no s\u00f3lo de Benidorm, si no en la historia de la Federaci\u00f3n Espa\u00f1ola de Voleibol en categor\u00eda masculina, dando una imagen de compa\u00f1erismo y sacrificio digna de deportistas ejemplares para las futuras generaciones.<\/p> ","protected":false},"excerpt":{"rendered":"<p>El Club V\u00f3ley Playa Poniente cierra con sobresaliente su primera presencia en la competici\u00f3n continental<\/p>\n","protected":false},"author":0,"featured_media":9354,"comment_status":"open","ping_status":"open","sticky":false,"template":"","format":"standard","meta":{"_acf_changed":false,"footnotes":""},"categories":[16],"tags":[],"class_list":["post-9353","post","type-post","status-publish","format-standard","has-post-thumbnail","hentry","category-deportes"],"acf":{"ser_id":"CLOP2DKSRNAV3B7KVAPZ54VHJ4","ser_url":"https:\/\/cadenaser.com\/comunitat-valenciana\/2024\/10\/14\/benidorm-subcampeon-de-europa-de-voley-playa-radio-benidorm\/"},"_links":{"self":[{"href":"https:\/\/serbenidorm.daliisolutions.com\/index.php\/wp-json\/wp\/v2\/posts\/9353","targetHints":{"allow":["GET"]}}],"collection":[{"href":"https:\/\/serbenidorm.daliisolutions.com\/index.php\/wp-json\/wp\/v2\/posts"}],"about":[{"href":"https:\/\/serbenidorm.daliisolutions.com\/index.php\/wp-json\/wp\/v2\/types\/post"}],"replies":[{"embeddable":true,"href":"https:\/\/serbenidorm.daliisolutions.com\/index.php\/wp-json\/wp\/v2\/comments?post=9353"}],"version-history":[{"count":0,"href":"https:\/\/serbenidorm.daliisolutions.com\/index.php\/wp-json\/wp\/v2\/posts\/9353\/revisions"}],"wp:featuredmedia":[{"embeddable":true,"href":"https:\/\/serbenidorm.daliisolutions.com\/index.php\/wp-json\/wp\/v2\/media\/9354"}],"wp:attachment":[{"href":"https:\/\/serbenidorm.daliisolutions.com\/index.php\/wp-json\/wp\/v2\/media?parent=9353"}],"wp:term":[{"taxonomy":"category","embeddable":true,"href":"https:\/\/serbenidorm.daliisolutions.com\/index.php\/wp-json\/wp\/v2\/categories?post=9353"},{"taxonomy":"post_tag","embeddable":true,"href":"https:\/\/serbenidorm.daliisolutions.com\/index.php\/wp-json\/wp\/v2\/tags?post=9353"}],"curies":[{"name":"wp","href":"https:\/\/api.w.org\/{rel}","templated":true}]}}