{"id":9364,"date":"2024-10-14T14:30:52","date_gmt":"2024-10-14T12:30:52","guid":{"rendered":"https:\/\/serbenidorm.daliisolutions.com\/index.php\/2024\/10\/14\/el-c-f-benidorm-se-mete-en-un-lio-tras-caer-ante-el-villarreal-c\/"},"modified":"2024-10-14T14:30:52","modified_gmt":"2024-10-14T12:30:52","slug":"el-c-f-benidorm-se-mete-en-un-lio-tras-caer-ante-el-villarreal-c","status":"publish","type":"post","link":"https:\/\/serbenidorm.daliisolutions.com\/index.php\/2024\/10\/14\/el-c-f-benidorm-se-mete-en-un-lio-tras-caer-ante-el-villarreal-c\/","title":{"rendered":"El C.F. Benidorm se mete en un l\u00edo tras caer ante el Villarreal C"},"content":{"rendered":"  <p>Benidorm<\/p>   <p>El <a href=\"https:\/\/cadenaser.com\/tag\/club_futbol_benidorm\/a\/\">C.F. Benidorm<\/a> pag\u00f3 muy caro un mal arranque de partido en el Nou Pla de La Vila Joiosa, un choque en el que el Villarreal C fue mucho m\u00e1s efectivo en la primera mitad y en el que, pese a que los locales mostraron una muy buena reacci\u00f3n tras el descanso, los castellonenses acabaron llev\u00e1ndose el triunfo por 2-4, lanzando a los benidormenses directamente hasta los puestos de descenso.<\/p>   <p>El filial amarillo encarril\u00f3 el partido ya en la primera mitad con dos goles de Toni (minuto 18) y Linares (minuto 36) que colocaban un muy preocupante 0-2 en el marcador del estadio vilero, donde el C.F. Benidorm sigue acumulando partidos de destierro toda vez que, pese a lo adelantado en su momento, el c\u00e9sped del Guillermo Amor sigue sin haberse recuperado del paso del Low Festival el pasado mes de julio.<\/p>  <p><p>M\u00e1s informaci\u00f3n<\/p><figure><img loading=\"lazy\" decoding=\"async\" src=\"https:\/\/cadenaser.com\/resizer\/v2\/F475K6AUZBD6JA3CP7LI5OSRSE.jpg?auth=8feb79d67e94ab30b2bdbcab0fa8d2d477943731128dfb0261de84835da72c41&amp;quality=70&amp;width=360&amp;height=202&amp;smart=true\" width=\"820\" height=\"621\" \/><\/figure><ul><li><a href=\"https:\/\/cadenaser.com\/comunitat-valenciana\/2024\/09\/02\/todos-los-partidos-horarios-y-resultados-del-cf-benidorm-y-cf-la-nucia-radio-benidorm\/\"><span>Todos los partidos, horarios y resultados del C.F. Benidorm y C.F. La Nuc\u00eda<\/span><\/a><\/li><\/ul><\/p>   <p>Tras el descanso, los de Miguel \u00c1ngel Mart\u00ednez dieron su mejor cara consiguiendo igualar la contienda con los goles de Carlos (48\u2019) y Pablo (63\u2019), una reacci\u00f3n que hizo so\u00f1ar a la afici\u00f3n con una remontada que, finalmente, no se produjo toda vez que los visitantes acabar\u00edan redondeando su jornada colocando el 2-4 definitivo por medio de Linares (70\u2019) y Edu (77\u2019).<\/p>   <p>Tras este tropiezo, el C.F. Benidorm cierra la sexta jornada en la pen\u00faltima posici\u00f3n de la clasificaci\u00f3n con 5 puntos, a uno de la salvaci\u00f3n. Son los mismos cinco puntos que suma el <a href=\"https:\/\/cadenaser.com\/tag\/club_futbol_la_nucia\/a\/\">C.F. La Nuc\u00eda<\/a>, que tuvo que <a href=\"https:\/\/cadenaser.com\/comunitat-valenciana\/2024\/10\/12\/suspendido-el-partido-del-cf-la-nucia-por-no-poder-completar-la-convocatoria-radio-benidorm\/\">solicitar el aplazamiento de su partido ante el Castell\u00f3n B por no poder completar la convocatoria<\/a>.<\/p> ","protected":false},"excerpt":{"rendered":"<p>El equipo de Miguel \u00c1ngel Mart\u00ednez cae a puestos de descenso tras seis jornadas<\/p>\n","protected":false},"author":0,"featured_media":9365,"comment_status":"open","ping_status":"open","sticky":false,"template":"","format":"standard","meta":{"_acf_changed":false,"footnotes":""},"categories":[16],"tags":[],"class_list":["post-9364","post","type-post","status-publish","format-standard","has-post-thumbnail","hentry","category-deportes"],"acf":{"ser_id":"GISQOFCZSFGPXNSQ4HS6BUHWYU","ser_url":"https:\/\/cadenaser.com\/comunitat-valenciana\/2024\/10\/14\/el-cf-benidorm-se-mete-en-un-lio-tras-caer-ante-el-villarreal-c-radio-benidorm\/"},"_links":{"self":[{"href":"https:\/\/serbenidorm.daliisolutions.com\/index.php\/wp-json\/wp\/v2\/posts\/9364","targetHints":{"allow":["GET"]}}],"collection":[{"href":"https:\/\/serbenidorm.daliisolutions.com\/index.php\/wp-json\/wp\/v2\/posts"}],"about":[{"href":"https:\/\/serbenidorm.daliisolutions.com\/index.php\/wp-json\/wp\/v2\/types\/post"}],"replies":[{"embeddable":true,"href":"https:\/\/serbenidorm.daliisolutions.com\/index.php\/wp-json\/wp\/v2\/comments?post=9364"}],"version-history":[{"count":0,"href":"https:\/\/serbenidorm.daliisolutions.com\/index.php\/wp-json\/wp\/v2\/posts\/9364\/revisions"}],"wp:featuredmedia":[{"embeddable":true,"href":"https:\/\/serbenidorm.daliisolutions.com\/index.php\/wp-json\/wp\/v2\/media\/9365"}],"wp:attachment":[{"href":"https:\/\/serbenidorm.daliisolutions.com\/index.php\/wp-json\/wp\/v2\/media?parent=9364"}],"wp:term":[{"taxonomy":"category","embeddable":true,"href":"https:\/\/serbenidorm.daliisolutions.com\/index.php\/wp-json\/wp\/v2\/categories?post=9364"},{"taxonomy":"post_tag","embeddable":true,"href":"https:\/\/serbenidorm.daliisolutions.com\/index.php\/wp-json\/wp\/v2\/tags?post=9364"}],"curies":[{"name":"wp","href":"https:\/\/api.w.org\/{rel}","templated":true}]}}