{"id":9375,"date":"2024-10-14T20:45:07","date_gmt":"2024-10-14T18:45:07","guid":{"rendered":"https:\/\/serbenidorm.daliisolutions.com\/index.php\/2024\/10\/14\/el-criterium-la-nucia-suma-mas-arcoiris-a-su-nomina-de-ilustres\/"},"modified":"2024-10-14T20:45:07","modified_gmt":"2024-10-14T18:45:07","slug":"el-criterium-la-nucia-suma-mas-arcoiris-a-su-nomina-de-ilustres","status":"publish","type":"post","link":"https:\/\/serbenidorm.daliisolutions.com\/index.php\/2024\/10\/14\/el-criterium-la-nucia-suma-mas-arcoiris-a-su-nomina-de-ilustres\/","title":{"rendered":"El Crit\u00e9rium La Nuc\u00eda suma m\u00e1s \u2018arco\u00edris\u2019 a su n\u00f3mina de ilustres"},"content":{"rendered":"  <p>Benidorm<\/p>   <p>Restan ya menos de dos semanas para que La Nuc\u00eda acoja la primera edici\u00f3n del renacido Crit\u00e9rium Ciclista y que, <a href=\"https:\/\/cadenaser.com\/comunitat-valenciana\/2024\/10\/02\/alejandro-valverde-me-hace-especial-ilusion-correr-con-bugno-y-chiappucci-en-la-nucia-radio-benidorm\/\" target=\"_blank\" rel=\"noopener\">como ya avanzara en SER Deprotivos Marina Baixa su organizador, Javier Castellar, contar\u00e1 con la presencia de algunas de las m\u00e1s grandes leyendas del ciclismo actual y pret\u00e9rito<\/a>.<\/p>   <p>Las \u00faltimas incorporaciones a esa larga lista de invitados ilustres las hemos conocido este mismo lunes, cuando la organizaci\u00f3n del C.D. Podium, ha confirmado que el campe\u00f3n del mundo de gravel de 2022, el belga Gianni Vermeersch, tambi\u00e9n estar\u00e1 en esa gran fiesta del ciclismo a la que, como ya se hab\u00eda anunciado en su momento, asistir\u00e1n nombres tan ilustres como Mathieu Van der Poel, Alejandro Valverde, Pablo Castrillo, \u00d3scar Sevilla, Claudio Chiappucci, Gianni Bugno o \u2018Samu\u2019 S\u00e1nchez.<\/p>   <p>Pero la del compa\u00f1ero de equipo de Van der Poel no ha sido la \u00fanica incorporaci\u00f3n a la \u2018Gotha\u2019 ciclista que se reunir\u00e1 el 26 de octubre en La Nuc\u00eda ya que, en lo que al \u00e1mbito internacional se refiere, tambi\u00e9n se ha conocido este lunes la llegada del jovenc\u00edsimo uruguayo Thomas Silva, que a sus 22 a\u00f1os, ya cuenta en su palmar\u00e9s con el campeonato nacional de su pa\u00eds obtenido en 2022 y que actualmente forma parte del equipo Caja Rural-Seguros RGA.<\/p>  <p><p>M\u00e1s informaci\u00f3n<\/p><figure><img loading=\"lazy\" decoding=\"async\" src=\"https:\/\/cadenaser.com\/resizer\/v2\/V2D2SGFGSZACXHSVI576XXX22I.jpg?auth=caaa5d6e4f59087daf56594f07d91f421372be51bd86b4916c1e5e2d35435671&amp;quality=70&amp;width=360&amp;height=202&amp;smart=true\" width=\"820\" height=\"621\" \/><\/figure><ul><li><a href=\"https:\/\/cadenaser.com\/comunitat-valenciana\/2024\/10\/02\/alejandro-valverde-me-hace-especial-ilusion-correr-con-bugno-y-chiappucci-en-la-nucia-radio-benidorm\/\"><span>Alejandro Valverde: \u201cMe hace especial ilusi\u00f3n correr con Bugno y Chiappucci en La Nuc\u00eda\u201d<\/span><\/a><\/li><\/ul><\/p>   <p>Otro equipo del pelot\u00f3n profesional espa\u00f1ol que estar\u00e1 ampliamente representado en La Nuc\u00eda es el Kern Pharma, que ya confirm\u00f3 al que fue la gran revelaci\u00f3n de la pasada Vuelta a Espa\u00f1a, Pablo Castrillo (que el a\u00f1o que viene dar\u00e1 el salto al Movistar Team). Junto a \u00e9l, formar\u00e1n sus todav\u00eda compa\u00f1eros Eugenio S\u00e1nchez y Urko Berrade, que tambi\u00e9n logro un triunfo parcial en la roda espa\u00f1ola de 2024.<\/p>   <p>El equipo m\u00e1s importante de Espa\u00f1a, el Movistar Team, tambi\u00e9n contar\u00e1 con dos representantes. En el caso de los \u2018telef\u00f3nicos\u2019, se trata de Jorge Arcas y Sergio Samitier, que el pr\u00f3ximo a\u00f1o pondr\u00e1 rumbo a Francia para reforzar al Cofidis.<\/p>   <p>     .c-w{         max-width:444px;         width:100%;         margin:32px auto;      background:#00755E;         border-radius:4px;         display:flex;         align-items:center;         justify-content:center;     }     .c-w a{         display:flex;         align-items:center;         justify-content:center;         padding:4px 24px;     }     .c-w img{         width:24px;         margin-right:12px;     }     .c-w p{         font:18px\/25px Poppins;         text-align:center;         color:#fff;         margin:0;     }     @media (max-width:444px){         .c-w a{             padding:4px 12px;         }         .c-w img{             width:24px;             margin-right:8px;         }         .c-w p{             font:14px\/25px Poppins;         }     }     @media (max-width:335px){         .c-w p{             font:13px\/25px Poppins;         }     }  <div class=\"c-w\">     <a href=\"https:\/\/www.whatsapp.com\/channel\/0029Va633PF9WtC4l7XUzh1e\" target=\"_blank\" rel=\"noopener\">         <img decoding=\"async\" src=\"https:\/\/cadenaser.com\/estaticos\/recursosgraficos\/responsive\/img\/ico-whatsapp.svg\" alt=\"Whatsapp\">         <p>\u00danete al <b>canal de WhatsApp<\/b> de la SER<\/p>     <\/a> <\/div><\/p>   <p>De hecho, el conjunto galo y el brit\u00e1nico Ineos completan el listado de escuadras World Tour con presencia en el Crit\u00e9rium de La Nuc\u00eda. Cofidis asistir\u00e1 representado por Rub\u00e9n Fern\u00e1ndez mientras que Ineos alinear\u00e1 en La Nuc\u00eda a \u00d3scar Rodr\u00edguez, ganador de etapa en La Vuelta 2018.<\/p>   <p>Por parte de los Pro Team, Euskaltel-Euskadi, uno de los equipos m\u00e1s activos en las fugas de La Vuelta 2024, aportar\u00e1 tres corredores, incluido el valenciano Joan Bou. Luis \u00c1ngel Mat\u00e9 participar\u00e1 en el a\u00f1o de su retirada y Andoni L\u00f3pez de Abechuco completar\u00e1 el tr\u00edo de ciclistas \u2018naranjas\u2019.<\/p>   <p>Burgos BH estar\u00e1 presente con Jes\u00fas Ezquerra, \u00d3scar Pelegr\u00ed y Jos\u00e9 Manuel D\u00edaz Gallego. El Caja Rural-Seguros RGA, adem\u00e1s del ya mencionado Thomas Silva, alinear\u00e1 al joven alicantino Jaume Guarde\u00f1o y a Joseba L\u00f3pez.<\/p> ","protected":false},"excerpt":{"rendered":"<p>El campe\u00f3n del mundo de gravel 2022, Gianni Vermeersch, estar\u00e1 junto a los Valverde, Van der Poel, Chiappucci, Bugno o \u2018Samu\u2019 S\u00e1nchez<\/p>\n","protected":false},"author":0,"featured_media":9376,"comment_status":"open","ping_status":"open","sticky":false,"template":"","format":"standard","meta":{"_acf_changed":false,"footnotes":""},"categories":[16],"tags":[],"class_list":["post-9375","post","type-post","status-publish","format-standard","has-post-thumbnail","hentry","category-deportes"],"acf":{"ser_id":"3Z2IUZEJYZDA3PAM5PULMDICNI","ser_url":"https:\/\/cadenaser.com\/comunitat-valenciana\/2024\/10\/14\/el-criterium-la-nucia-suma-mas-arcoiris-a-su-nomina-de-ilustres-radio-benidorm\/"},"_links":{"self":[{"href":"https:\/\/serbenidorm.daliisolutions.com\/index.php\/wp-json\/wp\/v2\/posts\/9375","targetHints":{"allow":["GET"]}}],"collection":[{"href":"https:\/\/serbenidorm.daliisolutions.com\/index.php\/wp-json\/wp\/v2\/posts"}],"about":[{"href":"https:\/\/serbenidorm.daliisolutions.com\/index.php\/wp-json\/wp\/v2\/types\/post"}],"replies":[{"embeddable":true,"href":"https:\/\/serbenidorm.daliisolutions.com\/index.php\/wp-json\/wp\/v2\/comments?post=9375"}],"version-history":[{"count":0,"href":"https:\/\/serbenidorm.daliisolutions.com\/index.php\/wp-json\/wp\/v2\/posts\/9375\/revisions"}],"wp:featuredmedia":[{"embeddable":true,"href":"https:\/\/serbenidorm.daliisolutions.com\/index.php\/wp-json\/wp\/v2\/media\/9376"}],"wp:attachment":[{"href":"https:\/\/serbenidorm.daliisolutions.com\/index.php\/wp-json\/wp\/v2\/media?parent=9375"}],"wp:term":[{"taxonomy":"category","embeddable":true,"href":"https:\/\/serbenidorm.daliisolutions.com\/index.php\/wp-json\/wp\/v2\/categories?post=9375"},{"taxonomy":"post_tag","embeddable":true,"href":"https:\/\/serbenidorm.daliisolutions.com\/index.php\/wp-json\/wp\/v2\/tags?post=9375"}],"curies":[{"name":"wp","href":"https:\/\/api.w.org\/{rel}","templated":true}]}}