{"id":9390,"date":"2024-10-15T07:59:41","date_gmt":"2024-10-15T05:59:41","guid":{"rendered":"https:\/\/serbenidorm.daliisolutions.com\/index.php\/2024\/10\/15\/los-alquileres-se-disparan-en-benidorm-casi-un-20-en-el-ultimo-ano\/"},"modified":"2024-10-15T07:59:41","modified_gmt":"2024-10-15T05:59:41","slug":"los-alquileres-se-disparan-en-benidorm-casi-un-20-en-el-ultimo-ano","status":"publish","type":"post","link":"https:\/\/serbenidorm.daliisolutions.com\/index.php\/2024\/10\/15\/los-alquileres-se-disparan-en-benidorm-casi-un-20-en-el-ultimo-ano\/","title":{"rendered":"Los alquileres se disparan en Benidorm casi un 20 % en el \u00faltimo a\u00f1o"},"content":{"rendered":"  <p>Benidorm<\/p>   <p>Tras la multitudinaria manifestaci\u00f3n que este domingo pon\u00eda de relieve el acuciante problema del acceso a la vivienda <a href=\"https:\/\/cadenaser.com\/tag\/benidorm\/a\/\" target=\"_blank\" rel=\"noopener\">un informe se\u00f1ala ahora a Benidorm y Finestrat como los dos puntos de la Comunitat Valenciana con el precio del alquiler m\u00e1s caro<\/a>. Ambas localidades por encima de los 16 euros el metro cuadrado.<\/p>   <p>Una estad\u00edstica del portal inmobiliario Fotocasa sit\u00faa en estos dos municipios de la Marina Baixa la renta media de un piso de 100 metros durante septiembre en 1.600 euros, precio solo superado por Catalu\u00f1a, Madrid, Euskadi y Baleares, ni siquiera Valencia o Alicante capital.<\/p>  <p><p>M\u00e1s informaci\u00f3n<\/p><figure><img loading=\"lazy\" decoding=\"async\" src=\"https:\/\/cadenaser.com\/resizer\/v2\/H2L2O7JMARH7RN2T2CJWTMXYQY.jpg?auth=411f7aa3384856c21ad9c199bf3879f4807f2f172ba85c4db2a4b09eca0accb2&amp;quality=70&amp;width=360&amp;height=202&amp;smart=true\" width=\"820\" height=\"621\" \/><\/figure><ul><li><a href=\"https:\/\/cadenaser.com\/comunitat-valenciana\/2024\/10\/08\/benidorm-encarga-un-estudio-sobre-la-segunda-fase-de-renovacion-de-mediterraneo-es-uno-de-los-principales-objetivos-hasta-el-2027-radio-benidorm\/\"><span>Benidorm encarga un estudio sobre la avenida del Mediterr\u00e1neo: \u00abEs uno de los principales objetivos hasta el 2027\u00bb<\/span><\/a><\/li><\/ul><\/p>   <p>En el caso de Benidorm este \u00faltimo dato supone un descenso del 3,4 % respecto a agosto, algo habitual en el tercer trimestre del a\u00f1o, pero que refleja un incremento del 19,5 % respecto al mismo momento del a\u00f1o pasado.<\/p>  <p><p class=\"tit\"><span>Jaime, Laura y Miguel: tres complicadas b\u00fasquedas de casa en Benidorm<\/span><\/p> <p class=\"emb\"><iframe loading=\"lazy\" src=\"https:\/\/cadenaser.com\/embed\/audio\/460\/1728907485761\/\" width=\"100%\" height=\"360\" frameborder=\"0\" allowfullscreen><\/iframe><\/p><\/p>   <p>Esta situaci\u00f3n se est\u00e1 agravando en la capital de la Costa Blanca porque, como en otros destinos, cada vez m\u00e1s viviendas se destinan a uso tur\u00edstico y la oferta residencial se reduce dr\u00e1sticamente. As\u00ed, trabajadores de otros lugares o j\u00f3venes que se quieren emancipar cada vez tienen m\u00e1s complicado encontrar algo y que no suponga el grueso de su sueldo.<\/p>   <p>Jaime, por ejemplo, paga <a href=\"https:\/\/cadenaser.com\/tag\/comarca_la_marina_baixa\/a\/\" target=\"_blank\" rel=\"noopener\">600 euros por un peque\u00f1o estudio<\/a>: \u00abLa mitad del sueldo me va en el alquiler\u00bb, se\u00f1ala resignado. Laura ha conseguido despu\u00e9s de meses de b\u00fasqueda un piso en el centro para vivir con su pareja, tiene dos habitaciones y cuesta 800 euros.<\/p>   <p>     .c-w{         max-width:444px;         width:100%;         margin:32px auto;      background:#00755E;         border-radius:4px;         display:flex;         align-items:center;         justify-content:center;     }     .c-w a{         display:flex;         align-items:center;         justify-content:center;         padding:4px 24px;     }     .c-w img{         width:24px;         margin-right:12px;     }     .c-w p{         font:18px\/25px Poppins;         text-align:center;         color:#fff;         margin:0;     }     @media (max-width:444px){         .c-w a{             padding:4px 12px;         }         .c-w img{             width:24px;             margin-right:8px;         }         .c-w p{             font:14px\/25px Poppins;         }     }     @media (max-width:335px){         .c-w p{             font:13px\/25px Poppins;         }     }  <div class=\"c-w\">     <a href=\"https:\/\/www.whatsapp.com\/channel\/0029Va633PF9WtC4l7XUzh1e\" target=\"_blank\" rel=\"noopener\">         <img decoding=\"async\" src=\"https:\/\/cadenaser.com\/estaticos\/recursosgraficos\/responsive\/img\/ico-whatsapp.svg\" alt=\"Whatsapp\">         <p>\u00danete al <b>canal de WhatsApp<\/b> de la SER<\/p>     <\/a> <\/div><\/p> ","protected":false},"excerpt":{"rendered":"<p>Seg\u00fan Fotocasa el precio medio alcanza los 16,70 euros por metro cuadrado y supera al de Valencia o Alicante<\/p>\n","protected":false},"author":0,"featured_media":9391,"comment_status":"open","ping_status":"open","sticky":false,"template":"","format":"standard","meta":{"_acf_changed":false,"footnotes":""},"categories":[1],"tags":[],"class_list":["post-9390","post","type-post","status-publish","format-standard","has-post-thumbnail","hentry","category-sin-categoria"],"acf":{"ser_id":"GGVNR7ZTFBF5HL6UVRXL7VEIPY","ser_url":"https:\/\/cadenaser.com\/comunitat-valenciana\/2024\/10\/14\/los-alquileres-se-disparan-en-benidorm-casi-un-20-en-el-ultimo-ano-radio-benidorm\/"},"_links":{"self":[{"href":"https:\/\/serbenidorm.daliisolutions.com\/index.php\/wp-json\/wp\/v2\/posts\/9390","targetHints":{"allow":["GET"]}}],"collection":[{"href":"https:\/\/serbenidorm.daliisolutions.com\/index.php\/wp-json\/wp\/v2\/posts"}],"about":[{"href":"https:\/\/serbenidorm.daliisolutions.com\/index.php\/wp-json\/wp\/v2\/types\/post"}],"replies":[{"embeddable":true,"href":"https:\/\/serbenidorm.daliisolutions.com\/index.php\/wp-json\/wp\/v2\/comments?post=9390"}],"version-history":[{"count":0,"href":"https:\/\/serbenidorm.daliisolutions.com\/index.php\/wp-json\/wp\/v2\/posts\/9390\/revisions"}],"wp:featuredmedia":[{"embeddable":true,"href":"https:\/\/serbenidorm.daliisolutions.com\/index.php\/wp-json\/wp\/v2\/media\/9391"}],"wp:attachment":[{"href":"https:\/\/serbenidorm.daliisolutions.com\/index.php\/wp-json\/wp\/v2\/media?parent=9390"}],"wp:term":[{"taxonomy":"category","embeddable":true,"href":"https:\/\/serbenidorm.daliisolutions.com\/index.php\/wp-json\/wp\/v2\/categories?post=9390"},{"taxonomy":"post_tag","embeddable":true,"href":"https:\/\/serbenidorm.daliisolutions.com\/index.php\/wp-json\/wp\/v2\/tags?post=9390"}],"curies":[{"name":"wp","href":"https:\/\/api.w.org\/{rel}","templated":true}]}}