{"id":9392,"date":"2024-10-15T07:59:42","date_gmt":"2024-10-15T05:59:42","guid":{"rendered":"https:\/\/serbenidorm.daliisolutions.com\/index.php\/2024\/10\/15\/el-benidormense-fran-mercader-explora-en-un-libro-el-pasado-prehistorico-de-mas-de-100-cuevas-de-alicante\/"},"modified":"2024-10-15T07:59:42","modified_gmt":"2024-10-15T05:59:42","slug":"el-benidormense-fran-mercader-explora-en-un-libro-el-pasado-prehistorico-de-mas-de-100-cuevas-de-alicante","status":"publish","type":"post","link":"https:\/\/serbenidorm.daliisolutions.com\/index.php\/2024\/10\/15\/el-benidormense-fran-mercader-explora-en-un-libro-el-pasado-prehistorico-de-mas-de-100-cuevas-de-alicante\/","title":{"rendered":"El benidormense Fran Mercader explora en un libro el pasado prehist\u00f3rico de m\u00e1s de 100 cuevas de Alicante"},"content":{"rendered":"  <p>Benidorm<\/p>   <p>\u00abM\u00e1s all\u00e1 de la ciudad, en las monta\u00f1as alicantinas, se esconden lugares incre\u00edbles, solo al alcance de unos pocos\u00bb, as\u00ed empieza a contar Fran Mercader (Benidorm, 1990) el origen de su libro &#8216;Cuevas de Alicante&#8217;, una obra de 250 fotograf\u00edas de gran calidad resultado de una investigaci\u00f3n por toda la provincia que le ha llevado m\u00e1s de dos a\u00f1os.<\/p>   <p>Un trabajo que este licenciado en Ciencias Ambientales y autor del blog <a href=\"https:\/\/masalladelaciudad.com\/quienes-somos\" rel=\"nofollow noopener\" target=\"_blank\"><i>M\u00e1s all\u00e1 de la ciudad<\/i><\/a> comenzaba en casa, buscando por internet cada rinc\u00f3n, aunque como ha contado en <a href=\"https:\/\/cadenaser.com\/tag\/comarca_la_marina_baixa\/a\/\" target=\"_blank\" rel=\"noopener\">La Ventana de la Marina Baixa<\/a>, los m\u00e1s especiales solo se consiguen localizar yendo en su b\u00fasqueda, hablando con la gente y \u00abvolviendo a casa muchos d\u00edas si haber encontrado nada\u00bb.<\/p>  <p><p>M\u00e1s informaci\u00f3n<\/p><figure><img loading=\"lazy\" decoding=\"async\" src=\"https:\/\/cadenaser.com\/resizer\/v2\/BDDFNUAYPNB33HZVMSSFY6GT2M.jpg?auth=a05ac6882231ad6f602853b4533c254a10f57698e85344ad037bbaf8ff9cb99b&amp;quality=70&amp;width=360&amp;height=202&amp;smart=true\" width=\"820\" height=\"621\" \/><\/figure><ul><li><a href=\"https:\/\/cadenaser.com\/comunitat-valenciana\/2024\/10\/14\/los-alquileres-se-disparan-en-benidorm-casi-un-20-en-el-ultimo-ano-radio-benidorm\/\"><span>Los alquileres se disparan en Benidorm casi un 20 % en el \u00faltimo a\u00f1o<\/span><\/a><\/li><\/ul><\/p>   <p>Este \u00abesp\u00edritu de cabra\u00bb, como el mismo Mercader se define, ha extra\u00eddo otro aprendizaje: la necesidad de cuidar el entorno natural y que conviva con el turismo: \u00abTenemos que poner de nuestra parte los que vayamos a la monta\u00f1a\u00bb, explica.<\/p>   <p>\u00abHe encontrado grabados de m\u00e1s de 150 a\u00f1os y latas de refresco de hace cincuenta o sesenta a\u00f1os que fechas por los patrocinios\u00bb, sigue contando antes de situar a la Marina Alta y Baixa en las dos primeras posiciones de su particular clasificaci\u00f3n.<\/p>   <p>Puedes apoyar el proyecto de Fran Mercader y hacerte con su libro<a href=\"https:\/\/www.verkami.com\/projects\/39214-libro-cuevas-de-alicante?fbclid=PAZXh0bgNhZW0CMTEAAabcd8SyMdeQ-QVXu6E5jUbK2VhLWsrBI5qzHowcsaW3faEDBzzJm8-yhfc_aem_k-tAZtz2kyL46O7fH3b1oA\" rel=\"nofollow noopener\" target=\"_blank\"> &#8216;Cuevas de Alicante&#8217; en este <i>enlace<\/i><\/a> de la plataforma Verkami.<\/p>   <p>     .c-w{         max-width:444px;         width:100%;         margin:32px auto;      background:#00755E;         border-radius:4px;         display:flex;         align-items:center;         justify-content:center;     }     .c-w a{         display:flex;         align-items:center;         justify-content:center;         padding:4px 24px;     }     .c-w img{         width:24px;         margin-right:12px;     }     .c-w p{         font:18px\/25px Poppins;         text-align:center;         color:#fff;         margin:0;     }     @media (max-width:444px){         .c-w a{             padding:4px 12px;         }         .c-w img{             width:24px;             margin-right:8px;         }         .c-w p{             font:14px\/25px Poppins;         }     }     @media (max-width:335px){         .c-w p{             font:13px\/25px Poppins;         }     }  <div class=\"c-w\">     <a href=\"https:\/\/www.whatsapp.com\/channel\/0029Va633PF9WtC4l7XUzh1e\" target=\"_blank\" rel=\"noopener\">         <img decoding=\"async\" src=\"https:\/\/cadenaser.com\/estaticos\/recursosgraficos\/responsive\/img\/ico-whatsapp.svg\" alt=\"Whatsapp\">         <p>\u00danete al <b>canal de WhatsApp<\/b> de la SER<\/p>     <\/a> <\/div><\/p> ","protected":false},"excerpt":{"rendered":"<p>250 fotograf\u00edas muestran algunos de los lugares m\u00e1s bellos y desconocidos de la provincia<\/p>\n","protected":false},"author":0,"featured_media":9393,"comment_status":"open","ping_status":"open","sticky":false,"template":"","format":"standard","meta":{"_acf_changed":false,"footnotes":""},"categories":[1],"tags":[],"class_list":["post-9392","post","type-post","status-publish","format-standard","has-post-thumbnail","hentry","category-sin-categoria"],"acf":{"ser_id":"HGYODA26YVCJZKOCQWVL2ONO4M","ser_url":"https:\/\/cadenaser.com\/comunitat-valenciana\/2024\/10\/14\/el-benidormense-fran-mercader-explora-en-un-libro-el-pasado-prehistorico-de-mas-de-100-cuevas-de-alicante-radio-benidorm\/"},"_links":{"self":[{"href":"https:\/\/serbenidorm.daliisolutions.com\/index.php\/wp-json\/wp\/v2\/posts\/9392","targetHints":{"allow":["GET"]}}],"collection":[{"href":"https:\/\/serbenidorm.daliisolutions.com\/index.php\/wp-json\/wp\/v2\/posts"}],"about":[{"href":"https:\/\/serbenidorm.daliisolutions.com\/index.php\/wp-json\/wp\/v2\/types\/post"}],"replies":[{"embeddable":true,"href":"https:\/\/serbenidorm.daliisolutions.com\/index.php\/wp-json\/wp\/v2\/comments?post=9392"}],"version-history":[{"count":0,"href":"https:\/\/serbenidorm.daliisolutions.com\/index.php\/wp-json\/wp\/v2\/posts\/9392\/revisions"}],"wp:featuredmedia":[{"embeddable":true,"href":"https:\/\/serbenidorm.daliisolutions.com\/index.php\/wp-json\/wp\/v2\/media\/9393"}],"wp:attachment":[{"href":"https:\/\/serbenidorm.daliisolutions.com\/index.php\/wp-json\/wp\/v2\/media?parent=9392"}],"wp:term":[{"taxonomy":"category","embeddable":true,"href":"https:\/\/serbenidorm.daliisolutions.com\/index.php\/wp-json\/wp\/v2\/categories?post=9392"},{"taxonomy":"post_tag","embeddable":true,"href":"https:\/\/serbenidorm.daliisolutions.com\/index.php\/wp-json\/wp\/v2\/tags?post=9392"}],"curies":[{"name":"wp","href":"https:\/\/api.w.org\/{rel}","templated":true}]}}