{"id":9394,"date":"2024-10-15T07:59:43","date_gmt":"2024-10-15T05:59:43","guid":{"rendered":"https:\/\/serbenidorm.daliisolutions.com\/index.php\/2024\/10\/15\/finalizan-las-obras-de-emergencia-en-la-linea-9-del-tram-a-su-paso-por-la-zona-del-mascarat\/"},"modified":"2024-10-15T07:59:43","modified_gmt":"2024-10-15T05:59:43","slug":"finalizan-las-obras-de-emergencia-en-la-linea-9-del-tram-a-su-paso-por-la-zona-del-mascarat","status":"publish","type":"post","link":"https:\/\/serbenidorm.daliisolutions.com\/index.php\/2024\/10\/15\/finalizan-las-obras-de-emergencia-en-la-linea-9-del-tram-a-su-paso-por-la-zona-del-mascarat\/","title":{"rendered":"Finalizan las obras de emergencia en la L\u00ednea 9 del TRAM a su paso por la zona del Mascarat"},"content":{"rendered":"  <p>D\u00e9nia<\/p>   <p>El conseller de Medio Ambiente, Infraestructuras y Territorio, Vicente Mart\u00ednez Mus, ha visitado las obras de emergencia que se han ejecutado en la L\u00ednea 9 del TRAM d\u2019Alacant (Benidorm-D\u00e9nia), a su paso por la zona del Mascarat en Altea, con una inversi\u00f3n de tres millones de euros.<\/p>   <p>A la visita tambi\u00e9n han acudido el secretario auton\u00f3mico de Infraestructuras y Transportes, Javier Sendra; el director general de Transportes, Manuel R\u00edos; el director gerente de Ferrocarrils de la Generalitat Valenciana (FGV), Alfonso Novo; el alcalde de Altea, Diego Zaragoz\u00ed y representantes de la empresa que ha realizado las obras, seg\u00fan fuentes de la Generalitat.<\/p>   <p>Estos trabajos ejecutados por FGV comenzaron el pasado abril para hacer frente a los da\u00f1os provocados por el incendio que en enero afect\u00f3 a la infraestructura ferroviaria y a las condiciones del entorno de esta l\u00ednea.<\/p>   <p>Las actuaciones se han realizado a lo largo de cerca de tres kil\u00f3metros entre las estaciones de Olla d&#8217;Altea y Calp, y han contado con un presupuesto de tres millones de euros.<\/p>   <p>El conseller ha explicado que \u201cestos trabajos se han realizado de manera paralela y coordinada a las obras de los nuevos viaductos ferroviarios de Mascarat y Algar de la misma L\u00ednea 9, con un presupuesto conjunto que supera los 16 millones de euros y cuentan con financiaci\u00f3n de Fondos Europeos\u201d.<\/p>   <p>     .c-w{         max-width:444px;         width:100%;         margin:32px auto;      background:#00755E;         border-radius:4px;         display:flex;         align-items:center;         justify-content:center;     }     .c-w a{         display:flex;         align-items:center;         justify-content:center;         padding:4px 24px;     }     .c-w img{         width:24px;         margin-right:12px;     }     .c-w p{         font:18px\/25px Poppins;         text-align:center;         color:#fff;         margin:0;     }     @media (max-width:444px){         .c-w a{             padding:4px 12px;         }         .c-w img{             width:24px;             margin-right:8px;         }         .c-w p{             font:14px\/25px Poppins;         }     }     @media (max-width:335px){         .c-w p{             font:13px\/25px Poppins;         }     }  <div class=\"c-w\">     <a href=\"https:\/\/www.whatsapp.com\/channel\/0029Va633PF9WtC4l7XUzh1e\" target=\"_blank\" rel=\"noopener\">         <img decoding=\"async\" src=\"https:\/\/cadenaser.com\/estaticos\/recursosgraficos\/responsive\/img\/ico-whatsapp.svg\" alt=\"Whatsapp\">         <p>\u00danete al <b>canal de WhatsApp<\/b> de la SER<\/p>     <\/a> <\/div><\/p>   <p>A su vez, ha anunciado que este mes de octubre comienzan las obras de desmontaje del puente original del barranco del Mascarat y del proceso de instalaci\u00f3n del nuevo viaducto, de modo que una vez finalizadas las obras de renovaci\u00f3n de los viaductos de Algar y Mascarat, las unidades de propulsi\u00f3n di\u00e9sel-el\u00e9ctrica Serie 5000 podr\u00e1n circular entre D\u00e9nia y Benidorm sin necesidad de transbordo.<\/p>   <p>Obras de emergencia<\/p>   <p>Con las obras de emergencia se ha hecho frente a los da\u00f1os causados por el incendio que tuvo lugar entre los d\u00edas 6 y 9 de enero en las inmediaciones del puerto deportivo de Campomanes y del Mascarat, que se propag\u00f3 y extendi\u00f3 hacia el oeste por la existencia de fuertes vientos, llegando a sobrepasar la autopista AP-7 y afectando a la infraestructura ferroviaria en el tramo comprendido entre las estaciones de Olla d\u00b4Altea y Calp.<\/p>   <p>Entre las acciones ejecutadas se ha completado la renovaci\u00f3n de la infraestructura afectada con la retirada de arbolado; la mitigaci\u00f3n de posibles riesgos geol\u00f3gicos; la reconstrucci\u00f3n de un terrapl\u00e9n e infraestructura de drenaje, as\u00ed como la reducci\u00f3n de la erosi\u00f3n en taludes y laderas cercanas al trazado de la v\u00eda.<\/p>   <p>Actualmente, el corte de servicio afecta al tramo Altea-Teulada, en esta ocasi\u00f3n por las obras de los viaductos de Algar y Mascarat. En una \u00faltima fase de estos dos proyectos y antes de su finalizaci\u00f3n en diciembre, el corte comprender\u00e1 el tramo Garganes-Calp.<\/p>   <p>Sustituci\u00f3n del viaducto del Mascarat<\/p>   <p>Los trabajos en el Mascarat, con un presupuesto de licitaci\u00f3n de 8.266.980,43 euros, suponen la sustituci\u00f3n del actual viaducto, construido entre los a\u00f1os 1913 y 1915, por uno nuevo de similares caracter\u00edsticas y conservando una est\u00e9tica similar a la del viaducto original.<\/p>   <p>El nuevo viaducto tendr\u00e1 una longitud total de 43,20 metros, salvando el barranco con un \u00fanico vano isost\u00e1tico y de las mismas caracter\u00edsticas que el tablero original (estructura met\u00e1lica tipo PRATT).<\/p>   <p>Adem\u00e1s, la actuaci\u00f3n de Mascarat incluye la reposici\u00f3n en todo el trazado (aproximadamente 1,5 kil\u00f3metros) de la actual superestructura de la plataforma ferroviaria en balasto por v\u00eda en placa, la protecci\u00f3n y la ejecuci\u00f3n de 12.475 m2 de superficie de talud mediante mallas de triple torsi\u00f3n y la colocaci\u00f3n de pantallas din\u00e1micas.<\/p> ","protected":false},"excerpt":{"rendered":"<p>Con una inversi\u00f3n de tres millones de euros, se est\u00e1n llevando a cabo trabajos de restauraci\u00f3n en un tramo de tres kil\u00f3metros entre Olla d&#8217;Altea y Calp, en coordinaci\u00f3n con nuevos viaductos ferroviarios<\/p>\n","protected":false},"author":0,"featured_media":9395,"comment_status":"open","ping_status":"open","sticky":false,"template":"","format":"standard","meta":{"_acf_changed":false,"footnotes":""},"categories":[1],"tags":[],"class_list":["post-9394","post","type-post","status-publish","format-standard","has-post-thumbnail","hentry","category-sin-categoria"],"acf":{"ser_id":"2XTJYYAYEFBHHEL3JENBHXAWLU","ser_url":"https:\/\/cadenaser.com\/comunitat-valenciana\/2024\/10\/14\/finalizan-las-obras-de-emergencia-en-la-linea-9-del-tram-a-su-paso-por-la-zona-del-mascarat-radio-denia\/"},"_links":{"self":[{"href":"https:\/\/serbenidorm.daliisolutions.com\/index.php\/wp-json\/wp\/v2\/posts\/9394","targetHints":{"allow":["GET"]}}],"collection":[{"href":"https:\/\/serbenidorm.daliisolutions.com\/index.php\/wp-json\/wp\/v2\/posts"}],"about":[{"href":"https:\/\/serbenidorm.daliisolutions.com\/index.php\/wp-json\/wp\/v2\/types\/post"}],"replies":[{"embeddable":true,"href":"https:\/\/serbenidorm.daliisolutions.com\/index.php\/wp-json\/wp\/v2\/comments?post=9394"}],"version-history":[{"count":0,"href":"https:\/\/serbenidorm.daliisolutions.com\/index.php\/wp-json\/wp\/v2\/posts\/9394\/revisions"}],"wp:featuredmedia":[{"embeddable":true,"href":"https:\/\/serbenidorm.daliisolutions.com\/index.php\/wp-json\/wp\/v2\/media\/9395"}],"wp:attachment":[{"href":"https:\/\/serbenidorm.daliisolutions.com\/index.php\/wp-json\/wp\/v2\/media?parent=9394"}],"wp:term":[{"taxonomy":"category","embeddable":true,"href":"https:\/\/serbenidorm.daliisolutions.com\/index.php\/wp-json\/wp\/v2\/categories?post=9394"},{"taxonomy":"post_tag","embeddable":true,"href":"https:\/\/serbenidorm.daliisolutions.com\/index.php\/wp-json\/wp\/v2\/tags?post=9394"}],"curies":[{"name":"wp","href":"https:\/\/api.w.org\/{rel}","templated":true}]}}