{"id":9420,"date":"2024-10-16T08:18:26","date_gmt":"2024-10-16T06:18:26","guid":{"rendered":"https:\/\/serbenidorm.daliisolutions.com\/index.php\/2024\/10\/16\/la-policia-local-de-benidorm-inmoviliza-otro-transporte-ilegal-el-tren-de-la-bruja\/"},"modified":"2024-10-16T08:18:26","modified_gmt":"2024-10-16T06:18:26","slug":"la-policia-local-de-benidorm-inmoviliza-otro-transporte-ilegal-el-tren-de-la-bruja","status":"publish","type":"post","link":"https:\/\/serbenidorm.daliisolutions.com\/index.php\/2024\/10\/16\/la-policia-local-de-benidorm-inmoviliza-otro-transporte-ilegal-el-tren-de-la-bruja\/","title":{"rendered":"La Polic\u00eda Local de Benidorm inmoviliza otro transporte ilegal: \u00abEl tren de la bruja\u00bb"},"content":{"rendered":"  <p>Benidorm<\/p>   <p>La Polic\u00eda Local de Benidorm ha vuelto a inmovilizar otro transporte ilegal plagado de deficiencias. En el marco de la campa\u00f1a que el cuerpo est\u00e1 realizando desde hace semanas los agentes han inmovilizado en esta ocasi\u00f3n una furgoneta sin cinturones de seguridad, con un ambientador en lugar del obligado extintor o con graves deficiencias en los neum\u00e1ticos. <\/p>   <p>El portavoz de la Polic\u00eda Quique Tortosa ha explicado en declaraciones a <a href=\"https:\/\/cadenaser.com\/tag\/benidorm\/a\/\" target=\"_blank\" rel=\"noopener\">Radio Benidorm<\/a> que se trata de taxis ilegales que, siempre con el precio como reclamo, se han hecho un hueco en el negocio de los &#8216;transfer&#8217; entre la ciudad y el aeropuerto: \u00abBenidorm no va a ser el caladero de los transportes ilegales\u00bb, afirma con rotundidad.<\/p>  <p><p>M\u00e1s informaci\u00f3n<\/p><figure><img loading=\"lazy\" decoding=\"async\" src=\"https:\/\/cadenaser.com\/resizer\/v2\/NXANY4BNEVFOBDZZ5A3HGZ2KUY.jpeg?auth=563947793352b017758ed77f0897f878f40413abb3ea8ff6cf112327791c65fd&amp;quality=70&amp;width=360&amp;height=202&amp;smart=true\" width=\"820\" height=\"621\" \/><\/figure><ul><li><a href=\"https:\/\/cadenaser.com\/comunitat-valenciana\/2024\/05\/27\/asi-trabaja-el-community-manager-de-la-policia-local-de-benidorm-radio-benidorm\/\"><span>As\u00ed trabaja el community manager de la Polic\u00eda Local de Benidorm<\/span><\/a><\/li><\/ul><\/p>   <p>De hecho el pasado lunes se inmoviliz\u00f3 a otro minib\u00fas de la misma empresa por las mismas circunstancias: \u00abSon veh\u00edculos particulares carentes de cualquier tipo de distintivo y funcionan por el boca a boca entre los turistas, mayoritariamente de origen brit\u00e1nico\u00bb, detalla.<\/p>   <p><div class=\"oembed twitter\"><blockquote class=\"twitter-tweet\"><p lang=\"es\" dir=\"ltr\">Inmovilizado este veh\u00edculo que realizaba transporte de pasajeros al aeropuerto de manera ilegal. Lo hemos llamado \u00abel Tren de la Bruja\u00bb \ud83e\uddd9\u200d\u2640\ufe0f\ud83d\ude82 y presentaba deficiencias muy graves que afectan a la seguridad de los usuarios.<a href=\"https:\/\/twitter.com\/BenidormAyto?ref_src=twsrc%5Etfw\">@BenidormAyto<\/a> <a href=\"https:\/\/t.co\/yVuHVXrJZN\">pic.twitter.com\/yVuHVXrJZN<\/a><\/p>\u2014 Polic\u00eda Local Benidorm (@POLICIALOCAL) <a href=\"https:\/\/twitter.com\/POLICIALOCAL\/status\/1846068693945491664?ref_src=twsrc%5Etfw\">October 15, 2024<\/a><\/blockquote>   <\/div><\/p>   <p>En el caso de esta \u00faltima furgoneta la polic\u00eda, con humor, la ha bautizado en las redes sociales como \u00abel tren de la bruja\u00bb. Entre sus im\u00e1genes m\u00e1s llamativas est\u00e1n esa que muestra un enorme &#8216;mordisco&#8217; en una de las ruedas de la furgoneta, la los anclajes de los cinturones de seguridad inutilizados, as\u00ed como los elementos cortantes dentro del habit\u00e1culo de pasajeros o partes del coche sujetos con cintas anudadas.<\/p>   <p>A estos taxistas ilegales tampoco les hace falta ofrecer sus servicios de manera p\u00fablica ya que, como explica Tortosa, son los propios turistas \u00ablos que se facilitan entre ellos el tel\u00e9fono\u00bb del conductor. <\/p>   <p>     .c-w{         max-width:444px;         width:100%;         margin:32px auto;      background:#00755E;         border-radius:4px;         display:flex;         align-items:center;         justify-content:center;     }     .c-w a{         display:flex;         align-items:center;         justify-content:center;         padding:4px 24px;     }     .c-w img{         width:24px;         margin-right:12px;     }     .c-w p{         font:18px\/25px Poppins;         text-align:center;         color:#fff;         margin:0;     }     @media (max-width:444px){         .c-w a{             padding:4px 12px;         }         .c-w img{             width:24px;             margin-right:8px;         }         .c-w p{             font:14px\/25px Poppins;         }     }     @media (max-width:335px){         .c-w p{             font:13px\/25px Poppins;         }     }  <div class=\"c-w\">     <a href=\"https:\/\/www.whatsapp.com\/channel\/0029Va633PF9WtC4l7XUzh1e\" target=\"_blank\" rel=\"noopener\">         <img decoding=\"async\" src=\"https:\/\/cadenaser.com\/estaticos\/recursosgraficos\/responsive\/img\/ico-whatsapp.svg\" alt=\"Whatsapp\">         <p>\u00danete al <b>canal de WhatsApp<\/b> de la SER<\/p>     <\/a> <\/div><\/p> ","protected":false},"excerpt":{"rendered":"<p>La furgoneta hac\u00eda servicios al aeropuerto sin licencia y con multitud de deficiencias como la ausencia de cinturones<\/p>\n","protected":false},"author":0,"featured_media":9421,"comment_status":"open","ping_status":"open","sticky":false,"template":"","format":"standard","meta":{"_acf_changed":false,"footnotes":""},"categories":[1],"tags":[],"class_list":["post-9420","post","type-post","status-publish","format-standard","has-post-thumbnail","hentry","category-sin-categoria"],"acf":{"ser_id":"KNP7CATD4NFGHNOXVW6T34BL7M","ser_url":"https:\/\/cadenaser.com\/comunitat-valenciana\/2024\/10\/15\/la-policia-local-de-benidorm-inmoviliza-otro-transporte-ilegal-el-tren-de-la-bruja-radio-benidorm\/"},"_links":{"self":[{"href":"https:\/\/serbenidorm.daliisolutions.com\/index.php\/wp-json\/wp\/v2\/posts\/9420","targetHints":{"allow":["GET"]}}],"collection":[{"href":"https:\/\/serbenidorm.daliisolutions.com\/index.php\/wp-json\/wp\/v2\/posts"}],"about":[{"href":"https:\/\/serbenidorm.daliisolutions.com\/index.php\/wp-json\/wp\/v2\/types\/post"}],"replies":[{"embeddable":true,"href":"https:\/\/serbenidorm.daliisolutions.com\/index.php\/wp-json\/wp\/v2\/comments?post=9420"}],"version-history":[{"count":0,"href":"https:\/\/serbenidorm.daliisolutions.com\/index.php\/wp-json\/wp\/v2\/posts\/9420\/revisions"}],"wp:featuredmedia":[{"embeddable":true,"href":"https:\/\/serbenidorm.daliisolutions.com\/index.php\/wp-json\/wp\/v2\/media\/9421"}],"wp:attachment":[{"href":"https:\/\/serbenidorm.daliisolutions.com\/index.php\/wp-json\/wp\/v2\/media?parent=9420"}],"wp:term":[{"taxonomy":"category","embeddable":true,"href":"https:\/\/serbenidorm.daliisolutions.com\/index.php\/wp-json\/wp\/v2\/categories?post=9420"},{"taxonomy":"post_tag","embeddable":true,"href":"https:\/\/serbenidorm.daliisolutions.com\/index.php\/wp-json\/wp\/v2\/tags?post=9420"}],"curies":[{"name":"wp","href":"https:\/\/api.w.org\/{rel}","templated":true}]}}