{"id":9422,"date":"2024-10-16T08:18:28","date_gmt":"2024-10-16T06:18:28","guid":{"rendered":"https:\/\/serbenidorm.daliisolutions.com\/index.php\/2024\/10\/16\/el-psoe-de-benidorm-exigira-que-se-retiren-todos-los-honores-al-exalcalde-zaplana\/"},"modified":"2024-10-16T08:18:28","modified_gmt":"2024-10-16T06:18:28","slug":"el-psoe-de-benidorm-exigira-que-se-retiren-todos-los-honores-al-exalcalde-zaplana","status":"publish","type":"post","link":"https:\/\/serbenidorm.daliisolutions.com\/index.php\/2024\/10\/16\/el-psoe-de-benidorm-exigira-que-se-retiren-todos-los-honores-al-exalcalde-zaplana\/","title":{"rendered":"El PSOE de Benidorm exigir\u00e1 que se retiren todos los honores al exalcalde Zaplana"},"content":{"rendered":"  <p>Benidorm<\/p>   <p>Tras hacerse p\u00fablica la sentencia de la Audiencia Provincial de Val\u00e8ncia que ha condenado a 10 a\u00f1os y cinco meses de prisi\u00f3n al exalcalde de Benidorm, Eduardo Zaplana, como autor de los delitos de prevaricaci\u00f3n, cohecho, falsedad y blanqueo de capitales, la oposici\u00f3n del PSOE en la capital tur\u00edstica va a pedir que se le retiren todos los honores concedidos por el Ayuntamiento.<\/p>   <p><a href=\"https:\/\/cadenaser.com\/tag\/benidorm\/a\/\" target=\"_blank\" rel=\"noopener\">Los socialistas demandar\u00e1n as\u00ed cambiar la denominaci\u00f3n de la avenida que lleva su nombre y retirar todas las placas en las que figure su nombre<\/a>: \u201cEs el \u00fanico alcalde de Benidorm que ha estado en prisi\u00f3n acusado de graves delitos y que ahora ha sido condenado. Ha quedado manifiestamente patente que no cumple ya con los requisitos de ejemplaridad que le valieron para obtener esos reconocimientos, por lo que no queda otra alternativa que retir\u00e1rselos\u201d, ha apuntado su portavoz Cristina Escoda.<\/p>   <p>Escoda tambi\u00e9n ha querido aprovechar el anuncio para poner en valor el trabajo de sus compa\u00f1eros del PSOE de Benidorm que durante a\u00f1os denunciaron los abusos cometidos por Zaplana desde que lleg\u00f3 en 1991 a la pol\u00edtica local y a la alcald\u00eda de la ciudad de la mano de una tr\u00e1nsfuga: \u201cLa justicia viene a reconocer con este sentencia lo que durante tanto tiempo dijeron y criticaron nuestros concejales\u201d, ha subrayado.<\/p>  <p><p>M\u00e1s informaci\u00f3n<\/p><figure><img loading=\"lazy\" decoding=\"async\" src=\"https:\/\/cadenaser.com\/resizer\/v2\/TOO4RO7XSV6YUPX6S3IQ2MAZYM.jpg?auth=13d1dcd56632375a20d78d7a8d698e7e3baba584dd11bf7e36783d80823af60a&amp;quality=70&amp;width=360&amp;height=202&amp;smart=true\" width=\"820\" height=\"621\" \/><\/figure><ul><li><a href=\"https:\/\/cadenaser.com\/comunitat-valenciana\/2024\/10\/15\/eduardo-zaplana-condenado-a-10-anos-y-5-meses-de-prision-y-multas-que-superan-los-25-millones-de-euros-por-el-caso-erial-radio-valencia\/\"><span>Zaplana, condenado a 10 a\u00f1os y 5 meses de prisi\u00f3n y multas que superan los 25 millones de euros por el caso Erial<\/span><\/a><\/li><\/ul><\/p>   <p>La portavoz del PSOE ha se\u00f1alado adem\u00e1s al actual alcalde Toni P\u00e9rez que, asegura, se crio y creci\u00f3 pol\u00edticamente al lado de Zaplana: \u201cdeber\u00eda valorar la sentencia y dar explicaciones hoy mismo\u201d.<\/p>   <p>Zaplana recurrir\u00e1<\/p>   <p>El tambi\u00e9n expresidente de la Generalitat Valenciana y exministro &#8216;popular&#8217; ha anunciado por su parte que recurrir\u00e1 la sentencia y ha reiterado que no hay \u00abninguna evidencia objetiva\u00bb de su participaci\u00f3n en los hechos.<\/p>   <p>     .c-w{         max-width:444px;         width:100%;         margin:32px auto;      background:#00755E;         border-radius:4px;         display:flex;         align-items:center;         justify-content:center;     }     .c-w a{         display:flex;         align-items:center;         justify-content:center;         padding:4px 24px;     }     .c-w img{         width:24px;         margin-right:12px;     }     .c-w p{         font:18px\/25px Poppins;         text-align:center;         color:#fff;         margin:0;     }     @media (max-width:444px){         .c-w a{             padding:4px 12px;         }         .c-w img{             width:24px;             margin-right:8px;         }         .c-w p{             font:14px\/25px Poppins;         }     }     @media (max-width:335px){         .c-w p{             font:13px\/25px Poppins;         }     }  <div class=\"c-w\">     <a href=\"https:\/\/www.whatsapp.com\/channel\/0029Va633PF9WtC4l7XUzh1e\" target=\"_blank\" rel=\"noopener\">         <img decoding=\"async\" src=\"https:\/\/cadenaser.com\/estaticos\/recursosgraficos\/responsive\/img\/ico-whatsapp.svg\" alt=\"Whatsapp\">         <p>\u00danete al <b>canal de WhatsApp<\/b> de la SER<\/p>     <\/a> <\/div><\/p>   <p>As\u00ed se desprende de un comunicado remitido por el despacho de abogados de Zaplana en relaci\u00f3n con la sentencia de la Audiencia del caso Erial, que le condena por percibir comisiones por la adjudicaci\u00f3n entre 1997 y 2003 de estaciones de ITV de la Comunitat Valenciana y canalizarlas a trav\u00e9s de una compleja estructura societaria tanto en Espa\u00f1a como en pa\u00edses como Panam\u00e1 o Luxemburgo y con cuentas en Andorra.<\/p> ","protected":false},"excerpt":{"rendered":"<p>Tras su condena a diez a\u00f1os de c\u00e1rcel por el caso Erial<\/p>\n","protected":false},"author":0,"featured_media":9423,"comment_status":"open","ping_status":"open","sticky":false,"template":"","format":"standard","meta":{"_acf_changed":false,"footnotes":""},"categories":[1],"tags":[],"class_list":["post-9422","post","type-post","status-publish","format-standard","has-post-thumbnail","hentry","category-sin-categoria"],"acf":{"ser_id":"GQZGYNJKRJDHPIELMMHYWX4EEI","ser_url":"https:\/\/cadenaser.com\/comunitat-valenciana\/2024\/10\/15\/el-psoe-de-benidorm-exigira-que-se-retiren-todos-los-honores-al-exalcalde-zaplana-radio-benidorm\/"},"_links":{"self":[{"href":"https:\/\/serbenidorm.daliisolutions.com\/index.php\/wp-json\/wp\/v2\/posts\/9422","targetHints":{"allow":["GET"]}}],"collection":[{"href":"https:\/\/serbenidorm.daliisolutions.com\/index.php\/wp-json\/wp\/v2\/posts"}],"about":[{"href":"https:\/\/serbenidorm.daliisolutions.com\/index.php\/wp-json\/wp\/v2\/types\/post"}],"replies":[{"embeddable":true,"href":"https:\/\/serbenidorm.daliisolutions.com\/index.php\/wp-json\/wp\/v2\/comments?post=9422"}],"version-history":[{"count":0,"href":"https:\/\/serbenidorm.daliisolutions.com\/index.php\/wp-json\/wp\/v2\/posts\/9422\/revisions"}],"wp:featuredmedia":[{"embeddable":true,"href":"https:\/\/serbenidorm.daliisolutions.com\/index.php\/wp-json\/wp\/v2\/media\/9423"}],"wp:attachment":[{"href":"https:\/\/serbenidorm.daliisolutions.com\/index.php\/wp-json\/wp\/v2\/media?parent=9422"}],"wp:term":[{"taxonomy":"category","embeddable":true,"href":"https:\/\/serbenidorm.daliisolutions.com\/index.php\/wp-json\/wp\/v2\/categories?post=9422"},{"taxonomy":"post_tag","embeddable":true,"href":"https:\/\/serbenidorm.daliisolutions.com\/index.php\/wp-json\/wp\/v2\/tags?post=9422"}],"curies":[{"name":"wp","href":"https:\/\/api.w.org\/{rel}","templated":true}]}}