{"id":9424,"date":"2024-10-16T08:18:29","date_gmt":"2024-10-16T06:18:29","guid":{"rendered":"https:\/\/serbenidorm.daliisolutions.com\/index.php\/2024\/10\/16\/aparece-un-cadaver-flotando-a-un-kilometro-de-la-costa-de-la-vila-joiosa\/"},"modified":"2024-10-16T08:18:29","modified_gmt":"2024-10-16T06:18:29","slug":"aparece-un-cadaver-flotando-a-un-kilometro-de-la-costa-de-la-vila-joiosa","status":"publish","type":"post","link":"https:\/\/serbenidorm.daliisolutions.com\/index.php\/2024\/10\/16\/aparece-un-cadaver-flotando-a-un-kilometro-de-la-costa-de-la-vila-joiosa\/","title":{"rendered":"Aparece un cad\u00e1ver flotando a un kil\u00f3metro de la costa de La Vila Joiosa"},"content":{"rendered":"  <p>Villajoyosa<\/p>   <p>Una embarcaci\u00f3n pesquera ha hallado este martes a mediod\u00eda un cad\u00e1ver<a href=\"https:\/\/cadenaser.com\/tag\/vila_joiosa\/a\/\" target=\"_blank\" rel=\"noopener\"> a un kil\u00f3metro de la costa de La Vila Joiosa<\/a>, en Alicante, seg\u00fan han informado fuentes de la Guardia Civil.<\/p>   <p>El cuerpo ha sido recuperado y trasladado al puerto de El Campello por el Servicio Mar\u00edtimo de Alicante, mientras el equipo territorial de la Polic\u00eda Judicial en Santa Pola se ha hecho cargo de las investigaciones. De momento se desconoce su identidad.<\/p>   <p>Una patera en el mismo d\u00eda<\/p>   <p>Por otro lado la Cruz Roja ha atendido a cinco personas ocupantes de una patera llegada en la tarde de este mismo martes a una playa de La Vila, en la zona del Rac\u00f3 del Conill. Las personas han recibido asistencia en el puerto de Alicante; son todas varones, una de ella menor de edad y otra ha necesitado traslado a hospital por hipoglucemia.<\/p>   <p>No hay ninguna informaci\u00f3n que por el momento vincule la aparici\u00f3n del cad\u00e1ver y la embarcaci\u00f3n.<\/p>   <p><i>Ampliando la informaci\u00f3n<\/i><\/p>   <p>     .c-w{         max-width:444px;         width:100%;         margin:32px auto;      background:#00755E;         border-radius:4px;         display:flex;         align-items:center;         justify-content:center;     }     .c-w a{         display:flex;         align-items:center;         justify-content:center;         padding:4px 24px;     }     .c-w img{         width:24px;         margin-right:12px;     }     .c-w p{         font:18px\/25px Poppins;         text-align:center;         color:#fff;         margin:0;     }     @media (max-width:444px){         .c-w a{             padding:4px 12px;         }         .c-w img{             width:24px;             margin-right:8px;         }         .c-w p{             font:14px\/25px Poppins;         }     }     @media (max-width:335px){         .c-w p{             font:13px\/25px Poppins;         }     }  <div class=\"c-w\">     <a href=\"https:\/\/www.whatsapp.com\/channel\/0029Va633PF9WtC4l7XUzh1e\" target=\"_blank\" rel=\"noopener\">         <img decoding=\"async\" src=\"https:\/\/cadenaser.com\/estaticos\/recursosgraficos\/responsive\/img\/ico-whatsapp.svg\" alt=\"Whatsapp\">         <p>\u00danete al <b>canal de WhatsApp<\/b> de la SER<\/p>     <\/a> <\/div><\/p> ","protected":false},"excerpt":{"rendered":"<p>El cuerpo ha aparecido esta ma\u00f1ana | Por la tarde ha llegado una patera con cinco personas a una playa de la localidad<\/p>\n","protected":false},"author":0,"featured_media":9425,"comment_status":"open","ping_status":"open","sticky":false,"template":"","format":"standard","meta":{"_acf_changed":false,"footnotes":""},"categories":[1],"tags":[],"class_list":["post-9424","post","type-post","status-publish","format-standard","has-post-thumbnail","hentry","category-sin-categoria"],"acf":{"ser_id":"TD4NCMI4DJDKFAXMXOLHC3KFWQ","ser_url":"https:\/\/cadenaser.com\/comunitat-valenciana\/2024\/10\/15\/aparece-un-cadaver-flotando-a-un-kilometro-de-la-costa-de-la-vila-joiosa-radio-benidorm\/"},"_links":{"self":[{"href":"https:\/\/serbenidorm.daliisolutions.com\/index.php\/wp-json\/wp\/v2\/posts\/9424","targetHints":{"allow":["GET"]}}],"collection":[{"href":"https:\/\/serbenidorm.daliisolutions.com\/index.php\/wp-json\/wp\/v2\/posts"}],"about":[{"href":"https:\/\/serbenidorm.daliisolutions.com\/index.php\/wp-json\/wp\/v2\/types\/post"}],"replies":[{"embeddable":true,"href":"https:\/\/serbenidorm.daliisolutions.com\/index.php\/wp-json\/wp\/v2\/comments?post=9424"}],"version-history":[{"count":0,"href":"https:\/\/serbenidorm.daliisolutions.com\/index.php\/wp-json\/wp\/v2\/posts\/9424\/revisions"}],"wp:featuredmedia":[{"embeddable":true,"href":"https:\/\/serbenidorm.daliisolutions.com\/index.php\/wp-json\/wp\/v2\/media\/9425"}],"wp:attachment":[{"href":"https:\/\/serbenidorm.daliisolutions.com\/index.php\/wp-json\/wp\/v2\/media?parent=9424"}],"wp:term":[{"taxonomy":"category","embeddable":true,"href":"https:\/\/serbenidorm.daliisolutions.com\/index.php\/wp-json\/wp\/v2\/categories?post=9424"},{"taxonomy":"post_tag","embeddable":true,"href":"https:\/\/serbenidorm.daliisolutions.com\/index.php\/wp-json\/wp\/v2\/tags?post=9424"}],"curies":[{"name":"wp","href":"https:\/\/api.w.org\/{rel}","templated":true}]}}