{"id":9426,"date":"2024-10-16T08:18:31","date_gmt":"2024-10-16T06:18:31","guid":{"rendered":"https:\/\/serbenidorm.daliisolutions.com\/index.php\/2024\/10\/16\/9426\/"},"modified":"2024-10-16T08:18:31","modified_gmt":"2024-10-16T06:18:31","slug":"9426","status":"publish","type":"post","link":"https:\/\/serbenidorm.daliisolutions.com\/index.php\/2024\/10\/16\/9426\/","title":{"rendered":"<a href=\"\/centenario\/home\/\" title=\"Centenario Cadena SER\"><\/a>"},"content":{"rendered":"  <p>Coincidiendo con el 100\u00ba aniversario de sus primeras emisiones, la <a href=\"https:\/\/eur01.safelinks.protection.outlook.com\/?url=https%3A%2F%2Fcadenaser.com%2F&amp;data=05%7C02%7Ccmontes.for%40grupoprisa.com%7C4401f5869976435ba56708dcec2806da%7Cc4fd49f3e15a44d882e2c909735d2e45%7C0%7C0%7C638644903880198154%7CUnknown%7CTWFpbGZsb3d8eyJWIjoiMC4wLjAwMDAiLCJQIjoiV2luMzIiLCJBTiI6Ik1haWwiLCJXVCI6Mn0%3D%7C0%7C%7C%7C&amp;sdata=IK4gOCla%2B%2BAYhilRLMGgJ1yLdmen2NxcLIraXRGV7gQ%3D&amp;reserved=0\" rel=\"nofollow noopener\" target=\"_blank\">Cadena SER<\/a> emite este martes una programaci\u00f3n especial titulada \u2018Locxs por la Radio\u2019 y comandada por sus principales estrellas. Esta parrilla pone en valor el papel que ha ejercido la radio en la sociedad durante el \u00faltimo siglo. I\u00f1aki Gabilondo ser\u00e1 el encargado de abrir esta jornada hist\u00f3rica para la radio junto a \u00c0ngels Barcel\u00f3<b> <\/b>en<b> <\/b><a href=\"https:\/\/eur01.safelinks.protection.outlook.com\/?url=https%3A%2F%2Fcadenaser.com%2Fcadena-ser%2Fhoy-por-hoy%2F&amp;data=05%7C02%7Ccmontes.for%40grupoprisa.com%7C4401f5869976435ba56708dcec2806da%7Cc4fd49f3e15a44d882e2c909735d2e45%7C0%7C0%7C638644903880219071%7CUnknown%7CTWFpbGZsb3d8eyJWIjoiMC4wLjAwMDAiLCJQIjoiV2luMzIiLCJBTiI6Ik1haWwiLCJXVCI6Mn0%3D%7C0%7C%7C%7C&amp;sdata=2c0JT0sCzqt4kUberJqkwv1uwLengp94%2Fu8vGz7xUt0%3D&amp;reserved=0\" rel=\"nofollow noopener\" target=\"_blank\">Hoy por Hoy<\/a>.<\/p>   <p><div id=\"video_1728653677587\"><img loading=\"lazy\" decoding=\"async\" src=\"https:\/\/sdmedia.playser.cadenaser.com\/playser\/image\/202410\/15\/1728653677587_1729000210_asset_still.jpeg\" width=\"16\" height=\"9\" \/><\/div><\/p>   <p>La periodista charlar\u00e1 con Pedro Almod\u00f3var sobre su relaci\u00f3n con la radio; su nueva pel\u00edcula, \u2018La habitaci\u00f3n de al lado\u2019, y su reciente e hist\u00f3rica victoria en el Festival de Venecia, donde se alz\u00f3 con el Le\u00f3n de Oro. Otro de los regresos m\u00e1s especiales de la jornada ser\u00e1 el de Jos\u00e9 Antonio Marcos, conductor de \u2018Hora 14\u2019 durante m\u00e1s de 25 a\u00f1os. El periodista retornar\u00e1 por un d\u00eda al informativo para compartir micr\u00f3fono con Javier Casal, su sucesor al frente del espacio.<\/p>  <p><div class=\"generico\"><div class=\"stream-panel\"><a id=\"stream-panel-message\" class=\"stream-panel-content\" href=\"#\">Hay nuevos mensajes<\/a><\/div><div><div id=\"034531ad2ea23f259803d0b39236c202\" class=\"stream-ev-wr\"><div id=\"d756a3f8f8b6329fb0110b74e2bfe6c7\" data-les-card=\"news\" data-sort-time=\"1729029703000\" class=\"ev-unit\"><div class=\"ev-me-ct\"><figure><a target=\"_blank\" href=\"https:\/\/cadenaser.com\/nacional\/2024\/10\/15\/el-recuerdo-de-los-companeros-de-redaccion-de-carlos-llamas-hay-muy-pocos-profesionales-que-puedan-asimilarse-como-carlos-a-lo-que-es-la-ser-cadena-ser\/\" rel=\"noopener\"><img decoding=\"async\" src=\"https:\/\/cadenaser.com\/resizer\/v2\/5LN6IPHPWNDWZOGUFFY4FGCH7U.png?auth=99f9af59d71e46a9727ad323d03ad69a9cbeee9790c88b41a541a2e74dc24962\" width=\"1888\" height=\"959\" loading=\"lazy\"><\/a><\/figure><\/div><div class=\"ev-main\"><div class=\"ev-text\"><p class=\"ev-kicker\"><a target=\"_blank\" href=\"\" rel=\"noopener\"><\/a><\/p><p class=\"ev-title\"><a target=\"_blank\" href=\"https:\/\/cadenaser.com\/nacional\/2024\/10\/15\/el-recuerdo-de-los-companeros-de-redaccion-de-carlos-llamas-hay-muy-pocos-profesionales-que-puedan-asimilarse-como-carlos-a-lo-que-es-la-ser-cadena-ser\/\" rel=\"noopener\">El recuerdo de los compa\u00f1eros de redacci\u00f3n de Carlos Llamas: \u00abHay muy pocos profesionales que puedan asimilarse como Carlos a lo que es la SER\u00bb<\/a><\/p><\/div><\/div><div class=\"ev-main\"><div class=\"ev-text\"><p>El estudio principal de la Cadena SER en Gran V\u00eda lleva desde este martes el nombre del hist\u00f3rico periodista, que fue director de &#8216;Hora 25&#8217; durante 14 a\u00f1os<\/p><\/div><\/div><\/div> <div id=\"4ce351cb58c93011834d47c362a968f3\" data-les-card=\"default\" data-sort-time=\"1729027937000\" class=\"ev-unit\"><div class=\"ev-main\"><div class=\"ev-text\"><p class=\"ev-title\">El estudio principal de la Cadena SER pasa a llamarse &#8216;Carlos Llamas&#8217;: \u00abHoy recogemos lo que \u00e9l sembr\u00f3 en esta redacci\u00f3n\u00bb<\/p><p>Este martes, 15 de octubre, se han cumplido 100 a\u00f1os desde que la Cadena SER comenz\u00f3 su emisi\u00f3n en la antena de la radio desde Barcelona. Para celebrar este centenario, durante todo el d\u00eda ha habido una programaci\u00f3n especial titulada \u2018Locxs por la Radio\u2019 y comandada por sus principales estrellas de hoy y de ayer.<\/p><p>I\u00f1aki Gabilondo, Silvia Intxaurrondo o Ana Blanco han sido algunas de las muchas voces que han pasado por los micr\u00f3fonos amarillos para rememorar sus etapas en la Cadena SER. Sin embargo, muchos han echado de menos a los que ya, por desgracia, no est\u00e1n entre nosotros, con un especial recuerdo para Carlos Llamas.<\/p><p>Tanto es as\u00ed, que el d\u00eda del centenario ha concluido con un emotivo acto de homenaje a la memoria de Llamas, liderado por la directora de contenidos, Monserrat Dom\u00ednguez. Y es que la Cadena SER ha decidido nombrar el estudio principal de la radio, hasta ahora conocido como el A1, <a href=\"https:\/\/cadenaser.com\/nacional\/2024\/10\/15\/el-estudio-principal-de-la-cadena-ser-pasa-a-llamarse-carlos-llamas-hoy-recogemos-lo-que-el-sembro-en-esta-redaccion-cadena-ser\/\">como el &#8216;Estudio Carlos Llamas&#8217;.<\/a><\/p><\/div><\/div><\/div> <div id=\"ec1b1fc7f9d33e50b7ffec7b486c56be\" data-les-card=\"twitter\" data-sort-time=\"1729027346000\" class=\"ev-unit\"><div class=\"ev-main\"><div class=\"if-wr-tw\"><div class=\"tweet\" data-tweetid=\"1846300366335627582\" data-type=\"twitter\" data-use-lazy=\"true\"><\/div><\/div><\/div><\/div> <div id=\"d48ec95e86e13ee284fa29c6b4ff38a5\" data-les-card=\"twitter\" data-sort-time=\"1729027237000\" class=\"ev-unit\"><div class=\"ev-main\"><div class=\"if-wr-tw\"><div class=\"tweet\" data-tweetid=\"1846299489067241885\" data-type=\"twitter\" data-use-lazy=\"true\"><\/div><\/div><\/div><\/div> <div id=\"2b729054e8653e51956bebb91f5f91f8\" data-les-card=\"twitter\" data-sort-time=\"1729019771000\" class=\"ev-unit\"><div class=\"ev-main\"><div class=\"if-wr-tw\"><div class=\"tweet\" data-tweetid=\"1846265414428295553\" data-type=\"twitter\" data-use-lazy=\"true\"><\/div><\/div><\/div><\/div> <div id=\"e0aa8507ca223290b403dc9f791e8a47\" data-les-card=\"twitter\" data-sort-time=\"1729019689000\" class=\"ev-unit\"><div class=\"ev-main\"><div class=\"if-wr-tw\"><div class=\"tweet\" data-tweetid=\"1846263037470331082\" data-type=\"twitter\" data-use-lazy=\"true\"><\/div><\/div><\/div><\/div> <div id=\"dc42f418502c388eaa3b610b1fd0f117\" data-les-card=\"twitter\" data-sort-time=\"1729019611000\" class=\"ev-unit\"><div class=\"ev-main\"><div class=\"if-wr-tw\"><div class=\"tweet\" data-tweetid=\"1846259881327591853\" data-type=\"twitter\" data-use-lazy=\"true\"><\/div><\/div><\/div><\/div> <div id=\"6ff9f7f5c7e234ef9e98d07eaa04f0d1\" data-les-card=\"news\" data-sort-time=\"1729019130000\" class=\"ev-unit\"><div class=\"ev-me-ct\"><figure><a target=\"_blank\" href=\"https:\/\/cadenaser.com\/comunitat-valenciana\/2024\/10\/15\/por-muchos-anos-mas-juntos-radio-alicante\/\" rel=\"noopener\"><img decoding=\"async\" src=\"https:\/\/cadenaser.com\/resizer\/v2\/M4EAA27O3FAWTCFF2QBK3SAIFU.jpg?auth=ec68cb715551ecae421ea15f551ffe562e15c5017e82fd49d61c91f509e392a8\" width=\"2749\" height=\"1547\" alt=\"Por muchos a\u00f1os m\u00e1s... juntos\" loading=\"lazy\"><\/a><\/figure><\/div><div class=\"ev-main\"><div class=\"ev-text\"><p class=\"ev-kicker\"><a target=\"_blank\" href=\"\" rel=\"noopener\">SER: 100 a\u00f1os de radio<\/a><\/p><p class=\"ev-title\"><a target=\"_blank\" href=\"https:\/\/cadenaser.com\/comunitat-valenciana\/2024\/10\/15\/por-muchos-anos-mas-juntos-radio-alicante\/\" rel=\"noopener\">Por muchos a\u00f1os m\u00e1s&#8230; juntos<\/a><\/p><\/div><\/div><div class=\"ev-main\"><div class=\"ev-au\"><span class=\"ev-au-name\">Radio Valencia<\/span><\/div><\/div><\/div> <div id=\"9d8b34b497c93fc39c8251514b6ee59d\" data-les-card=\"news\" data-sort-time=\"1729016515000\" class=\"ev-unit\"><div class=\"ev-me-ct\"><figure><a target=\"_blank\" href=\"https:\/\/cadenaser.com\/nacional\/2024\/10\/15\/me-vais-a-buscar-la-ruina-javier-del-pino-pregunta-a-rufian-por-la-independencia-y-le-deja-sin-respuesta-cadena-ser\/\" rel=\"noopener\"><img decoding=\"async\" src=\"https:\/\/cadenaser.com\/resizer\/v2\/5YYJH5YC2ZDRPFKT7N3JN2JFFQ.PNG?auth=c7a9e04b82b9e6d5db3dab6e730f08e2ac18abbcc9a76b344277f8994208affa\" width=\"623\" height=\"426\" loading=\"lazy\"><\/a><\/figure><\/div><div class=\"ev-main\"><div class=\"ev-text\"><p class=\"ev-kicker\"><a target=\"_blank\" href=\"\" rel=\"noopener\"><\/a><\/p><p class=\"ev-title\"><a target=\"_blank\" href=\"https:\/\/cadenaser.com\/nacional\/2024\/10\/15\/me-vais-a-buscar-la-ruina-javier-del-pino-pregunta-a-rufian-por-la-independencia-y-le-deja-sin-respuesta-cadena-ser\/\" rel=\"noopener\">\u00abMe vais a buscar la ruina\u00bb: Javier del Pino pregunta a Rufi\u00e1n por la independencia y le deja sin respuesta<\/a><\/p><\/div><\/div><div class=\"ev-main\"><\/div><\/div> <div id=\"3ec092dab2563dd481150c03a9ee5944\" data-les-card=\"default\" data-sort-time=\"1729015898000\" class=\"ev-unit\"><div class=\"ev-main\"><div class=\"ev-text\"><p class=\"ev-title\">Berto reprocha a Buenafuente lo que le hizo en &#8216;La Revuelta&#8217; y que vio todo el mundo: \u00abHas jugado con lo m\u00e1s sagrado\u00bb<\/p><p>Todo se remonta a la visita de ambos a &#8216;La Revuelta&#8217;, donde el invitado era Berto, aunque Andreu acudiera a modo de sorpresa. En pleno programa de RTVE, los tres jugaron a &#8216;Words&#8217; y Broncano termin\u00f3 ganando la partida. Este hecho provoc\u00f3 la indignaci\u00f3n de Berto, que no ha dudado en sacarle los trapos sucios a su compa\u00f1ero en el centenario de la SER.<\/p><p>\u00abFuimos, hicimos una sorpresa y jugamos a &#8216;Words&#8217; una partida. Le dije a Broncano: &#8216;Est\u00e1s ante el ex n\u00famero uno, pero ha perdido facultades&#8217;. Y absolutamente de forma transparente media Espa\u00f1a, la media que no ve &#8216;El Hormiguero&#8217;, vio como ganaba Broncano\u00bb, <a href=\"https:\/\/cadenaser.com\/nacional\/centenario\/2024\/10\/15\/berto-reprocha-a-buenafuente-lo-que-le-hizo-en-la-revuelta-y-que-vio-todo-el-mundo-has-jugado-con-lo-mas-sagrado-cadena-ser\/\">ha subrayado Buenafuente.<\/a><\/p><\/div><\/div><\/div> <div id=\"5f8af526c36733b6a5129ec2699d31bd\" data-les-card=\"twitter\" data-sort-time=\"1729015467000\" class=\"ev-unit\"><div class=\"ev-main\"><div class=\"if-wr-tw\"><div class=\"tweet\" data-tweetid=\"1846247632446149087\" data-type=\"twitter\" data-use-lazy=\"true\"><\/div><\/div><\/div><\/div> <div id=\"ddcb0a008cd639a4bb4e7d5ab14d2db6\" data-les-card=\"default\" data-sort-time=\"1729015454000\" class=\"ev-unit\"><div class=\"ev-main\"><div class=\"ev-text\"><p class=\"ev-title\">Plantean el \u00abdilema de los 50 euros\u00bb y la respuesta de Mill\u00e1s es puro Mill\u00e1s: \u00abSi es rico, no es suyo\u00bb<\/p><p>El escritor y colaborador de &#8216;A vivir&#8217; <a href=\"https:\/\/cadenaser.com\/nacional\/centenario\/2024\/10\/15\/plantean-el-dilema-de-los-50-euros-y-la-respuesta-de-millas-es-puro-millas-si-es-rico-no-es-suyo-cadena-ser\/\">ha participado en el especial de la SER en el Teatro Capitol<\/a>. El objetivo de esta secci\u00f3n era que Juan Jos\u00e9 Mill\u00e1s designara qui\u00e9n es la persona m\u00e1s normal de los tres oyentes que han sido seleccionados para este concurso. Juan Carlos, Claudia y Blanca esperaban en la puerta del Teatro Capitol y, aunque no ten\u00edan entrada, han podido pasar tras acertar unas sencillas preguntas que le ha hecho Manuel Burque, tambi\u00e9n habitual de cada fin de semana en\u00a0A vivir. Los tres han subido al escenario para someterse al test de qui\u00e9n es la persona m\u00e1s normal y la manera de comprobarlo ha sido respondiendo a las cuestiones que les han hecho diferentes humoristas, caras habituales de la SER.<\/p><\/div><\/div><\/div> <div id=\"ae396ad290df349ba7f5a849e9705caf\" data-les-card=\"twitter\" data-sort-time=\"1729013758000\" class=\"ev-unit\"><div class=\"ev-main\"><div class=\"if-wr-tw\"><div class=\"tweet\" data-tweetid=\"1846243135518564656\" data-type=\"twitter\" data-use-lazy=\"true\"><\/div><\/div><\/div><\/div> <div id=\"52b3df3a388b303ea0b5c7f4655813a8\" data-les-card=\"twitter\" data-sort-time=\"1729012927000\" class=\"ev-unit\"><div class=\"ev-main\"><div class=\"if-wr-tw\"><div class=\"tweet\" data-tweetid=\"1846239176552784372\" data-type=\"twitter\" data-use-lazy=\"true\"><\/div><\/div><\/div><\/div> <div id=\"ff08c543f2e83b398e97d3c1164651fb\" data-les-card=\"twitter\" data-sort-time=\"1729012521000\" class=\"ev-unit\"><div class=\"ev-main\"><div class=\"if-wr-tw\"><div class=\"tweet\" data-tweetid=\"1846237477410938895\" data-type=\"twitter\" data-use-lazy=\"true\"><\/div><\/div><\/div><\/div> <div id=\"7989f023ec2f3c75a4760d289959ea12\" data-les-card=\"twitter\" data-sort-time=\"1729012513000\" class=\"ev-unit\"><div class=\"ev-main\"><div class=\"if-wr-tw\"><div class=\"tweet\" data-tweetid=\"1846237630855266771\" data-type=\"twitter\" data-use-lazy=\"true\"><\/div><\/div><\/div><\/div> <div id=\"8260336aa32c3598af45525b78b1afe5\" data-les-card=\"twitter\" data-sort-time=\"1729012476000\" class=\"ev-unit\"><div class=\"ev-main\"><div class=\"if-wr-tw\"><div class=\"tweet\" data-tweetid=\"1846237811386483035\" data-type=\"twitter\" data-use-lazy=\"true\"><\/div><\/div><\/div><\/div> <div id=\"3efb3866281f3963b2f5775fd76c1b55\" data-les-card=\"twitter\" data-sort-time=\"1729011306000\" class=\"ev-unit\"><div class=\"ev-main\"><div class=\"if-wr-tw\"><div class=\"tweet\" data-tweetid=\"1846229898982994420\" data-type=\"twitter\" data-use-lazy=\"true\"><\/div><\/div><\/div><\/div> <div id=\"eafc18caac5a3ae18c86c5979374882a\" data-les-card=\"twitter\" data-sort-time=\"1729011299000\" class=\"ev-unit\"><div class=\"ev-main\"><div class=\"if-wr-tw\"><div class=\"tweet\" data-tweetid=\"1846230086099653029\" data-type=\"twitter\" data-use-lazy=\"true\"><\/div><\/div><\/div><\/div> <div id=\"ac713db29961332abb6492655e59dca8\" data-les-card=\"twitter\" data-sort-time=\"1729011260000\" class=\"ev-unit\"><div class=\"ev-main\"><div class=\"if-wr-tw\"><div class=\"tweet\" data-tweetid=\"1846231188777709637\" data-type=\"twitter\" data-use-lazy=\"true\"><\/div><\/div><\/div><\/div> <div id=\"e7c03d1718be3845b34c583840f43f20\" data-les-card=\"twitter\" data-sort-time=\"1729011251000\" class=\"ev-unit\"><div class=\"ev-main\"><div class=\"if-wr-tw\"><div class=\"tweet\" data-tweetid=\"1846232469366075495\" data-type=\"twitter\" data-use-lazy=\"true\"><\/div><\/div><\/div><\/div> <div id=\"732028f18a7a37b68ccfbd3c1003eac5\" data-les-card=\"news\" data-sort-time=\"1729010528000\" class=\"ev-unit\"><div class=\"ev-me-ct\"><figure><a target=\"_blank\" href=\"https:\/\/cadenaser.com\/nacional\/centenario\/2024\/10\/15\/siempre-vamos-a-contar-historias-alrededor-de-una-hoguera-la-ventana-estrena-las-peliculas-del-invierno-el-radioteatro-de-juan-mayorga-cadena-ser\/\" rel=\"noopener\"><img decoding=\"async\" src=\"https:\/\/cadenaser.com\/resizer\/v2\/QWXXZ2OQ2JAOLD6F7GHHUMS5AQ.png?auth=459c6b6339e3e8b64414067f5665044dc0136744eb5aaf6e741e1e57d13dcd22\" width=\"1183\" height=\"618\" loading=\"lazy\"><\/a><\/figure><\/div><div class=\"ev-main\"><div class=\"ev-text\"><p class=\"ev-kicker\"><a target=\"_blank\" href=\"\" rel=\"noopener\"><\/a><\/p><p class=\"ev-title\"><a target=\"_blank\" href=\"https:\/\/cadenaser.com\/nacional\/centenario\/2024\/10\/15\/siempre-vamos-a-contar-historias-alrededor-de-una-hoguera-la-ventana-estrena-las-peliculas-del-invierno-el-radioteatro-de-juan-mayorga-cadena-ser\/\" rel=\"noopener\">\u00abSiempre vamos a contar historias alrededor de una hoguera\u00bb: &#8216;La Ventana&#8217; estrena &#8216;Las pel\u00edculas del invierno&#8217;, el radioteatro de Juan Mayorga<\/a><\/p><\/div><\/div><div class=\"ev-main\"><\/div><\/div> <div id=\"4908191e771e35a79f6982d00c7aae0c\" data-les-card=\"twitter\" data-sort-time=\"1729008581000\" class=\"ev-unit\"><div class=\"ev-main\"><div class=\"ev-text\"><p class=\"ev-title\">Sigue en directo el programa especial de la SER<\/p><p>\u00a1Arranca el especial con Javier del Pino y los c\u00f3micos de A Vivir desde los Cines Capitol en la Gran V\u00eda de Madrid!<\/p><\/div><div class=\"if-wr-tw\"><div class=\"tweet\" data-tweetid=\"1846221539038941594\" data-type=\"twitter\" data-use-lazy=\"true\"><\/div><\/div><\/div><\/div> <div id=\"0f3f7f430719302eaca49620cf20035a\" data-les-card=\"twitter\" data-sort-time=\"1729008224000\" class=\"ev-unit\"><div class=\"ev-main\"><div class=\"if-wr-tw\"><div class=\"tweet\" data-tweetid=\"1846213184576770257\" data-type=\"twitter\" data-use-lazy=\"true\"><\/div><\/div><\/div><\/div> <div id=\"ffc0552e309e3c70b6791360bf5d9f40\" data-les-card=\"twitter\" data-sort-time=\"1729008204000\" class=\"ev-unit\"><div class=\"ev-main\"><div class=\"if-wr-tw\"><div class=\"tweet\" data-tweetid=\"1846215980432654515\" data-type=\"twitter\" data-use-lazy=\"true\"><\/div><\/div><\/div><\/div> <div id=\"e614ed02fd9b3f8399d82fcd96e0f24b\" data-les-card=\"news\" data-sort-time=\"1729007623000\" class=\"ev-unit\"><div class=\"ev-me-ct\"><figure><a target=\"_blank\" href=\"https:\/\/cadenaser.com\/nacional\/centenari\/2024\/10\/15\/la-ser-es-la-mejor-inyeccion-contra-la-epidemia-de-la-desinformacion-ana-terradillos-vuelve-a-la-que-fue-su-casa-durante-22-anos-cadena-ser\/\" rel=\"noopener\"><img decoding=\"async\" src=\"https:\/\/cadenaser.com\/resizer\/v2\/ZWHFXZO5ARA6LAQB6J7SMXEXEQ.jpg?auth=2a8c36bef9916fe2bd2d8c954a4b7b0f745d5b1feb3f412a399431ddecf14311\" width=\"3193\" height=\"2129\" loading=\"lazy\"><\/a><\/figure><\/div><div class=\"ev-main\"><div class=\"ev-text\"><p class=\"ev-kicker\"><a target=\"_blank\" href=\"\" rel=\"noopener\"><\/a><\/p><p class=\"ev-title\"><a target=\"_blank\" href=\"https:\/\/cadenaser.com\/nacional\/centenari\/2024\/10\/15\/la-ser-es-la-mejor-inyeccion-contra-la-epidemia-de-la-desinformacion-ana-terradillos-vuelve-a-la-que-fue-su-casa-durante-22-anos-cadena-ser\/\" rel=\"noopener\">\u00abLa SER es la mejor inyecci\u00f3n contra la epidemia de la desinformaci\u00f3n\u00bb: Ana Terradillos vuelve a la que fue su casa durante 22 a\u00f1os<\/a><\/p><\/div><\/div><div class=\"ev-main\"><\/div><\/div> <div id=\"1ce307106e873bf2896a25cb01aaff64\" data-les-card=\"twitter\" data-sort-time=\"1729006377000\" class=\"ev-unit\"><div class=\"ev-main\"><div class=\"ev-text\"><p class=\"ev-title\">Ana Terradillos vuelve a la SER<\/p><p>\u00abHe vuelto a mi casa durante media vida. Aqu\u00ed me he curtido, 22 a\u00f1os contando historias\u00bb<\/p><\/div><div class=\"if-wr-tw\"><div class=\"tweet\" data-tweetid=\"1846206869712331116\" data-type=\"twitter\" data-use-lazy=\"true\"><\/div><\/div><\/div><\/div> <div id=\"29e449a5268730018c12cf27fd406187\" data-les-card=\"twitter\" data-sort-time=\"1729005766000\" class=\"ev-unit\"><div class=\"ev-main\"><div class=\"if-wr-tw\"><div class=\"tweet\" data-tweetid=\"1846207669217931530\" data-type=\"twitter\" data-use-lazy=\"true\"><\/div><\/div><\/div><\/div> <div id=\"7133c2d7173a3156bbde6d5477e90985\" data-les-card=\"news\" data-sort-time=\"1729005665000\" class=\"ev-unit\"><div class=\"ev-me-ct\"><figure><a target=\"_blank\" href=\"https:\/\/cadenaser.com\/nacional\/centenario\/2024\/10\/15\/lo-cuento-porque-fue-baltasar-garzon-el-primero-gallardon-describe-la-llamada-clave-a-primera-hora-de-la-manana-del-11-m-cadena-ser\/\" rel=\"noopener\"><img decoding=\"async\" src=\"https:\/\/cadenaser.com\/resizer\/v2\/RQX3TGQPCZCHPHDWGVWQLHDASU.png?auth=a64f4b28cf08f9644e9007d7f8ec0a9ba41d93abb86bf5909c00668df5612faf\" width=\"1616\" height=\"918\" loading=\"lazy\"><\/a><\/figure><\/div><div class=\"ev-main\"><div class=\"ev-text\"><p class=\"ev-kicker\"><a target=\"_blank\" href=\"\" rel=\"noopener\"><\/a><\/p><p class=\"ev-title\"><a target=\"_blank\" href=\"https:\/\/cadenaser.com\/nacional\/centenario\/2024\/10\/15\/lo-cuento-porque-fue-baltasar-garzon-el-primero-gallardon-describe-la-llamada-clave-a-primera-hora-de-la-manana-del-11-m-cadena-ser\/\" rel=\"noopener\">\u00abLo cuento porque fue Baltasar Garz\u00f3n el primero\u00bb: Gallard\u00f3n describe la llamada clave a primera hora de la ma\u00f1ana del 11-M <\/a><\/p><\/div><\/div><div class=\"ev-main\"><\/div><\/div> <div id=\"1bde2c82d5ba307cbf9dca7961829838\" data-les-card=\"news\" data-sort-time=\"1729003158000\" class=\"ev-unit\"><div class=\"ev-me-ct\"><figure><a target=\"_blank\" href=\"https:\/\/cadenaser.com\/nacional\/2024\/10\/15\/las-peliculas-del-invierno-una-adaptacion-sonora-de-juan-mayorga-protagonizada-por-georgina-amoros-cadena-ser\/\" rel=\"noopener\"><img decoding=\"async\" src=\"https:\/\/cadenaser.com\/resizer\/v2\/NHIUKONTYBEENGFTYFWNDW7F6Y.png?auth=950f4a201bb23a72682597838bcf541215820e68bfde901caa57238269a4a61d\" width=\"4113\" height=\"2385\" alt=\"'Las pel\u00edculas del invierno', una adaptaci\u00f3n sonora de Juan Mayorga protagonizada por Georgina Amor\u00f3s\" loading=\"lazy\"><\/a><\/figure><\/div><div class=\"ev-main\"><div class=\"ev-text\"><p class=\"ev-kicker\"><a target=\"_blank\" href=\"\" rel=\"noopener\"><\/a><\/p><p class=\"ev-title\"><a target=\"_blank\" href=\"https:\/\/cadenaser.com\/nacional\/2024\/10\/15\/las-peliculas-del-invierno-una-adaptacion-sonora-de-juan-mayorga-protagonizada-por-georgina-amoros-cadena-ser\/\" rel=\"noopener\">&#8216;Las pel\u00edculas del invierno&#8217;, una adaptaci\u00f3n sonora de Juan Mayorga protagonizada por Georgina Amor\u00f3s<\/a><\/p><\/div><\/div><div class=\"ev-main\"><\/div><\/div> <div id=\"c51a415b61ec346393e1bbaaa994f991\" data-les-card=\"twitter\" data-sort-time=\"1729001513000\" class=\"ev-unit\"><div class=\"ev-main\"><div class=\"ev-text\"><p class=\"ev-title\">Silvia Intxaurrondo locuta el bolet\u00edn informativo de las 16:00h <\/p><p>La periodista de TVE y presentadora de &#8216;La Hora de La 1&#8217; Silvia Intxaurrondo ha sido la encargada de dar las noticias de las 16:00h en la antena de la SER\u00a0<\/p><\/div><div class=\"if-wr-tw\"><div class=\"tweet\" data-tweetid=\"1846190273715372289\" data-type=\"twitter\" data-use-lazy=\"true\"><\/div><\/div><\/div><\/div> <div id=\"39d449aad49c39028e0b0eb2f1343d95\" data-les-card=\"image\" data-sort-time=\"1728996102000\" class=\"ev-unit\"><div class=\"ev-me-ct\"><figure><img decoding=\"async\" alt=\"Centenario de la SER\" src=\"https:\/\/cloudfront-eu-central-1.images.arcpublishing.com\/prisaradio\/WPKJ7NNI25D6JO64DO7ISYUZ4U.jpg\" width=\"2984\" height=\"auto\" loading=\"lazy\"><\/figure><figcaption class=\"fc\"><p>Jos\u00e9 Antonio Marcos y Javier Casal. \/ jparis<\/p><\/figcaption><\/div><div class=\"ev-main\"><div class=\"ev-text\"><p class=\"ev-title\">Marcos se pone de nuevo al frente de &#8216;Hora 14&#8217;<\/p><p>Jos\u00e9 Antonio Marcos y Javier Casal, juntos por un d\u00eda al frente de &#8216;Hora 14&#8217;.\u00a0<\/p><\/div><\/div><\/div> <div id=\"513b330b6e66309898f648048ea668e8\" data-les-card=\"ser-player-permanent\" data-sort-time=\"1728995963000\" class=\"ev-unit\"><div class=\"ev-main\"><div class=\"ev-text\"><p class=\"ev-title\">El &#8216;Consultorio de Elena Francis&#8217; y la desesperaci\u00f3n de varias generaciones de mujeres silenciadas<\/p><p>Aimar Bretos, Nerea P\u00e9rez de las Heras y Laura Pi\u00f1ero conducen un especial dedicado a recordar el valor que tienen los oyentes en la radio a trav\u00e9s del Consultorio de Elena Francis. Un recorrido sonoro por la historia m\u00e1s desconocida y clandestina del c\u00e9lebre programa con expertos que nos ayudan a reconstruir la vida de la \u00e9poca o poner en contexto el impacto social de su correspondencia con cartas nunca antes radiadas. Adem\u00e1s, analizamos el fen\u00f3meno desde el presente, hablamos de qui\u00e9n ocupar\u00eda el espacio de influencia social de Elena Francis en la actualidad y contamos con el recuerdo de Joan Manuel Serrat como oyente del espacio. Con el dise\u00f1o sonoro de Roberto Garc\u00eda<\/p><\/div><div class=\"c-sum\"><div class=\"c-pl-a pl-n\" id=\"player-1728909655025\"><button class=\"bt-pp\" data-audioid=\"1728909655025\" data-type=\"aod\">Play\/Pause<\/button><div class=\"opc\"><p class=\"tit\"><\/p><p class=\"tim\"><\/p><button class=\"bt-op\">Mostrar Opciones<\/button><span><\/span><\/div><div class=\"c-op\"><button>Cerrar<\/button><div><ul><li><button class=\"bt-tr\">Transcripcion<\/button><\/li><li><button class=\"bt-sh\">Compartir<\/button><\/li><\/ul><\/div><\/div><div class=\"c-sh\"><button>Cerrar<\/button><div><p>Compartir<\/p><ul><li><button class=\"bt-fa\">Facebook<\/button><\/li><li><button class=\"bt-tw\">Twitter<\/button><\/li><li><button class=\"bt-li\">Linkedin<\/button><\/li><li><button class=\"bt-wh\">Whatsapp<\/button><\/li><li><button class=\"bt-em\">Embeber<\/button><\/li><\/ul><\/div><div><p>El c\u00f3digo iframe se ha copiado en el portapapeles<\/p><\/div><\/div><\/div><\/div><div><a href=\"\/cadena-ser\/originales-ser-podcast\/\" class=\"pro\" title=\"Originales SER Podcast\"><span>Originales SER Podcast<\/span><\/a><\/div><div><a href=\"\/cadena-ser\/\" class=\"bcrumb\" title=\"Cadena SER\">Cadena SER<\/a><\/div><\/div><\/div> <div id=\"3bdb39a5c3503517a2b7c2b0af902c09\" data-les-card=\"default\" data-sort-time=\"1728995877000\" class=\"ev-unit\"><div class=\"ev-side\"><div class=\"ev-timer\">14:10<\/div><\/div><div class=\"ev-main\"><div class=\"ev-text\"><p class=\"ev-title\">Los alcaldes de Madrid celebran los 100 a\u00f1os de la Cadena SER<\/p><p>\u00a0\u00abLos cuatro que estamos aqu\u00ed hemos sido alcaldes y no hemos hecho despu\u00e9s una cr\u00edtica de nuestros sucesores\u00bb.\u00a0\u00c1lvarez del Manzano es uno de los <a href=\"https:\/\/cadenaser.com\/cmadrid\/centenario\/2024\/10\/15\/los-alcaldes-de-madrid-celebran-los-100-anos-de-la-cadena-ser-radio-madrid\/\">alcaldes electos de Madrid que han celebrado el Centenario de la SER<\/a>.\u00a0<br \/><br \/> Juan Barranco (1986-1989)<br \/> Jos\u00e9 Mar\u00eda \u00c1lvarez del Manzano (1991-2003)<br \/> Alberto Ruiz-Gallard\u00f3n (2003-2011)<br \/> Manuela Carmena (2015-2019)<br \/> Jos\u00e9 Luis Mart\u00ednez-Almeida (desde 2019)<\/p><\/div><\/div><\/div> <div id=\"100fc6713c5d36e28f1a2c322a3a7c1c\" data-les-card=\"twitter\" data-sort-time=\"1728993947000\" class=\"ev-unit\"><div class=\"ev-main\"><div class=\"ev-text\"><p class=\"ev-title\">Jos\u00e9 Antonio Marcos vuelve a &#8216;Hora 14&#8217; <\/p><p>\u00abMe hace enorme ilusi\u00f3n compartir estos minutos con ustedes\u00bb. As\u00ed ha abierto Jos\u00e9 Antonio Marcos el avance de Hora 14 antes de dar paso a Javier Casal, directo del programa informativo.\u00a0\u00a0<br \/> \u00a0<\/p><\/div><div class=\"if-wr-tw\"><div class=\"tweet\" data-tweetid=\"1846159682865394033\" data-type=\"twitter\" data-use-lazy=\"true\"><\/div><\/div><\/div><\/div> <div id=\"a96952fda50930ecaff1d0b6be6cac98\" data-les-card=\"default\" data-sort-time=\"1728993602000\" class=\"ev-unit\"><div class=\"ev-side\"><div class=\"ev-timer\">13:59<\/div><\/div><div class=\"ev-main\"><div class=\"ev-text\"><p class=\"ev-title\">Almeida: \u00abDe lo que me siento m\u00e1s orgulloso es que, durante la pandemia, estuvimos cerca de los madrile\u00f1os\u00bb<\/p><p>El alcalde de Madrid responde sobre su legado en el Ayuntamiento.<\/p><\/div><\/div><\/div> <div id=\"916bda1624ec370594245f5aeaa5be1e\" data-les-card=\"default\" data-sort-time=\"1728993429000\" class=\"ev-unit\"><div class=\"ev-side\"><div class=\"ev-timer\">13:56<\/div><\/div><div class=\"ev-main\"><div class=\"ev-text\"><p class=\"ev-title\">Almeida: \u00abEsta es una profesi\u00f3n en la que te hablas peor en p\u00fablico que en privado\u00bb<\/p><p>\u00abDeber\u00edamos ser capaces de debatir de forma m\u00e1s calmada\u00bb, dice el alcalde de Madrid. \u00abEs tiempo de redes sociales y tendr\u00edamos que tener la capacidad de abstraernos de los extremos y generar mejor debate\u00bb.<\/p><\/div><\/div><\/div> <div id=\"f1c0b5394c563890bbb456c5999d5a33\" data-les-card=\"multimedia-video\" data-sort-time=\"1728993137000\" class=\"ev-unit\"><div class=\"ev-main\"><div class=\"ev-text\"><p class=\"ev-title\">Almeida: \u00abLa imagen de esos cuatro alcaldes nos da una idea de que todos hemos querido arrimar el hombro para mejorar Madrid\u00bb<\/p><p>El actual alcalde Madrid, Jos\u00e9 Luis Mart\u00ednez-Almeida, no pudo estar en la tertulia, por cuestiones de agenda, pero ha querido participar en este programa especial por el centenario de la SER.<\/p><\/div><div class=\"ev-wr-video\"><div id=\"video_1728909408972\" data-use-lazy=\"true\" data-type=\"multimedia-video\" data-show-ads=\"true\" data-width=\"640\" data-height=\"360\" data-account-id=\"playser\" data-video-player-config-id=\"141\" data-ad-unit-edition=\"playser\" data-account-name-id=\"playser\" data-player-id=\"467\" data-autoplay=\"false\" data-mute=\"false\" data-video-id=\"1728909408972\"><\/div><\/div><\/div><\/div> <div id=\"016cc93ecbe3375d973ec3933e570987\" data-les-card=\"default\" data-sort-time=\"1728992855000\" class=\"ev-unit\"><div class=\"ev-side\"><div class=\"ev-timer\">13:46<\/div><\/div><div class=\"ev-main\"><div class=\"ev-text\"><p class=\"ev-title\">Carmena: \u00abEl alcalde solo es el director de la orquesta, pero la orquesta es la ciudad\u00bb<\/p><p>La exalcaldesa de M\u00e1s Madrid valora la importancia del cargo.<\/p><\/div><\/div><\/div> <div id=\"5b566abc06d13c7986fcf1d2b7f6d767\" data-les-card=\"default\" data-sort-time=\"1728992745000\" class=\"ev-unit\"><div class=\"ev-side\"><div class=\"ev-timer\">13:44<\/div><\/div><div class=\"ev-main\"><div class=\"ev-text\"><p class=\"ev-title\">Gallard\u00f3n: \u00abSer alcalde es lo m\u00e1s cercano y por tanto lo m\u00e1s importante\u00bb<\/p><p>\u00abEs donde m\u00e1s te piden y donde m\u00e1s te regalan\u00bb, dice el exalcalde del PP.<\/p><\/div><\/div><\/div> <div id=\"7847c1f1168035bbb2b400f7ee73e2fe\" data-les-card=\"default\" data-sort-time=\"1728992681000\" class=\"ev-unit\"><div class=\"ev-side\"><div class=\"ev-timer\">13:43<\/div><\/div><div class=\"ev-main\"><div class=\"ev-text\"><p class=\"ev-title\">Barranco: \u00abSer alcalde de tu ciudad es lo m\u00e1s bonito\u00bb<\/p><p>El exalcalde socialista valora la importancia de ejercer el cargo.<\/p><\/div><\/div><\/div> <div id=\"1c9029ad0ddf3f7889818abe98867970\" data-les-card=\"multimedia-video\" data-sort-time=\"1728992614000\" class=\"ev-unit\"><div class=\"ev-main\"><div class=\"ev-text\"><p class=\"ev-title\">Cuarta parte de la tertulia entre cuatro exalcaldes de Madrid para conmemorar el centenario de la SER<\/p><\/div><div class=\"ev-wr-video\"><div id=\"video_1728991340029\" data-use-lazy=\"true\" data-type=\"multimedia-video\" data-show-ads=\"true\" data-width=\"640\" data-height=\"360\" data-account-id=\"playser\" data-video-player-config-id=\"141\" data-ad-unit-edition=\"playser\" data-account-name-id=\"playser\" data-player-id=\"467\" data-autoplay=\"false\" data-mute=\"false\" data-video-id=\"1728991340029\"><\/div><\/div><\/div><\/div> <div id=\"59a274762d1c3ba4b509b60424722e9b\" data-les-card=\"multimedia-video\" data-sort-time=\"1728992552000\" class=\"ev-unit\"><div class=\"ev-main\"><div class=\"ev-text\"><p class=\"ev-title\">Tercera parte de la tertulia entre cuatro exalcaldes de Madrid para conmemorar el centenario de la SER<\/p><\/div><div class=\"ev-wr-video\"><div id=\"video_1728989336195\" data-use-lazy=\"true\" data-type=\"multimedia-video\" data-show-ads=\"true\" data-width=\"640\" data-height=\"360\" data-account-id=\"playser\" data-video-player-config-id=\"141\" data-ad-unit-edition=\"playser\" data-account-name-id=\"playser\" data-player-id=\"467\" data-autoplay=\"false\" data-mute=\"false\" data-video-id=\"1728989336195\"><\/div><\/div><\/div><\/div> <div id=\"a656e2a7d1893aa59fe2f78739c670e1\" data-les-card=\"default\" data-sort-time=\"1728992480000\" class=\"ev-unit\"><div class=\"ev-side\"><div class=\"ev-timer\">13:35<\/div><\/div><div class=\"ev-main\"><div class=\"ev-text\"><p class=\"ev-title\">Las an\u00e9cdotas musicales de los exalcaldes de Madrid<\/p><p>Carmena recuerda la campa\u00f1a \u00abespont\u00e1nea\u00bb musical que le hizo protagonizar una canci\u00f3n. \u00c1lvarez del Manzano no se olvida de cuando se arranc\u00f3 a cantar en unas navidades. Y otras an\u00e9cdotas de los exalcaldes de Madrid.<\/p><\/div><\/div><\/div> <div id=\"682ba863bb6b3879be2e37f6e807b064\" data-les-card=\"multimedia-video\" data-sort-time=\"1728991982000\" class=\"ev-unit\"><div class=\"ev-main\"><div class=\"ev-text\"><p class=\"ev-title\">Segunda parte de la tertulia entre cuatro exalcaldes de Madrid para conmemorar el centenario de la SER<\/p><\/div><div class=\"ev-wr-video\"><div id=\"video_1728988251837\" data-use-lazy=\"true\" data-type=\"multimedia-video\" data-show-ads=\"true\" data-width=\"640\" data-height=\"360\" data-account-id=\"playser\" data-video-player-config-id=\"141\" data-ad-unit-edition=\"playser\" data-account-name-id=\"playser\" data-player-id=\"467\" data-autoplay=\"false\" data-mute=\"false\" data-video-id=\"1728988251837\"><\/div><\/div><\/div><\/div> <div id=\"0364f83d00b63c81ba04026d595f0167\" data-les-card=\"default\" data-sort-time=\"1728991882000\" class=\"ev-unit\"><div class=\"ev-side\"><div class=\"ev-timer\">13:29<\/div><\/div><div class=\"ev-main\"><div class=\"ev-text\"><p class=\"ev-title\">Los exalcaldes recuerdan Madrid Central, el legado de Carmena<\/p><p>\u00abTenemos que buscar lo que nos une porque si no la imagen que damos es penosa\u00bb, dice Manuela Carmena.<\/p><\/div><\/div><\/div> <div id=\"68f63f9e678d36c98ca9f1f3b251a73f\" data-les-card=\"multimedia-video\" data-sort-time=\"1728991776000\" class=\"ev-unit\"><div class=\"ev-main\"><div class=\"ev-text\"><p class=\"ev-title\">Primera parte de la tertulia entre cuatro exalcaldes de Madrid para conmemorar el centenario de la Cadena SER<\/p><\/div><div class=\"ev-wr-video\"><div id=\"video_1728987319340\" data-use-lazy=\"true\" data-type=\"multimedia-video\" data-show-ads=\"true\" data-width=\"640\" data-height=\"360\" data-account-id=\"playser\" data-video-player-config-id=\"141\" data-ad-unit-edition=\"playser\" data-account-name-id=\"playser\" data-player-id=\"467\" data-autoplay=\"false\" data-mute=\"false\" data-video-id=\"1728987319340\"><\/div><\/div><\/div><\/div> <div id=\"f5cb1409e2053605b40fa1d722c8d203\" data-les-card=\"default\" data-sort-time=\"1728991614000\" class=\"ev-unit\"><div class=\"ev-side\"><div class=\"ev-timer\">13:22<\/div><\/div><div class=\"ev-main\"><div class=\"ev-text\"><p class=\"ev-title\">Carmena no olvida el debate sobre la autor\u00eda del 11-M<\/p><p>Gallard\u00f3n recuerda una conversaci\u00f3n con el juez Baltasar Garz\u00f3n que, desde un primer momento, estaba seguro de que no hab\u00eda sido ETA.<\/p><\/div><\/div><\/div> <div id=\"b6448e0b0637313f9647652aef00fad4\" data-les-card=\"default\" data-sort-time=\"1728991288000\" class=\"ev-unit\"><div class=\"ev-side\"><div class=\"ev-timer\">13:20<\/div><\/div><div class=\"ev-main\"><div class=\"ev-text\"><p class=\"ev-title\">Gallard\u00f3n recuerda el 11-M como \u00abel peor momento\u00bb de su \u00abvida pol\u00edtica y personal\u00bb<\/p><p>\u00abLo bueno fue la respuesta de la ciudad y de todos los servicios p\u00fablicos\u00bb, ha recordado el exalcalde. \u00abLos ciudadanos no cayeron en la trampa que hab\u00edan puesto de caer en la xenofobia\u00bb.<\/p><\/div><\/div><\/div> <div id=\"4fbf22bf3f5d3fd9aef729b58169b966\" data-les-card=\"default\" data-sort-time=\"1728991100000\" class=\"ev-unit\"><div class=\"ev-side\"><div class=\"ev-timer\">13:15<\/div><\/div><div class=\"ev-main\"><div class=\"ev-text\"><p class=\"ev-title\">Los exalcaldes recuerdan la transformaci\u00f3n del Madrid de Alberto Ruiz-Gallard\u00f3n<\/p><p>\u00abLas obras son terriblemente molestas, pero abord\u00e1bamos una transformaci\u00f3n de la ciudad\u00bb, recuerda Gallard\u00f3n. \u00abHoy se puede apreciar que el resultado ha sido positivo\u00bb.<\/p><\/div><\/div><\/div> <div id=\"d1310756bc563480b51a0fc931baab67\" data-les-card=\"default\" data-sort-time=\"1728989881000\" class=\"ev-unit\"><div class=\"ev-side\"><div class=\"ev-timer\">12:57<\/div><\/div><div class=\"ev-main\"><div class=\"ev-text\"><p class=\"ev-title\">\u00c1lvarez del Manzano no se arrepiente de la instalaci\u00f3n de parqu\u00edmetros en Madrid<\/p><p>El exalcalde madrile\u00f1o sigue recordando uno de los hitos de su etapa al frente del Consistorio.<\/p><\/div><\/div><\/div> <div id=\"e00f657b82e83436999bccea81d36b17\" data-les-card=\"default\" data-sort-time=\"1728989803000\" class=\"ev-unit\"><div class=\"ev-side\"><div class=\"ev-timer\">12:51<\/div><\/div><div class=\"ev-main\"><div class=\"ev-text\"><p class=\"ev-title\">Los cuatro exalcaldes de Madrid recuerdan la figura de Agust\u00edn Rodr\u00edguez Sahag\u00fan<\/p><p>El nieto del exalcalde, que se llama como su difunto abuelo y es periodista de la Cadena SER, recuerda an\u00e9cdotas con \u00c1lvarez del Manzano, Barranco, Carmena y Gallard\u00f3n.<\/p><\/div><\/div><\/div> <div id=\"745931e5eccf3ba29ca735a131b1cb7e\" data-les-card=\"news\" data-sort-time=\"1728989284000\" class=\"ev-unit\"><div class=\"ev-me-ct\"><figure><a target=\"_blank\" href=\"https:\/\/cadenaser.com\/euskadi\/2024\/10\/15\/no-es-mi-voz-pero-si-mis-pensamientos-kepa-junkera-permite-a-radio-bilbao-clonar-su-voz-con-inteligencia-artificial-en-el-centenario-de-la-cadena-ser-radio-bilbao\/\" rel=\"noopener\"><img decoding=\"async\" src=\"https:\/\/cadenaser.com\/resizer\/v2\/CPXG4TE4JBKVPAMWDUHZKBZ52I.jpg?auth=197521274de821bdff218594402b462cddf9e5bbcfe865435af40d71cd7233fe\" width=\"668\" height=\"492\" loading=\"lazy\"><\/a><\/figure><\/div><div class=\"ev-main\"><div class=\"ev-text\"><p class=\"ev-kicker\"><a target=\"_blank\" href=\"\" rel=\"noopener\"><\/a><\/p><p class=\"ev-title\"><a target=\"_blank\" href=\"https:\/\/cadenaser.com\/euskadi\/2024\/10\/15\/no-es-mi-voz-pero-si-mis-pensamientos-kepa-junkera-permite-a-radio-bilbao-clonar-su-voz-con-inteligencia-artificial-en-el-centenario-de-la-cadena-ser-radio-bilbao\/\" rel=\"noopener\">\u00abNo es mi voz, pero s\u00ed mis pensamientos\u00bb: Kepa Junkera permite a Radio Bilbao clonar su voz con inteligencia artificial en el centenario de la Cadena SER<\/a><\/p><\/div><\/div><div class=\"ev-main\"><\/div><\/div> <div id=\"af5e90213c0536aea1f2089ce2aa88d4\" data-les-card=\"news\" data-sort-time=\"1728989092000\" class=\"ev-unit\"><div class=\"ev-me-ct\"><figure><a target=\"_blank\" href=\"https:\/\/cadenaser.com\/nacional\/2024\/10\/15\/la-radio-que-me-lo-ha-contado-todo-el-cuaderno-de-angeles-caballero-por-el-centenario-de-la-ser-cadena-ser\/\" rel=\"noopener\"><img decoding=\"async\" src=\"https:\/\/cadenaser.com\/resizer\/v2\/W7VVNK6GLVAYPN6FLHZYEKUKJY.jpg?auth=a7cdd3c85c24523ffef25e60d58bb27a0817a31efaaac80633d9a67bfbfa8e5f\" width=\"3448\" height=\"2299\" loading=\"lazy\"><\/a><\/figure><\/div><div class=\"ev-main\"><div class=\"ev-text\"><p class=\"ev-kicker\"><a target=\"_blank\" href=\"\" rel=\"noopener\"><\/a><\/p><p class=\"ev-title\"><a target=\"_blank\" href=\"https:\/\/cadenaser.com\/nacional\/2024\/10\/15\/la-radio-que-me-lo-ha-contado-todo-el-cuaderno-de-angeles-caballero-por-el-centenario-de-la-ser-cadena-ser\/\" rel=\"noopener\">\u00abLa radio, que me lo ha contado todo\u00bb: el cuaderno de \u00c1ngeles Caballero por el centenario de la SER<\/a><\/p><\/div><\/div><div class=\"ev-main\"><\/div><\/div> <div id=\"50996d1f2bb03120921570e7ff4b5db2\" data-les-card=\"news\" data-sort-time=\"1728989057000\" class=\"ev-unit\"><div class=\"ev-me-ct\"><figure><a target=\"_blank\" href=\"https:\/\/cadenaser.com\/nacional\/2024\/10\/15\/el-emocionante-momento-del-regreso-de-gemma-nierga-a-la-ser-por-el-centenario-viva-la-radio-cadena-ser\/\" rel=\"noopener\"><img decoding=\"async\" src=\"https:\/\/cadenaser.com\/resizer\/v2\/NGODY6PXXZHIHLO3SUGIPEQMSM.jpg?auth=139dcd3ba36912010520e2c83e7c543b9718c25ff873fa36c361ba306f39c3a8\" width=\"2157\" height=\"1618\" loading=\"lazy\"><\/a><\/figure><\/div><div class=\"ev-main\"><div class=\"ev-text\"><p class=\"ev-kicker\"><a target=\"_blank\" href=\"\" rel=\"noopener\"><\/a><\/p><p class=\"ev-title\"><a target=\"_blank\" href=\"https:\/\/cadenaser.com\/nacional\/2024\/10\/15\/el-emocionante-momento-del-regreso-de-gemma-nierga-a-la-ser-por-el-centenario-viva-la-radio-cadena-ser\/\" rel=\"noopener\">El emocionante momento del regreso de Gemma Nierga a la SER por el centenario: \u00ab\u00a1Viva la radio!\u00bb<\/a><\/p><\/div><\/div><div class=\"ev-main\"><\/div><\/div> <div id=\"8b9972d7c6f7343181c3bd011ab5f271\" data-les-card=\"default\" data-sort-time=\"1728988466000\" class=\"ev-unit\"><div class=\"ev-side\"><div class=\"ev-timer\">12:33<\/div><\/div><div class=\"ev-main\"><div class=\"ev-text\"><p class=\"ev-title\">Barranco se emociona al recordar la muerte de Tierno Galv\u00e1n<\/p><p>\u00abAquella fue una manifestaci\u00f3n de todos los madrile\u00f1os de todas las ideolog\u00edas que ser\u00e1 irrepetible\u00bb<\/p><\/div><\/div><\/div> <div id=\"a7b46f0e476a332db5348c0a3814b5e1\" data-les-card=\"default\" data-sort-time=\"1728988367000\" class=\"ev-unit\"><div class=\"ev-side\"><div class=\"ev-timer\">12:32<\/div><\/div><div class=\"ev-main\"><div class=\"ev-text\"><p class=\"ev-title\">Carmena recuerda la figura de Tierno Galv\u00e1n: \u00abHab\u00eda provocado mucha ilusi\u00f3n en la juventud\u00bb<\/p><p>La exalcaldesa de Madrid asegura que ser mayor no implica que no se pueda generar ilusi\u00f3n en la juventud.<\/p><\/div><\/div><\/div> <div id=\"ae529237e07d34bda11e4817a37b3e0e\" data-les-card=\"default\" data-sort-time=\"1728988048000\" class=\"ev-unit\"><div class=\"ev-side\"><div class=\"ev-timer\">12:26<\/div><\/div><div class=\"ev-main\"><div class=\"ev-text\"><p class=\"ev-title\">\u00c1lvarez del Manzano: \u00abUna cosa es estar en la oposici\u00f3n y otra no ver la realidad\u00bb<\/p><p>El exalcalde del PP alaba a sus compa\u00f1eros de otros partido y deja una reflexi\u00f3n: \u00abEn la pol\u00edtica se ha bajado un poco el pist\u00f3n\u00bb<\/p><\/div><\/div><\/div> <div id=\"aeccf3973a963433ba316f46063d1da2\" data-les-card=\"news\" data-sort-time=\"1728988038000\" class=\"ev-unit\"><div class=\"ev-me-ct\"><figure><a target=\"_blank\" href=\"https:\/\/cadenaser.com\/nacional\/2024\/10\/15\/el-emocionante-momento-del-regreso-de-gemma-nierga-a-la-ser-por-el-centenario-viva-la-radio-cadena-ser\/\" rel=\"noopener\"><img decoding=\"async\" src=\"https:\/\/cadenaser.com\/resizer\/v2\/NGODY6PXXZHIHLO3SUGIPEQMSM.jpg?auth=139dcd3ba36912010520e2c83e7c543b9718c25ff873fa36c361ba306f39c3a8\" width=\"2157\" height=\"1618\" loading=\"lazy\"><\/a><\/figure><\/div><div class=\"ev-main\"><div class=\"ev-text\"><p class=\"ev-kicker\"><a target=\"_blank\" href=\"\" rel=\"noopener\"><\/a><\/p><p class=\"ev-title\"><a target=\"_blank\" href=\"https:\/\/cadenaser.com\/nacional\/2024\/10\/15\/el-emocionante-momento-del-regreso-de-gemma-nierga-a-la-ser-por-el-centenario-viva-la-radio-cadena-ser\/\" rel=\"noopener\">El emocionante momento del regreso de Gemma Nierga a la SER por el centenario: \u00ab\u00a1Viva la radio!\u00bb<\/a><\/p><\/div><\/div><div class=\"ev-main\"><\/div><\/div> <div id=\"af2ac98c455f3e4fbdc995c8bd061cbe\" data-les-card=\"default\" data-sort-time=\"1728987600000\" class=\"ev-unit\"><div class=\"ev-side\"><div class=\"ev-timer\">12:17<\/div><\/div><div class=\"ev-main\"><div class=\"ev-text\"><p class=\"ev-title\">\u00c1lvarez del Manzano destaca la com\u00fan lealtad hacia sus sucesores<\/p><p>El veterano regidor destaca que los cuatro alcaldes presentes tienen en com\u00fan, independientemente de su color pol\u00edtico, que nunca han criticado a sus predecesores ni hacia sus sucesores.<\/p><\/div><\/div><\/div> <div id=\"b870e01fbf8e3efa93d298f4bc4452f0\" data-les-card=\"default\" data-sort-time=\"1728987445000\" class=\"ev-unit\"><div class=\"ev-side\"><div class=\"ev-timer\">12:13<\/div><\/div><div class=\"ev-main\"><div class=\"ev-text\"><p class=\"ev-title\">Barranco y \u00c1lvarez del Manzano coinciden en que siguen sinti\u00e9ndose alcaldes de Madrid<\/p><p>El exalcalde socialista de Madrid que sucedi\u00f3 a Enrique Tierno Galv\u00e1n, Juan Barranco, y el regidor que m\u00e1s tiempo estuvo el frente del Ayuntamiento, J. M. \u00c1lvarez del Manzano (PP), recuerdan c\u00f3mo fue tener el bast\u00f3n de mando de la ciudad.\u00a0<\/p><\/div><\/div><\/div> <div id=\"10b8f242ba6f3ca2843d97a2977b5ec4\" data-les-card=\"twitter\" data-sort-time=\"1728987146000\" class=\"ev-unit\"><div class=\"ev-main\"><div class=\"ev-text\"><p class=\"ev-title\">Comienza el programa especial en Radio Madrid con algunos de los exalcaldes vivos de la capital<\/p><p>Jos\u00e9 Mar\u00eda \u00c1lvarez del Manzano, Juan Barranco, Manuela Carmena y Alberto Ruiz-Gallard\u00f3n, en los estudios de la Cadena SER.<\/p><\/div><div class=\"if-wr-tw\"><div class=\"tweet\" data-tweetid=\"1846123555173331296\" data-type=\"twitter\" data-use-lazy=\"true\"><\/div><\/div><\/div><\/div> <div id=\"a98fc6f060ba31f4824320882b274350\" data-les-card=\"image\" data-sort-time=\"1728986501000\" class=\"ev-unit\"><div class=\"ev-me-ct\"><figure><img decoding=\"async\" alt=\"La directora de programas como 'La Ventana', 'Hablar por Hablar' y 'Hoy por Hoy' durante su etapa en la Cadena SER, Gemma Nierga\" src=\"https:\/\/asmedia.epimg.net\/les\/20241015\/034531ad2ea23f259803d0b39236c202\/023bdf668b60b0363d5cdbd8c2792589_720.png\" width=\"720\" height=\"auto\" loading=\"lazy\"><\/figure><\/div><div class=\"ev-main\"><div class=\"ev-text\"><p class=\"ev-title\">\u00abSon las doce, las once en Canarias\u00bb<\/p><p>La directora de programas como &#8216;La Ventana&#8217;, &#8216;Hablar por Hablar&#8217; y &#8216;Hoy por Hoy&#8217; durante su etapa en la Cadena SER, Gemma Nierga, celebra el centenario locutando el bolet\u00edn de las 12:00.<\/p><\/div><\/div><\/div> <div id=\"6966ffbc97e032b28ed142a593ceed2e\" data-les-card=\"twitter\" data-sort-time=\"1728985319000\" class=\"ev-unit\"><div class=\"ev-main\"><div class=\"if-wr-tw\"><div class=\"tweet\" data-tweetid=\"1846122262107226498\" data-type=\"twitter\" data-use-lazy=\"true\"><\/div><\/div><\/div><\/div> <div id=\"d450c5fa5f2e3b7a8d5b2c02762366d6\" data-les-card=\"twitter\" data-sort-time=\"1728985049000\" class=\"ev-unit\"><div class=\"ev-main\"><div class=\"if-wr-tw\"><div class=\"tweet\" data-tweetid=\"1846123027764855176\" data-type=\"twitter\" data-use-lazy=\"true\"><\/div><\/div><\/div><\/div> <div id=\"0900e1b7d0f33a6088fa3cd8ab3014f5\" data-les-card=\"news\" data-sort-time=\"1728984813000\" class=\"ev-unit\"><div class=\"ev-me-ct\"><figure><a target=\"_blank\" href=\"https:\/\/cadenaser.com\/nacional\/2024\/10\/15\/carlos-franganillo-se-una-a-la-celebracion-del-centenario-es-un-placer-asomarme-unos-minutos-a-la-sintonia-de-la-ser-cadena-ser\/\" rel=\"noopener\"><img decoding=\"async\" src=\"https:\/\/cadenaser.com\/resizer\/v2\/XQWV6A36DZCUTMNHZIMKMICJEY.jpg?auth=e22f71a99ac101a72a169341e2dac1fc2213a42f1c6d14f5262c2bdcdb0f4173\" width=\"3648\" height=\"2432\" loading=\"lazy\"><\/a><\/figure><\/div><div class=\"ev-main\"><div class=\"ev-text\"><p class=\"ev-kicker\"><a target=\"_blank\" href=\"\" rel=\"noopener\"><\/a><\/p><p class=\"ev-title\"><a target=\"_blank\" href=\"https:\/\/cadenaser.com\/nacional\/2024\/10\/15\/carlos-franganillo-se-una-a-la-celebracion-del-centenario-es-un-placer-asomarme-unos-minutos-a-la-sintonia-de-la-ser-cadena-ser\/\" rel=\"noopener\">Carlos Franganillo se una a la celebraci\u00f3n del centenario: \u00abEs un placer asomarme unos minutos a la sinton\u00eda de la SER\u00bb<\/a><\/p><\/div><\/div><div class=\"ev-main\"><\/div><\/div> <div id=\"6f05645a54d93c7a9b58da58a4c9b586\" data-les-card=\"twitter\" data-sort-time=\"1728984526000\" class=\"ev-unit\"><div class=\"ev-main\"><div class=\"if-wr-tw\"><div class=\"tweet\" data-tweetid=\"1846119884280766786\" data-type=\"twitter\" data-use-lazy=\"true\"><\/div><\/div><\/div><\/div> <div id=\"a5e4e3659bc73683bf199d234602112d\" data-les-card=\"twitter\" data-sort-time=\"1728983740000\" class=\"ev-unit\"><div class=\"ev-main\"><div class=\"if-wr-tw\"><div class=\"tweet\" data-tweetid=\"1846116191519072413\" data-type=\"twitter\" data-use-lazy=\"true\"><\/div><\/div><\/div><\/div> <div id=\"dbbd7dc8fa013e8b9b6d5ff2d2bdb394\" data-les-card=\"twitter\" data-sort-time=\"1728983243000\" class=\"ev-unit\"><div class=\"ev-main\"><div class=\"if-wr-tw\"><div class=\"tweet\" data-tweetid=\"1846115102342148321\" data-type=\"twitter\" data-use-lazy=\"true\"><\/div><\/div><\/div><\/div> <div id=\"a9e1eb62d12c356e9592f7a68fc83b06\" data-les-card=\"twitter\" data-sort-time=\"1728983210000\" class=\"ev-unit\"><div class=\"ev-main\"><div class=\"if-wr-tw\"><div class=\"tweet\" data-tweetid=\"1846112527559938132\" data-type=\"twitter\" data-use-lazy=\"true\"><\/div><\/div><\/div><\/div> <div id=\"c0777934465f3803b50fbcc4b340e95f\" data-les-card=\"image\" data-sort-time=\"1728982981000\" class=\"ev-unit\"><div class=\"ev-me-ct\"><figure><img decoding=\"async\" alt=\"El presentador de Informativos Telecinco, Carlos Franganillo \" src=\"https:\/\/asmedia.epimg.net\/les\/20241015\/034531ad2ea23f259803d0b39236c202\/9fee8527f5527ff634dbb7fddccbe7a5_720.png\" width=\"720\" height=\"auto\" loading=\"lazy\"><\/figure><\/div><div class=\"ev-main\"><div class=\"ev-text\"><p class=\"ev-title\">\u00abSon las once, las diez en Canarias\u00bb<\/p><p>El presentador de Informativos Telecinco, Carlos Franganillo, celebra el centenario de la SER locutando el bolet\u00edn de las 11:00.<\/p><\/div><\/div><\/div> <div id=\"3f6d623e21103be9a66378777f96a4dc\" data-les-card=\"news\" data-sort-time=\"1728982370000\" class=\"ev-unit\"><div class=\"ev-me-ct\"><figure><a target=\"_blank\" href=\"https:\/\/cadenaser.com\/nacional\/2024\/10\/15\/el-mensaje-de-pedro-almodovar-a-la-caverna-de-los-medios-he-decidido-vivir-en-este-pais-y-continuar-en-este-pais-cadena-ser\/\" rel=\"noopener\"><img decoding=\"async\" src=\"https:\/\/cadenaser.com\/resizer\/v2\/QVNMHH3MPVDB3NZNZIMDCAYS6A.jpg?auth=d0dce9e82951c6b8a088ab1c14eb6877ffce2edacdf3d5cc6e8ba0698f098f6a\" width=\"3648\" height=\"2432\" loading=\"lazy\"><\/a><\/figure><\/div><div class=\"ev-main\"><div class=\"ev-text\"><p class=\"ev-kicker\"><a target=\"_blank\" href=\"\" rel=\"noopener\"><\/a><\/p><p class=\"ev-title\"><a target=\"_blank\" href=\"https:\/\/cadenaser.com\/nacional\/2024\/10\/15\/el-mensaje-de-pedro-almodovar-a-la-caverna-de-los-medios-he-decidido-vivir-en-este-pais-y-continuar-en-este-pais-cadena-ser\/\" rel=\"noopener\">El mensaje de Pedro Almod\u00f3var a la \u00abcaverna\u00bb de los medios: \u00abHe decidido vivir en este pa\u00eds y continuar en este pa\u00eds\u00bb <\/a><\/p><\/div><\/div><div class=\"ev-main\"><\/div><\/div> <div id=\"302539aafb973b8aa749d72ec89e79aa\" data-les-card=\"twitter\" data-sort-time=\"1728982281000\" class=\"ev-unit\"><div class=\"ev-main\"><div class=\"if-wr-tw\"><div class=\"tweet\" data-tweetid=\"1846111421089894517\" data-type=\"twitter\" data-use-lazy=\"true\"><\/div><\/div><\/div><\/div> <div id=\"5caa922ff49736349929438335f7375b\" data-les-card=\"news\" data-sort-time=\"1728982130000\" class=\"ev-unit\"><div class=\"ev-me-ct\"><figure><a target=\"_blank\" href=\"https:\/\/cadenaser.com\/nacional\/2024\/10\/15\/pedro-almodovar-desgraciadamente-almodovar-es-el-unico-capaz-de-dar-sentido-a-pedro-cadena-ser\/\" rel=\"noopener\"><img decoding=\"async\" src=\"https:\/\/cadenaser.com\/resizer\/v2\/VHSSJO4UKFBWDKXKEFNOOD2CHU.jpg?auth=8ef3ac1c47c7fc60b9ef56d4cab1d653753ebbb2175cbe0eb40a50d4551750f7\" width=\"3099\" height=\"2066\" loading=\"lazy\"><\/a><\/figure><\/div><div class=\"ev-main\"><div class=\"ev-text\"><p class=\"ev-kicker\"><a target=\"_blank\" href=\"\" rel=\"noopener\"><\/a><\/p><p class=\"ev-title\"><a target=\"_blank\" href=\"https:\/\/cadenaser.com\/nacional\/2024\/10\/15\/pedro-almodovar-desgraciadamente-almodovar-es-el-unico-capaz-de-dar-sentido-a-pedro-cadena-ser\/\" rel=\"noopener\">Pedro Almod\u00f3var: \u00abDesgraciadamente, Almod\u00f3var es el \u00fanico capaz de dar sentido a Pedro\u00bb<\/a><\/p><\/div><\/div><div class=\"ev-main\"><\/div><\/div> <div id=\"83ddf94929943c4d85af5053270c9233\" data-les-card=\"twitter\" data-sort-time=\"1728981990000\" class=\"ev-unit\"><div class=\"ev-main\"><div class=\"if-wr-tw\"><div class=\"tweet\" data-tweetid=\"1846109004323606851\" data-type=\"twitter\" data-use-lazy=\"true\"><\/div><\/div><\/div><\/div> <div id=\"7d17461d86513a51ac851e6d8b3ac19c\" data-les-card=\"news\" data-sort-time=\"1728981901000\" class=\"ev-unit\"><div class=\"ev-me-ct\"><figure><a target=\"_blank\" href=\"https:\/\/cadenaser.com\/nacional\/2024\/10\/15\/ana-blanco-rinde-homenaje-a-la-ser-en-la-celebracion-de-su-centenario-descubri-la-importancia-de-estar-informado-gracias-a-la-radio-cadena-ser\/\" rel=\"noopener\"><img decoding=\"async\" src=\"https:\/\/cadenaser.com\/resizer\/v2\/XZJMK57RKZECPFSTIIUTOGAFJI.png?auth=42b67ad5888f1029e50dfab44e03b188220d313a4184d655a5389f46e495794e\" width=\"1484\" height=\"915\" loading=\"lazy\"><\/a><\/figure><\/div><div class=\"ev-main\"><div class=\"ev-text\"><p class=\"ev-kicker\"><a target=\"_blank\" href=\"\" rel=\"noopener\"><\/a><\/p><p class=\"ev-title\"><a target=\"_blank\" href=\"https:\/\/cadenaser.com\/nacional\/2024\/10\/15\/ana-blanco-rinde-homenaje-a-la-ser-en-la-celebracion-de-su-centenario-descubri-la-importancia-de-estar-informado-gracias-a-la-radio-cadena-ser\/\" rel=\"noopener\">Ana Blanco rinde homenaje a la SER en la celebraci\u00f3n de su centenario: \u00abDescubr\u00ed la importancia de estar informado gracias a la radio\u00bb<\/a><\/p><\/div><\/div><div class=\"ev-main\"><\/div><\/div> <div id=\"576e93a8d1e23eab81d23547b98c5bc2\" data-les-card=\"twitter\" data-sort-time=\"1728981854000\" class=\"ev-unit\"><div class=\"ev-main\"><div class=\"if-wr-tw\"><div class=\"tweet\" data-tweetid=\"1846100996428067042\" data-type=\"twitter\" data-use-lazy=\"true\"><\/div><\/div><\/div><\/div> <div id=\"fc73e03613d83c5a8f5ab9edc7e2fded\" data-les-card=\"twitter\" data-sort-time=\"1728981524000\" class=\"ev-unit\"><div class=\"ev-main\"><div class=\"if-wr-tw\"><div class=\"tweet\" data-tweetid=\"1846100648896745783\" data-type=\"twitter\" data-use-lazy=\"true\"><\/div><\/div><\/div><\/div> <div id=\"38e2a99abdbd3d379da35b06851efc8e\" data-les-card=\"twitter\" data-sort-time=\"1728980236000\" class=\"ev-unit\"><div class=\"ev-main\"><div class=\"if-wr-tw\"><div class=\"tweet\" data-tweetid=\"1846101202666213604\" data-type=\"twitter\" data-use-lazy=\"true\"><\/div><\/div><\/div><\/div> <div id=\"f7d16bf47ce93196b0ef83d44f2f10c8\" data-les-card=\"image\" data-sort-time=\"1728979363000\" class=\"ev-unit\"><div class=\"ev-me-ct\"><figure><img decoding=\"async\" alt=\"La eterna presentadora de TVE Ana Blanco\" src=\"https:\/\/asmedia.epimg.net\/les\/20241015\/034531ad2ea23f259803d0b39236c202\/380c246141258f8ece8b1252e99dfbb7_720.png\" width=\"720\" height=\"auto\" loading=\"lazy\"><\/figure><\/div><div class=\"ev-main\"><div class=\"ev-text\"><p class=\"ev-title\">\u00abSon las diez, las nueve en Canarias\u00bb<\/p><p>La eterna presentadora de TVE Ana Blanco celebra el centenario de la SER locutando el bolet\u00edn de las 10:00.<\/p><\/div><\/div><\/div> <div id=\"93abfbfa3a8234bb9fb40623eda6bcbc\" data-les-card=\"ser-player-permanent\" data-sort-time=\"1728979039000\" class=\"ev-unit\"><div class=\"ev-main\"><div class=\"ev-text\"><p class=\"ev-title\">As\u00ed ha sonado la entrevista a I\u00f1aki Gabilondo en su regreso a &#8216;Hoy por Hoy&#8217;<\/p><p>El sempiterno periodista ha vuelto a los micr\u00f3fonos de la Cadena SER con motivo del centenario de la radio, pero esta vez como entrevistado. Escucha la entrevista<\/p><\/div><div class=\"c-sum\"><div class=\"c-pl-a pl-n\" id=\"player-1728977390051\"><button class=\"bt-pp\" data-audioid=\"1728977390051\" data-type=\"aod\">Play\/Pause<\/button><div class=\"opc\"><p class=\"tit\"><\/p><p class=\"tim\"><\/p><button class=\"bt-op\">Mostrar Opciones<\/button><span><\/span><\/div><div class=\"c-op\"><button>Cerrar<\/button><div><ul><li><button class=\"bt-tr\">Transcripcion<\/button><\/li><li><button class=\"bt-sh\">Compartir<\/button><\/li><\/ul><\/div><\/div><div class=\"c-sh\"><button>Cerrar<\/button><div><p>Compartir<\/p><ul><li><button class=\"bt-fa\">Facebook<\/button><\/li><li><button class=\"bt-tw\">Twitter<\/button><\/li><li><button class=\"bt-li\">Linkedin<\/button><\/li><li><button class=\"bt-wh\">Whatsapp<\/button><\/li><li><button class=\"bt-em\">Embeber<\/button><\/li><\/ul><\/div><div><p>El c\u00f3digo iframe se ha copiado en el portapapeles<\/p><\/div><\/div><\/div><\/div><div><a href=\"\/cadena-ser\/hoy-por-hoy\/\" class=\"pro\" title=\"Hoy por Hoy\"><span>Hoy por Hoy<\/span><\/a><a href=\"\/cadena-ser\/hoy-por-hoy\/hoy-por-hoy-la-entrevista\/\" class=\"sec\" title=\"La entrevista\">La entrevista<\/a><\/div><div><a href=\"\/cadena-ser\/\" class=\"bcrumb\" title=\"Cadena SER\">Cadena SER<\/a><\/div><\/div><\/div> <div id=\"c156c696bc053521b822557ce7d9690f\" data-les-card=\"ser-player-permanent\" data-sort-time=\"1728977712000\" class=\"ev-unit\"><div class=\"ev-main\"><div class=\"ev-text\"><p class=\"ev-title\">Pepa Bueno locuta el bolet\u00edn de las 9:00<\/p><p>\u00abPor 100 a\u00f1os m\u00e1s de compa\u00f1\u00eda y de informaci\u00f3n de calidad\u00bb<\/p><\/div><div class=\"c-sum\"><div class=\"c-pl-a pl-n\" id=\"player-1728976504_2260\"><button class=\"bt-pp\" data-audioid=\"1728976504_2260\" data-type=\"aod\">Play\/Pause<\/button><div class=\"opc\"><p class=\"tit\"><\/p><p class=\"tim\"><\/p><button class=\"bt-op\">Mostrar Opciones<\/button><span><\/span><\/div><div class=\"c-op\"><button>Cerrar<\/button><div><ul><li><button class=\"bt-tr\">Transcripcion<\/button><\/li><li><button class=\"bt-sh\">Compartir<\/button><\/li><\/ul><\/div><\/div><div class=\"c-sh\"><button>Cerrar<\/button><div><p>Compartir<\/p><ul><li><button class=\"bt-fa\">Facebook<\/button><\/li><li><button class=\"bt-tw\">Twitter<\/button><\/li><li><button class=\"bt-li\">Linkedin<\/button><\/li><li><button class=\"bt-wh\">Whatsapp<\/button><\/li><li><button class=\"bt-em\">Embeber<\/button><\/li><\/ul><\/div><div><p>El c\u00f3digo iframe se ha copiado en el portapapeles<\/p><\/div><\/div><\/div><\/div><div><a href=\"\/cadena-ser\/boletines\/\" class=\"pro\" title=\"Boletines\"><span>Boletines<\/span><\/a><\/div><div><a href=\"\/cadena-ser\/\" class=\"bcrumb\" title=\"Cadena SER\">Cadena SER<\/a><\/div><\/div><\/div> <div id=\"d3e3a26fcdf83ca08b896672a84951ff\" data-les-card=\"news\" data-sort-time=\"1728977579000\" class=\"ev-unit\"><div class=\"ev-me-ct\"><figure><a target=\"_blank\" href=\"https:\/\/cadenaser.com\/nacional\/2024\/10\/15\/pepa-bueno-regresa-a-la-ser-para-celebrar-el-centenario-de-la-radio-por-100-anos-mas-de-compania-y-de-informacion-de-calidad-cadena-ser\/\" rel=\"noopener\"><img decoding=\"async\" src=\"https:\/\/cadenaser.com\/resizer\/v2\/C5QFMAUBVBDWVHRVFEINOZTDBM.jpeg?auth=47ca4d8021fa11af538f9a198e64d9b6fc57b962e58c42130d6849f9a829d995\" width=\"907\" height=\"681\" loading=\"lazy\"><\/a><\/figure><\/div><div class=\"ev-main\"><div class=\"ev-text\"><p class=\"ev-kicker\"><a target=\"_blank\" href=\"\" rel=\"noopener\"><\/a><\/p><p class=\"ev-title\"><a target=\"_blank\" href=\"https:\/\/cadenaser.com\/nacional\/2024\/10\/15\/pepa-bueno-regresa-a-la-ser-para-celebrar-el-centenario-de-la-radio-por-100-anos-mas-de-compania-y-de-informacion-de-calidad-cadena-ser\/\" rel=\"noopener\">Pepa Bueno regresa a la SER para celebrar el centenario de la radio: \u00abPor 100 a\u00f1os m\u00e1s de compa\u00f1\u00eda y de informaci\u00f3n de calidad\u00bb<\/a><\/p><\/div><\/div><div class=\"ev-main\"><div class=\"ev-text\"><p>La directora de El Pa\u00eds y exdirectora de <em>Hoy por Hoy<\/em> y <em>Hora 25<\/em>, Pepa Bueno, vuelve a los micr\u00f3fonos con motivo del centenario de la Cadena SER.<\/p><\/div><\/div><\/div> <div id=\"f95f291661bb39bfa710a87c97d11534\" data-les-card=\"image\" data-sort-time=\"1728975778000\" class=\"ev-unit\"><div class=\"ev-me-ct\"><figure><img decoding=\"async\" alt=\"La directora de 'El Pa\u00eds' y exdirectora de 'Hoy por Hoy', Pepa Bueno\" src=\"https:\/\/asmedia.epimg.net\/les\/20241015\/034531ad2ea23f259803d0b39236c202\/a7db181bcce64d335e9d91bc626ed2ad_720.png\" width=\"720\" height=\"auto\" loading=\"lazy\"><\/figure><\/div><div class=\"ev-main\"><div class=\"ev-text\"><p class=\"ev-title\">\u00abSon las nueve de la ma\u00f1ana, las ocho en Canarias\u00bb<\/p><p>La directora de &#8216;El Pa\u00eds&#8217; y exdirectora de &#8216;Hoy por Hoy&#8217;, Pepa Bueno, participa con las noticias de las 9:00 con motivo del centenario de la SER.<\/p><\/div><\/div><\/div> <div id=\"53bfd03c1d4a39c1bf7fb298b5ef468a\" data-les-card=\"multimedia-video\" data-sort-time=\"1728975375000\" class=\"ev-unit\"><div class=\"ev-main\"><div class=\"ev-text\"><p class=\"ev-title\">La emoci\u00f3n de I\u00f1aki Gabilondo<\/p><p>I\u00f1aki Gabilondo: \u00abCada vez que suena la sinton\u00eda y se enciende esa luz roja, siento un pellizquito; hoy tambi\u00e9n\u00bb<\/p><\/div><div class=\"ev-wr-video\"><div id=\"video_1728973651579\" data-use-lazy=\"true\" data-type=\"multimedia-video\" data-show-ads=\"true\" data-width=\"640\" data-height=\"360\" data-account-id=\"playser\" data-video-player-config-id=\"141\" data-ad-unit-edition=\"playser\" data-account-name-id=\"playser\" data-player-id=\"467\" data-autoplay=\"false\" data-mute=\"false\" data-video-id=\"1728973651579\"><\/div><\/div><\/div><\/div> <div id=\"8e0661fb0f953a2e9aecbe89c8d16f3a\" data-les-card=\"multimedia-video\" data-sort-time=\"1728975315000\" class=\"ev-unit\"><div class=\"ev-main\"><div class=\"ev-text\"><p class=\"ev-title\">As\u00ed ha sido el regreso de I\u00f1aki Gabilondo a los micr\u00f3fonos de la SER<\/p><p>I\u00f1aki Gabilondo vuelve a presentar Hoy por Hoy por el centenario de la SER<\/p><\/div><div class=\"ev-wr-video\"><div id=\"video_1728973610213\" data-use-lazy=\"true\" data-type=\"multimedia-video\" data-show-ads=\"true\" data-width=\"640\" data-height=\"360\" data-account-id=\"playser\" data-video-player-config-id=\"141\" data-ad-unit-edition=\"playser\" data-account-name-id=\"playser\" data-player-id=\"467\" data-autoplay=\"false\" data-mute=\"false\" data-video-id=\"1728973610213\"><\/div><\/div><\/div><\/div> <div id=\"9fe2b25c0de733e28c9fb2ae8096610f\" data-les-card=\"twitter\" data-sort-time=\"1728975174000\" class=\"ev-unit\"><div class=\"ev-main\"><div class=\"ev-text\"><p class=\"ev-title\">La exministra Corredor pone palabras a lo que hoy sienten muchos oyentes<\/p><p>Beatriz Corredor celebra en X, como oyente, el centenario de la SER con el maestro Gabilondo.<\/p><\/div><div class=\"if-wr-tw\"><div class=\"tweet\" data-tweetid=\"1846070451870601721\" data-type=\"twitter\" data-use-lazy=\"true\"><\/div><\/div><\/div><\/div> <div id=\"eefa9de62ee53cd49abc0cade75144ce\" data-les-card=\"twitter\" data-sort-time=\"1728974927000\" class=\"ev-unit\"><div class=\"ev-main\"><div class=\"if-wr-tw\"><div class=\"tweet\" data-tweetid=\"1846077935691698348\" data-type=\"twitter\" data-use-lazy=\"true\"><\/div><\/div><\/div><\/div> <div id=\"70159bd7f4a2302ea4f680d610cfeade\" data-les-card=\"twitter\" data-sort-time=\"1728974804000\" class=\"ev-unit\"><div class=\"ev-main\"><div class=\"if-wr-tw\"><div class=\"tweet\" data-tweetid=\"1846078879410074077\" data-type=\"twitter\" data-use-lazy=\"true\"><\/div><\/div><\/div><\/div> <div id=\"396d75cf75d43f23846e283d76975369\" data-les-card=\"default\" data-sort-time=\"1728974757000\" class=\"ev-unit\"><div class=\"ev-side\"><div class=\"ev-timer\">8:44<\/div><\/div><div class=\"ev-main\"><div class=\"ev-text\"><p class=\"ev-title\">I\u00f1aki Gabilondo y su relaci\u00f3n con los pol\u00edticos<\/p><p>Preguntado por \u00c0ngels Barcel\u00f3 si se puede ser amigo de los pol\u00edticos, I\u00f1aki Gabilondo ha explicado que \u00e9l siempre ha \u00abpreferido mantener la distancia\u00bb: \u00abYo he procurado siempre mantener una cierta distancia porque yo cre\u00eda que me pod\u00eda comprometer afectivamente demasiado. La clave es acertar con el punto de temperatura y el punto de distancia para estar lo suficientemente cerca, pero no tan cerca como para ser abducido\u00bb.<\/p><\/div><\/div><\/div> <div id=\"e0fb5b8cbc253c3ca786df0c6410f78c\" data-les-card=\"twitter\" data-sort-time=\"1728974268000\" class=\"ev-unit\"><div class=\"ev-main\"><div class=\"if-wr-tw\"><div class=\"tweet\" data-tweetid=\"1846077849910104354\" data-type=\"twitter\" data-use-lazy=\"true\"><\/div><\/div><\/div><\/div> <div id=\"c89686b6164c3ac8ba30e2d71fa9fc12\" data-les-card=\"default\" data-sort-time=\"1728974209000\" class=\"ev-unit\"><div class=\"ev-side\"><div class=\"ev-timer\">8:36<\/div><\/div><div class=\"ev-main\"><div class=\"ev-text\"><p class=\"ev-title\">I\u00f1aki Gabilondo explica por qu\u00e9 la relaci\u00f3n entre la radio y sus oyentes es tan especial<\/p><p>\u00abLa comunicaci\u00f3n requiere acertar con la temperatura sin olvidar que los que no est\u00e1n escuchando lo hacen siempre en el segundo plano\u00bb, dice I\u00f1aki Gabilondo.<\/p><\/div><\/div><\/div> <div id=\"5ffdc5637e433c2aaf186eddba4c8cdd\" data-les-card=\"twitter\" data-sort-time=\"1728973655000\" class=\"ev-unit\"><div class=\"ev-main\"><div class=\"if-wr-tw\"><div class=\"tweet\" data-tweetid=\"1846073628729004473\" data-type=\"twitter\" data-use-lazy=\"true\"><\/div><\/div><\/div><\/div> <div id=\"84acf60c7aa63a8d9da84542f04de6e3\" data-les-card=\"news\" data-sort-time=\"1728973196000\" class=\"ev-unit\"><div class=\"ev-me-ct\"><figure><a target=\"_blank\" href=\"https:\/\/cadenaser.com\/nacional\/2024\/10\/15\/inaki-gabilondo-vuelve-a-la-ser-para-celebrar-el-centenario-del-comienzo-de-las-emisiones-estoy-nervioso-y-emocionado-cadena-ser\/\" rel=\"noopener\"><img decoding=\"async\" src=\"https:\/\/cadenaser.com\/resizer\/v2\/A3PG7UKY55F45JQJ6UBFK2GTFI.png?auth=c78647c56b32fa06c1c6852dd1b475e37a553a4b92931c69a33f640e12a32b04\" width=\"1638\" height=\"923\" loading=\"lazy\"><\/a><\/figure><\/div><div class=\"ev-main\"><div class=\"ev-text\"><p class=\"ev-kicker\"><a target=\"_blank\" href=\"\" rel=\"noopener\"><\/a><\/p><p class=\"ev-title\"><a target=\"_blank\" href=\"https:\/\/cadenaser.com\/nacional\/2024\/10\/15\/inaki-gabilondo-vuelve-a-la-ser-para-celebrar-el-centenario-del-comienzo-de-las-emisiones-estoy-nervioso-y-emocionado-cadena-ser\/\" rel=\"noopener\">I\u00f1aki Gabilondo vuelve a la SER para celebrar el centenario del comienzo de las emisiones: \u00abEstoy nervioso y emocionado\u00bb<\/a><\/p><\/div><\/div><div class=\"ev-main\"><\/div><\/div> <div id=\"c27bf0d0212532da8f1379ecce694d7d\" data-les-card=\"image\" data-sort-time=\"1728972715000\" class=\"ev-unit\"><div class=\"ev-me-ct\"><figure><img decoding=\"async\" alt=\"\u00c0ngels Barcel\u00f3 e I\u00f1aki Gabilondo se dan la mano\" src=\"https:\/\/asmedia.epimg.net\/les\/20241015\/034531ad2ea23f259803d0b39236c202\/ca6d185200c12ba5fc9307888ccfda90_720.png\" width=\"720\" height=\"auto\" loading=\"lazy\"><\/figure><\/div><div class=\"ev-main\"><div class=\"ev-text\"><p class=\"ev-title\">Un momento muy especial de radio<\/p><p>\u00c0ngels Barcel\u00f3 e I\u00f1aki Gabilondo se dan la mano en el regreso del legendario locutor a los micr\u00f3fonos de la SER, con motivo del centenario de la radio.<\/p><\/div><\/div><\/div> <div id=\"7789e1c554913555976b7e802508ac18\" data-les-card=\"twitter\" data-sort-time=\"1728972319000\" class=\"ev-unit\"><div class=\"ev-main\"><div class=\"if-wr-tw\"><div class=\"tweet\" data-tweetid=\"1846068705391771669\" data-type=\"twitter\" data-use-lazy=\"true\"><\/div><\/div><\/div><\/div> <div id=\"a63174e36cb23dbc958e67d8f7ddc830\" data-les-card=\"image\" data-sort-time=\"1728972209000\" class=\"ev-unit\"><div class=\"ev-me-ct\"><figure><img decoding=\"async\" alt=\"I\u00f1aki Gabilondo abre esta jornada especial de radio con las noticias de las 8:00.\" src=\"https:\/\/asmedia.epimg.net\/les\/20241015\/034531ad2ea23f259803d0b39236c202\/b2f00a346fdd25ec42dc259833b529d3_720.png\" width=\"720\" height=\"auto\" loading=\"lazy\"><\/figure><\/div><div class=\"ev-main\"><div class=\"ev-text\"><p class=\"ev-title\">\u00abSon las ocho de la ma\u00f1ana, las siete en Canarias\u00bb<\/p><p>I\u00f1aki Gabilondo abre esta jornada especial de radio con las noticias de las 8:00.<\/p><\/div><\/div><\/div> <div id=\"6698f892f91535b5b06b7b029e0d44d4\" data-les-card=\"twitter\" data-sort-time=\"1728971967000\" class=\"ev-unit\"><div class=\"ev-main\"><div class=\"ev-text\"><p class=\"ev-title\">Un d\u00eda de radio hist\u00f3rico<\/p><p>Una programaci\u00f3n especial acompa\u00f1ados de invitados inolvidables.<\/p><\/div><div class=\"if-wr-tw\"><div class=\"tweet\" data-tweetid=\"1844755883051401606\" data-type=\"twitter\" data-use-lazy=\"true\"><\/div><\/div><\/div><\/div> <div id=\"3169b94e4c4b3eb78675afcc5b52618c\" data-les-card=\"default\" data-sort-time=\"1728971826000\" class=\"ev-unit\"><div class=\"ev-main\"><div class=\"ev-text\"><p class=\"ev-title\">La radio nocturna<\/p><p>Juan Carlos Ortega repasar\u00e1 los programas m\u00edticos de la radio nocturna; Roberto S\u00e1nchez conducir\u00e1 una edici\u00f3n repleta de sorpresas de \u2018Si Amanece\u2019; Carles Francino, Toni Mart\u00ednez y el equipo de \u2018Todo por la Radio\u2019 abordar\u00e1n la evoluci\u00f3n de la publicidad en este medio; Mara Torres conducir\u00e1 \u2018El Faro\u2019 desde el Faro de Cabo Torres, en Gij\u00f3n; y Aimar Bretos, Nerea P\u00e9rez de las Heras y Laura Pi\u00f1ero analizar\u00e1n el impacto social de \u2018El consultorio de Elena Francis\u2019 y la evoluci\u00f3n que ha experimentado el feminismo y la comunicaci\u00f3n durante las \u00faltimas d\u00e9cadas.<\/p><\/div><\/div><\/div> <div id=\"52cfe3b7d6ba3c50a8124357e8450cd3\" data-les-card=\"default\" data-sort-time=\"1728971812000\" class=\"ev-unit\"><div class=\"ev-main\"><div class=\"ev-text\"><p class=\"ev-title\">Espacio para el radioteatro<\/p><p>El radioteatro tambi\u00e9n tendr\u00e1 su espacio dentro de esta programaci\u00f3n de la SER gracias a \u2018Las Pel\u00edculas del Invierno\u2019, una obra in\u00e9dita protagonizada por Georgina Amor\u00f3s, Hugo Arbu\u00e9s y Oriol Cervera y escrita por el dramaturgo Juan Mayorga. Se trata de una ficci\u00f3n sugerente y evocadora que juega con la radio y la imaginaci\u00f3n a trav\u00e9s de distintos planos de realidad dirigida por Ana Alonso y realizada por Roberto Garc\u00eda.<\/p><\/div><\/div><\/div> <div id=\"cb4ca8ad614f3bad90f6ba697eefe289\" data-les-card=\"default\" data-sort-time=\"1728971783000\" class=\"ev-unit\"><div class=\"ev-main\"><div class=\"ev-text\"><p class=\"ev-title\">Una jornada especial<\/p><p>Periodistas de la talla de Silvia Intxaurrondo, Gemma Nierga o Carlos Franganillo, entre otros muchos, acompa\u00f1ar\u00e1n a la redacci\u00f3n de Informativos de la SER en esta jornada tan especial realizando un alegato en defensa del periodismo y la informaci\u00f3n. El equipo de Deportes de la SER tambi\u00e9n se sumar\u00e1 a la celebraci\u00f3n con una entrevista de Manu Carre\u00f1o a Andr\u00e9s Iniesta en \u2018El Larguero\u2019 y la retransmisi\u00f3n del Espa\u00f1a-Serbia en \u2018Carrusel Deportivo\u2019, que repasar\u00e1 su propia historia de la mano de invitados especiales.<\/p><p>A lo largo del d\u00eda, la emisora tambi\u00e9n sacar\u00e1 la radio a la calle. M\u00e1s de 1.300 personas acompa\u00f1ar\u00e1n en el Teatro Capitol de Madrid a la mesa de c\u00f3micos que comanda Javier del Pino en \u2018A Vivir\u2019 y a Andreu Buenafuente y Berto Romero, que conducir\u00e1n una edici\u00f3n especial de \u2018Nadie Sabe Nada\u2019 que contar\u00e1 con la actuaci\u00f3n en directo de Amaral.<\/p><\/div><\/div><\/div> <div id=\"de1babca895130c2af04c085befd751c\" data-les-card=\"default\" data-sort-time=\"1728971762000\" class=\"ev-unit\"><div class=\"ev-main\"><div class=\"ev-text\"><p class=\"ev-title\">Muchas sorpresas<\/p><p>I\u00f1aki Gabilondo ser\u00e1 el encargado de abrir esta jornada hist\u00f3rica para la radio junto a \u00c0ngels Barcel\u00f3 en \u2018Hoy por Hoy\u2019. La periodista charlar\u00e1 con Pedro Almod\u00f3var sobre su relaci\u00f3n con la radio; su nueva pel\u00edcula, \u2018La habitaci\u00f3n de al lado\u2019, y su reciente e hist\u00f3rica victoria en el Festival de Venecia, donde se alz\u00f3 con el Le\u00f3n de Oro.<\/p><p>Otro de los regresos m\u00e1s especiales de la jornada ser\u00e1 el de Jos\u00e9 Antonio Marcos, conductor de \u2018Hora 14\u2019 durante m\u00e1s de 25 a\u00f1os. El periodista retornar\u00e1 por un d\u00eda al informativo para compartir micr\u00f3fono con Javier Casal, su sucesor al frente del espacio.<\/p><\/div><\/div><\/div> <div id=\"5fe73695f4f33d47a1913e253706c2e1\" data-les-card=\"default\" data-sort-time=\"1728970765000\" class=\"ev-unit\"><div class=\"ev-side\"><div class=\"ev-timer\">7:30<\/div><\/div><div class=\"ev-main\"><div class=\"ev-text\"><p class=\"ev-title\">La SER celebra su Centenario con una programaci\u00f3n especial repleta de sorpresas y grandes personalidades<\/p><p>Coincidiendo con el centenario de sus primeras emisiones, la\u00a0Cadena SER\u00a0emite una programaci\u00f3n especial\u00a0titulada \u2018Locxs por la Radio\u2019 y comandada por sus principales estrellas. Esta parrilla pone en valor el papel que ha ejercido la radio en la sociedad durante el \u00faltimo siglo.<\/p><\/div><\/div><\/div> <\/div><\/div>{\u00abdata\u00bb:{\u00abcoverageEndDateTime\u00bb:1729573200000,\u00bbenvironment\u00bb:\u00bbprod\u00bb,\u00bblatestUpdate\u00bb:1729029703000,\u00bbliveEvent\u00bb:\u00bbcadenaser_espana_actualidad_034531ad2ea23f259803d0b39236c202&#8243;,\u00bbtimezone\u00bb:\u00bbEurope\/Madrid\u00bb,\u00bbtype\u00bb:\u00bbhtml\u00bb}}<\/div><\/p> ","protected":false},"excerpt":{"rendered":"<p>I\u00f1aki Gabilondo ha abierto esta jornada especial de radio con las noticias de las 8:00. Periodistas de la talla de Silvia Intxaurrondo, Gemma Nierga o Carlos Franganillo, entre otros muchos, han acompa\u00f1ado a la redacci\u00f3n de Informativos<\/p>\n","protected":false},"author":0,"featured_media":9427,"comment_status":"open","ping_status":"open","sticky":false,"template":"","format":"standard","meta":{"_acf_changed":false,"footnotes":""},"categories":[1],"tags":[],"class_list":["post-9426","post","type-post","status-publish","format-standard","has-post-thumbnail","hentry","category-sin-categoria"],"acf":{"ser_id":"LVETB3NDIJEHLLMA7CLLVESOWY","ser_url":"https:\/\/cadenaser.com\/nacional\/centenario\/2024\/10\/14\/la-cadena-ser-celebra-su-centenario-con-locxs-por-la-radio-una-programacion-especial-repleta-de-sorpresas-y-grandes-personalidades-cadena-ser\/"},"_links":{"self":[{"href":"https:\/\/serbenidorm.daliisolutions.com\/index.php\/wp-json\/wp\/v2\/posts\/9426","targetHints":{"allow":["GET"]}}],"collection":[{"href":"https:\/\/serbenidorm.daliisolutions.com\/index.php\/wp-json\/wp\/v2\/posts"}],"about":[{"href":"https:\/\/serbenidorm.daliisolutions.com\/index.php\/wp-json\/wp\/v2\/types\/post"}],"replies":[{"embeddable":true,"href":"https:\/\/serbenidorm.daliisolutions.com\/index.php\/wp-json\/wp\/v2\/comments?post=9426"}],"version-history":[{"count":0,"href":"https:\/\/serbenidorm.daliisolutions.com\/index.php\/wp-json\/wp\/v2\/posts\/9426\/revisions"}],"wp:featuredmedia":[{"embeddable":true,"href":"https:\/\/serbenidorm.daliisolutions.com\/index.php\/wp-json\/wp\/v2\/media\/9427"}],"wp:attachment":[{"href":"https:\/\/serbenidorm.daliisolutions.com\/index.php\/wp-json\/wp\/v2\/media?parent=9426"}],"wp:term":[{"taxonomy":"category","embeddable":true,"href":"https:\/\/serbenidorm.daliisolutions.com\/index.php\/wp-json\/wp\/v2\/categories?post=9426"},{"taxonomy":"post_tag","embeddable":true,"href":"https:\/\/serbenidorm.daliisolutions.com\/index.php\/wp-json\/wp\/v2\/tags?post=9426"}],"curies":[{"name":"wp","href":"https:\/\/api.w.org\/{rel}","templated":true}]}}