{"id":9428,"date":"2024-10-16T08:18:32","date_gmt":"2024-10-16T06:18:32","guid":{"rendered":"https:\/\/serbenidorm.daliisolutions.com\/index.php\/2024\/10\/16\/eduardo-zaplana-condenado-a-10-anos-y-5-meses-de-prision-y-multas-que-superan-los-25-millones-de-euros-por-el-caso-erial\/"},"modified":"2024-10-16T08:18:32","modified_gmt":"2024-10-16T06:18:32","slug":"eduardo-zaplana-condenado-a-10-anos-y-5-meses-de-prision-y-multas-que-superan-los-25-millones-de-euros-por-el-caso-erial","status":"publish","type":"post","link":"https:\/\/serbenidorm.daliisolutions.com\/index.php\/2024\/10\/16\/eduardo-zaplana-condenado-a-10-anos-y-5-meses-de-prision-y-multas-que-superan-los-25-millones-de-euros-por-el-caso-erial\/","title":{"rendered":"Eduardo Zaplana, condenado a 10 a\u00f1os y 5 meses de prisi\u00f3n y multas que superan los 25 millones de euros por el caso Erial"},"content":{"rendered":"  <p>Val\u00e8ncia<\/p>   <p>El fallo judicial del caso ha dictado una condena firme sobre el conocido como <a href=\"https:\/\/cadenaser.com\/tag\/caso_eduardo_zaplana\/a\/\" target=\"_blank\" rel=\"noopener\">Caso Erial<\/a> contra Eduardo Zaplana, expresidente de la Generalitat Valenciana, quien ha sido declarado criminalmente responsable de m\u00faltiples delitos, incluyendo prevaricaci\u00f3n, cohecho, falsedad y blanqueo de capitales.<\/p>   <p>El tambi\u00e9n exministro Zaplana ha sido condenado a una inhabilitaci\u00f3n especial para el ejercicio de cualquier empleo o cargo p\u00fablico por un periodo total de ocho a\u00f1os y cinco meses, en virtud del delito de prevaricaci\u00f3n. Adem\u00e1s, por el delito de cohecho, se le impone una pena de tres a\u00f1os y once meses de prisi\u00f3n, acompa\u00f1ada de una multa de 4.400.000 euros. En caso de impago, deber\u00e1 cumplir una responsabilidad personal subsidiaria de nueve meses de prisi\u00f3n.<\/p>   <p>El delito de falsedad conlleva una pena adicional de un a\u00f1o y seis meses de prisi\u00f3n y una multa que ascender\u00e1 a 24.000 euros, junto con la inhabilitaci\u00f3n especial para el derecho de sufragio pasivo. Finalmente, la condena por blanqueo de capitales se traduce en una pena de cinco a\u00f1os de prisi\u00f3n y una multa de 20.606.364 euros, as\u00ed como una inhabilitaci\u00f3n especial para el ejercicio de su profesi\u00f3n por un periodo de tres a\u00f1os.<\/p>   <p>La suma total de penas de prisi\u00f3n asciende a 10 a\u00f1os y 5 meses, a lo que se a\u00f1aden multas que superan los 25 millones de euros.<\/p>   <p><div><a href=\"https:\/\/cadenaser.com\/comunitat-valenciana\/2024\/10\/15\/absueltos-ripoll-lorente-ortiz-y-fenoll-por-la-causa-del-plan-zonal-de-residuos-de-la-vega-baja-radio-alicante\/\">Absueltos Ripoll, Lorente, Ortiz y Fenoll por la causa del Plan Zonal de Residuos de la Vega Baja<\/a><p><\/p><\/div><\/p>   <p>M\u00e1s acusados<\/p>   <p>No obstante, el Tribunal absuelve al expresidente de la Generalitat del delito de grupo criminal, pero decreta el comiso de diferentes bienes y cuant\u00edas intervenidas durante la instrucci\u00f3n de la causa.<\/p>   <p>     .c-w{         max-width:444px;         width:100%;         margin:32px auto;      background:#00755E;         border-radius:4px;         display:flex;         align-items:center;         justify-content:center;     }     .c-w a{         display:flex;         align-items:center;         justify-content:center;         padding:4px 24px;     }     .c-w img{         width:24px;         margin-right:12px;     }     .c-w p{         font:18px\/25px Poppins;         text-align:center;         color:#fff;         margin:0;     }     @media (max-width:444px){         .c-w a{             padding:4px 12px;         }         .c-w img{             width:24px;             margin-right:8px;         }         .c-w p{             font:14px\/25px Poppins;         }     }     @media (max-width:335px){         .c-w p{             font:13px\/25px Poppins;         }     }  <div class=\"c-w\">     <a href=\"https:\/\/www.whatsapp.com\/channel\/0029Va633PF9WtC4l7XUzh1e\" target=\"_blank\" rel=\"noopener\">         <img decoding=\"async\" src=\"https:\/\/cadenaser.com\/estaticos\/recursosgraficos\/responsive\/img\/ico-whatsapp.svg\" alt=\"Whatsapp\">         <p>\u00danete al <b>canal de WhatsApp<\/b> de la SER<\/p>     <\/a> <\/div><\/p>   <p>La Sala tambi\u00e9n ha condenado a otros seis acusados a penas que oscilan entre un a\u00f1o y tres meses y siete a\u00f1os y medio de prisi\u00f3n por prevaricaci\u00f3n, cohecho, falsedad y blanqueo de capitales. Se trata de los empresarios Vicente y Jos\u00e9 Cotino y Francisco P\u00e9rez L\u00f3pez; el abogado y asesor fiscal Francisco Grau; el exjefe de gabinete del &#8216;expresident&#8217;, Juan Francisco Garc\u00eda, y el amigo de Zaplana que actu\u00f3 como su testaferro, Joaqu\u00edn Barcel\u00f3.<\/p>   <p>Los ocho acusados restantes han sido absueltos despu\u00e9s de que la Fiscal\u00eda retirara la acusaci\u00f3n para tres de ellos o por no apreciar pruebas que sustenten una condena. Entre ellos figura el tambi\u00e9n expresidente de la Generalitat Jos\u00e9 Luis Olivas. La sentencia, que consta de 364 p\u00e1ginas, no es firme y puede ser recurrida en casaci\u00f3n ante el Tribunal Supremo.<\/p>   <p>Conformidades<\/p>   <p>Cuatro de los acusados se conformaron con las penas que ped\u00eda para ellos la Fiscal\u00eda Anticorrupci\u00f3n en virtud de diversos acuerdos. Son el exjefe de gabinete de Zaplana, Juan Francisco Garc\u00eda, el presunto testaferro de la trama, Joaqu\u00edn Miguel Barcel\u00f3, y los hermanos Vicente y Jos\u00e9 Cotino, empresarios y beneficiarios de las adjudicaciones de las ITV con las empresas del grupo que lideraba su fallecido t\u00edo Juan Cotino, exdirector general de la Polic\u00eda.<\/p>   <p>A Juan Francisco Garc\u00eda y a los hermanos Cotino se le reclamaba inicialmente una condena de 14 a\u00f1os de prisi\u00f3n y a Barcel\u00f3 de ocho.<\/p>   <p>Pero el exjefe de gabinete de Zaplana, Juan Francisco Garc\u00eda, mostr\u00f3 su conformidad con una petici\u00f3n de pena de la Fiscal\u00eda de 5 meses de prisi\u00f3n por un delito de blanqueo de capitales, un a\u00f1o y seis meses por un delito de cohecho y un a\u00f1o por un delito de falsedad documental, adem\u00e1s de multas por valor de 1,32 millones de euros.<\/p>   <p>Por su parte, Joaqu\u00edn Miguel Barcel\u00f3, alias Pachano, dijo en su declaraci\u00f3n en el juicio que fue efectivamente el testaferro de Eduardo Zaplana y confes\u00f3 que las empresas estaban a su nombre pero pertenec\u00edan en realidad al expresident. El fiscal rebaj\u00f3 su petici\u00f3n de condena, con la que Barcel\u00f3 se conform\u00f3, a un a\u00f1o y tres meses por blanqueo y cinco meses por pertenencia a grupo criminal, adem\u00e1s de una multa de cinco millones de euros.<\/p>   <p>En cuanto a los hermanos Jos\u00e9 y Vicente Cotino, en concreto Jos\u00e9 Cotino se conforma con una pena de dos a\u00f1os de prisi\u00f3n por cohecho y Vicente Cotino con otros dos a\u00f1os por cohecho, un a\u00f1o por falsedad y cinco meses por blanqueo. Las multas con las que se han conformado son de 4,32 millones de euros para Vicente Cotino, y 320.000 euros para su hermano Jos\u00e9.<\/p>   <p>Tres retiradas de acusaci\u00f3n<\/p>   <p>Respecto a la exdiputada del PP y amiga personal de Zaplana, Elvira Suanzes, el empresario y peluquero de Zaplana y Aznar, Pedro Romero y el tambi\u00e9n empresario \u00c1ngel Salas, el fiscal les retir\u00f3 la acusaci\u00f3n en la sesi\u00f3n dedicada al informe final del Ministerio P\u00fablico al no ver suficientes indicios de criminalidad para mantenerles en el procedimiento.<\/p>   <p>Los papeles \u00abdel sirio\u00bb, en el centro del juicio<\/p>   <p>La causa de Erial se inici\u00f3 a ra\u00edz de los papeles conocidos como \u00abdel sirio\u00bb. Se trata de unos documentos que se hallaron en un registro en el despacho de abogados que, por aquel entonces, llevaba la defensa del autodenominado \u00abyonki del dinero\u00bb, el exgerente de Imelsa, Marcos Benavent.<\/p>   <p>Los investigadores de la UCO y la Fiscal\u00eda relataron durante el juicio que el nombre de estos papeles, <a href=\"https:\/\/cadenaser.com\/comunitat-valenciana\/2024\/04\/07\/el-caso-erial-de-la-a-a-la-z-radio-valencia\/\" target=\"_blank\" rel=\"noopener\">que dieron origen a la investigaci\u00f3n del Caso Erial<\/a>, se debe a que los entreg\u00f3 a Marcos Benavent, un hombre de nacionalidad siria. Benavent dijo haberlos encontrado en una vivienda que ten\u00eda alquilada y en la que tambi\u00e9n hab\u00eda residido con anterioridad Zaplana.<\/p>   <p>En la vigilancia para localizar a Benavent, los investigadores vieron c\u00f3mo un familiar llevaba estos papeles a su despacho de abogados. Por ese motivo, procedieron a realizar un registro en esa sede y all\u00ed los hallaron. Para el jefe del operativo resultaba \u00abindudable\u00bb que \u00ablos papeles del sirio apuntaban al blanqueo de capitales\u00bb.<\/p>   <p>Pero el abogado de Zaplana pidi\u00f3 una prueba de huellas dactilares que determin\u00f3 que no hab\u00eda huellas de Zaplana en los papeles. La Fiscal\u00eda, ante el resultado de la prueba, manifest\u00f3 que hab\u00eda pasado demasiado tiempo para que eso fuera fiable. Como testigos, Marcos Benavent y el excomisario Jos\u00e9 Manuel Villarejo, aseguraron que el hallazgo casual no fue tal porque al ciudadano sirio, I<a href=\"https:\/\/cadenaser.com\/comunitat-valenciana\/2024\/05\/08\/comienza-la-declaracion-de-el-sirio-que-entrego-a-marcos-benavent-los-papeles-que-desencadenaron-el-caso-erial-radio-valencia\/\" target=\"_blank\" rel=\"noopener\">mad Al-Naddaf<\/a>, le hab\u00edan dado los papeles los cuerpos policiales y de inteligencia porque era colaborador de estos cuerpos.<\/p>   <p>Es la teor\u00eda del \u00abmontaje\u00bb que han sostenido, sobre todo <a href=\"https:\/\/cadenaser.com\/comunitat-valenciana\/2024\/05\/09\/ex-comisario-villarejo-en-el-caso-erial-rajoy-estaba-obsesionado-con-zaplana-radio-valencia\/\" target=\"_blank\" rel=\"noopener\">Villarejo <\/a>pero tambi\u00e9n Benavent. El excomisario apunt\u00f3 directamente a Mariano Rajoy como ide\u00f3logo de la trama, dijo que estaba \u00abobsesionado\u00bb con Zaplana porque tem\u00eda que le disputara el liderazgo en el partido y que el propio Juan Cotino ejecut\u00f3 las \u00f3rdenes pol\u00edticas de \u00abponer cosas donde no las hab\u00eda\u00bb que le dieron los urdidores de la trama.<\/p>   <p>Las adjudicaciones bajo la lupa<\/p>   <p>El juicio se ha centrado en las adjudicaciones de las ITV y el plan e\u00f3lico de la Comunitat Valenciana, seg\u00fan la Fiscal\u00eda y la UCO, pactadas para beneficiar a determinadas empresas (en el caso de las ITV, las del grupo Sedesa, propiedad de los Cotino).<\/p>   <p>Despu\u00e9s, seg\u00fan el relato del Ministerio P\u00fablico, los implicados en la trama situaban el dinero de las adjudicaciones en cuentas en el extranjero y posteriormente lo repatriaban en operaciones de <a href=\"https:\/\/cadenaser.com\/comunitat-valenciana\/2024\/04\/25\/la-uco-describe-la-trama-unica-con-diferentes-apendices-armada-por-zaplana-y-sus-colaboradores-radio-valencia\/\" target=\"_blank\" rel=\"noopener\">blanqueo<\/a>.<\/p>   <p>Sobre estas adjudicaciones, Eduardo <a href=\"https:\/\/cadenaser.com\/comunitat-valenciana\/2024\/04\/17\/zaplana-dice-que-jamas-hablo-con-juan-cotino-de-las-itv-y-asegura-que-se-llevaban-fatal-desde-2003-radio-valencia\/\" target=\"_blank\" rel=\"noopener\">Zaplana <\/a>dijo que \u00abjam\u00e1s\u00bb habl\u00f3 con el expresidente de Les Corts y ex director general de la Polic\u00eda Juan Cotino sobre las adjudicaciones de las ITV y ha asegurado que se llevaban \u00abfatal\u00bb desde 2003: \u00abRomp\u00ed relaciones en la Comunitat Valenciana con el gobierno de Francisco Camps\u00bb.<\/p>   <p>La cantidad investigada<\/p>   <p>El fiscal anticorrupci\u00f3n cifraba en 20.606.364 euros el total del dinero obtenido de forma delictiva mediante operaciones de corrupci\u00f3n por parte de Zaplana y su organizaci\u00f3n, un grupo que estaba acusado de operar a trav\u00e9s de sociedades radicadas en el extranjero, creadas con el prop\u00f3sito de recibir sobornos por las adjudicaciones predeterminadas y para ocultar el origen il\u00edcito de los bienes, contribuyendo a su transformaci\u00f3n e integraci\u00f3n posterior en el circuito econ\u00f3mico, seg\u00fan constaba en la calificaci\u00f3n de la acusaci\u00f3n p\u00fablica.<\/p>   <p>De este importe, 6.734.026 euros fueron decomisados en cuentas suizas. En total, el fiscal acusaba, junto con Zaplana, a otras 14 personas m\u00e1s, vinculadas directamente al expresident y que le ayudaron en la operativa.<\/p>   <p>Zaplana recurrir\u00e1<\/p>   <p>El expresidente de la Generalitat Valenciana y exministro &#8216;popular&#8217; Eduardo Zaplana, condenado a 10 a\u00f1os y cinco meses de prisi\u00f3n por la trama de las ITV en el conocido como caso Erial, ha anunciado que recurrir\u00e1 la sentencia. Tambi\u00e9n ha reiterado que no hay \u00abninguna evidencia objetiva\u00bb de su participaci\u00f3n en los hechos.<\/p>   <p>As\u00ed se desprende de un comunicado remitido por el despacho de abogados de Zaplana en relaci\u00f3n con la sentencia de la Audiencia del caso Erial, que le condena por percibir comisiones por la adjudicaci\u00f3n entre 1997 y 2003 de estaciones de ITV de la Comunitat Valenciana y canalizarlas a trav\u00e9s de una compleja estructura societaria tanto en Espa\u00f1a como en pa\u00edses como Panam\u00e1 o Luxemburgo y con cuentas en Andorra.<\/p>   <p>Tras conocerse el fallo, el exministro ha avanzado que se siente \u00abdecepcionado\u00bb por haber sido condenado \u00abpor unas pruebas basadas en pactos y acuerdos opacos y sin ninguna evidencia objetiva\u00bb sobre su participaci\u00f3n en los hechos.<\/p>   <p>A pesar de todo, el expresidente de la Generalitat ha manifestado que sigue \u00abconfiando\u00bb en la justicia y ha afirmado que tiene la certeza de que \u00abtarde o temprano\u00bb se reconocer\u00e1 lo \u00abinfundado\u00bb de las acusaciones y, en consecuencia, recurrir\u00e1 a las instancias \u00abque sea necesario\u00bb.<\/p>   <p>En el mismo comunicado, Zaplana tambi\u00e9n ha mostrado su \u00abalegr\u00eda\u00bb por la absoluci\u00f3n en este procedimiento \u00abde todas las personas cuyo \u00fanico delito fue haber sido mis amigos o colaboradores y que han tenido que sufrir un acusaci\u00f3n igualmente injusta y soportar durante largos a\u00f1os la amenaza de una condena penal sin ning\u00fan fundamento\u00bb, ha apostillado.<\/p>   <p><i>Sigue toda la \u00faltima hora en el canal de Whatsapp de Radio Valencia: <\/i><a href=\"https:\/\/whatsapp.com\/channel\/0029VaHjyqSFHWq2Q3iHB33R\" rel=\"nofollow noopener\" target=\"_blank\"><i>haz clic aqu\u00ed y suscr\u00edbete<\/i><\/a><i> para recibir toda la informaci\u00f3n y la actualidad del d\u00eda en tu m\u00f3vil.<\/i><\/p> ","protected":false},"excerpt":{"rendered":"<p>El expresident de la Generalitat ha sido declarado criminalmente responsable de m\u00faltiples delitos, incluyendo prevaricaci\u00f3n, cohecho, falsedad y blanqueo de capitales<\/p>\n","protected":false},"author":0,"featured_media":9429,"comment_status":"open","ping_status":"open","sticky":false,"template":"","format":"standard","meta":{"_acf_changed":false,"footnotes":""},"categories":[1],"tags":[],"class_list":["post-9428","post","type-post","status-publish","format-standard","has-post-thumbnail","hentry","category-sin-categoria"],"acf":{"ser_id":"PT3OYFCSN5D55OPRT6OMXPCGS4","ser_url":"https:\/\/cadenaser.com\/comunitat-valenciana\/2024\/10\/15\/eduardo-zaplana-condenado-a-10-anos-y-5-meses-de-prision-y-multas-que-superan-los-25-millones-de-euros-por-el-caso-erial-radio-valencia\/"},"_links":{"self":[{"href":"https:\/\/serbenidorm.daliisolutions.com\/index.php\/wp-json\/wp\/v2\/posts\/9428","targetHints":{"allow":["GET"]}}],"collection":[{"href":"https:\/\/serbenidorm.daliisolutions.com\/index.php\/wp-json\/wp\/v2\/posts"}],"about":[{"href":"https:\/\/serbenidorm.daliisolutions.com\/index.php\/wp-json\/wp\/v2\/types\/post"}],"replies":[{"embeddable":true,"href":"https:\/\/serbenidorm.daliisolutions.com\/index.php\/wp-json\/wp\/v2\/comments?post=9428"}],"version-history":[{"count":0,"href":"https:\/\/serbenidorm.daliisolutions.com\/index.php\/wp-json\/wp\/v2\/posts\/9428\/revisions"}],"wp:featuredmedia":[{"embeddable":true,"href":"https:\/\/serbenidorm.daliisolutions.com\/index.php\/wp-json\/wp\/v2\/media\/9429"}],"wp:attachment":[{"href":"https:\/\/serbenidorm.daliisolutions.com\/index.php\/wp-json\/wp\/v2\/media?parent=9428"}],"wp:term":[{"taxonomy":"category","embeddable":true,"href":"https:\/\/serbenidorm.daliisolutions.com\/index.php\/wp-json\/wp\/v2\/categories?post=9428"},{"taxonomy":"post_tag","embeddable":true,"href":"https:\/\/serbenidorm.daliisolutions.com\/index.php\/wp-json\/wp\/v2\/tags?post=9428"}],"curies":[{"name":"wp","href":"https:\/\/api.w.org\/{rel}","templated":true}]}}