{"id":9439,"date":"2024-10-16T13:29:03","date_gmt":"2024-10-16T11:29:03","guid":{"rendered":"https:\/\/serbenidorm.daliisolutions.com\/index.php\/2024\/10\/16\/toni-perez-sobre-eduardo-zaplana-fue-un-excelente-alcalde-de-benidorm\/"},"modified":"2024-10-16T13:29:03","modified_gmt":"2024-10-16T11:29:03","slug":"toni-perez-sobre-eduardo-zaplana-fue-un-excelente-alcalde-de-benidorm","status":"publish","type":"post","link":"https:\/\/serbenidorm.daliisolutions.com\/index.php\/2024\/10\/16\/toni-perez-sobre-eduardo-zaplana-fue-un-excelente-alcalde-de-benidorm\/","title":{"rendered":"Toni P\u00e9rez sobre Eduardo Zaplana: \u00abFue un excelente alcalde de Benidorm\u00bb"},"content":{"rendered":"  <p>Benidorm<\/p>   <p>El alcalde de Benidorm, Toni P\u00e9rez, se ha referido este mi\u00e9rcoles en un desayuno informativo organizado por Executive F\u00f3rum en Madrid a la condena a diez a\u00f1os de c\u00e1rcel al expresidente de la Generalitat Eduardo Zaplana mostrando su respeto \u00ababsoluto\u00bb a la justicia y defendiendo al tiempo su legado al frente del Ayuntamiento de la capital tur\u00edstica.<\/p>   <p>El actual primer edil, tambi\u00e9n presidente de la Diputaci\u00f3n de Alicante, ha declarado que \u00abm\u00e1s all\u00e1 de los afectos uno no puede decir que no conoce al que fue un excelente alcalde de Benidorm en un momento muy complejo y convulso en la ciudad. Es la parte de los afectos personales y las emociones en las cuales uno no se puede esconder\u00bb.<\/p>  <p><p>M\u00e1s informaci\u00f3n<\/p><figure><img loading=\"lazy\" decoding=\"async\" src=\"https:\/\/cadenaser.com\/resizer\/v2\/24XFSUDO46ZF5SGH3AAMUXCMSQ.jpg?auth=33f2ba2ca6370a484170542d531338e174f4dacac1ae9d2a524de25d1ccf5095&amp;quality=70&amp;width=360&amp;height=202&amp;smart=true\" width=\"820\" height=\"621\" \/><\/figure><ul><li><a href=\"https:\/\/cadenaser.com\/comunitat-valenciana\/2024\/10\/15\/eduardo-zaplana-condenado-a-10-anos-y-5-meses-de-prision-y-multas-que-superan-los-25-millones-de-euros-por-el-caso-erial-radio-valencia\/\"><span>Zaplana, condenado a 10 a\u00f1os y 5 meses de prisi\u00f3n y multas que superan los 25 millones de euros por el caso Erial<\/span><\/a><\/li><\/ul><\/p>   <p>\u00abSupongo que Eduardo Zaplana, despu\u00e9s de este tr\u00e1nsito tan tortuoso, <a href=\"https:\/\/cadenaser.com\/tag\/benidorm\/a\/\" target=\"_blank\" rel=\"noopener\">seguir\u00e1 agradeciendo porque haya miles de personas en Benidorm que le saluden cordialmente y seguramente como me puede ocurrir a mi ahora que no le salude, pero eso tambi\u00e9n lo lleva la pol\u00edtica<\/a>\u00ab, ha a\u00f1adido.<\/p>   <p>Palabras del dirigente popular despu\u00e9s de que la oposici\u00f3n del PSOE en el consistorio benidormense haya pedido que se retiren todos los honores al exalcalde Zaplana en la ciudad en referencia a la avenida con su nombre en la zona de Poniente o las placas en las que figura repartidas por la ciudad.<\/p>   <p>\u00abEs el \u00fanico alcalde de Benidorm que ha estado en prisi\u00f3n acusado de graves delitos y que ahora ha sido condenado. <a href=\"https:\/\/cadenaser.com\/comunitat-valenciana\/2024\/10\/15\/el-psoe-de-benidorm-exigira-que-se-retiren-todos-los-honores-al-exalcalde-zaplana-radio-benidorm\/\" target=\"_blank\" rel=\"noopener\">Ha quedado manifiestamente patente que no cumple ya con los requisitos de ejemplaridad<\/a> que le valieron para obtener esos reconocimientos, por lo que no queda otra alternativa que retir\u00e1rselos\u00bb, ha apuntado la portavoz socialista Cristina Escoda.<\/p>   <p>     .c-w{         max-width:444px;         width:100%;         margin:32px auto;      background:#00755E;         border-radius:4px;         display:flex;         align-items:center;         justify-content:center;     }     .c-w a{         display:flex;         align-items:center;         justify-content:center;         padding:4px 24px;     }     .c-w img{         width:24px;         margin-right:12px;     }     .c-w p{         font:18px\/25px Poppins;         text-align:center;         color:#fff;         margin:0;     }     @media (max-width:444px){         .c-w a{             padding:4px 12px;         }         .c-w img{             width:24px;             margin-right:8px;         }         .c-w p{             font:14px\/25px Poppins;         }     }     @media (max-width:335px){         .c-w p{             font:13px\/25px Poppins;         }     }  <div class=\"c-w\">     <a href=\"https:\/\/www.whatsapp.com\/channel\/0029Va633PF9WtC4l7XUzh1e\" target=\"_blank\" rel=\"noopener\">         <img decoding=\"async\" src=\"https:\/\/cadenaser.com\/estaticos\/recursosgraficos\/responsive\/img\/ico-whatsapp.svg\" alt=\"Whatsapp\">         <p>\u00danete al <b>canal de WhatsApp<\/b> de la SER<\/p>     <\/a> <\/div><\/p> ","protected":false},"excerpt":{"rendered":"<p>El actual alcalde de Benidorm defiende el legado de su antecesor al tiempo que muestra su respeto a la justicia: \u00abNo es una sentencia en firme y viene a fallar sobre unos hechos ocurridos hace m\u00e1s de dos d\u00e9cadas\u00bb<\/p>\n","protected":false},"author":0,"featured_media":9440,"comment_status":"open","ping_status":"open","sticky":false,"template":"","format":"standard","meta":{"_acf_changed":false,"footnotes":""},"categories":[1],"tags":[],"class_list":["post-9439","post","type-post","status-publish","format-standard","has-post-thumbnail","hentry","category-sin-categoria"],"acf":{"ser_id":"N5HHUGHFKBH2NJ6N2PYIC6T2U4","ser_url":"https:\/\/cadenaser.com\/comunitat-valenciana\/2024\/10\/16\/toni-perez-sobre-eduardo-zaplana-fue-un-excelente-alcalde-de-benidorm-radio-benidorm\/"},"_links":{"self":[{"href":"https:\/\/serbenidorm.daliisolutions.com\/index.php\/wp-json\/wp\/v2\/posts\/9439","targetHints":{"allow":["GET"]}}],"collection":[{"href":"https:\/\/serbenidorm.daliisolutions.com\/index.php\/wp-json\/wp\/v2\/posts"}],"about":[{"href":"https:\/\/serbenidorm.daliisolutions.com\/index.php\/wp-json\/wp\/v2\/types\/post"}],"replies":[{"embeddable":true,"href":"https:\/\/serbenidorm.daliisolutions.com\/index.php\/wp-json\/wp\/v2\/comments?post=9439"}],"version-history":[{"count":0,"href":"https:\/\/serbenidorm.daliisolutions.com\/index.php\/wp-json\/wp\/v2\/posts\/9439\/revisions"}],"wp:featuredmedia":[{"embeddable":true,"href":"https:\/\/serbenidorm.daliisolutions.com\/index.php\/wp-json\/wp\/v2\/media\/9440"}],"wp:attachment":[{"href":"https:\/\/serbenidorm.daliisolutions.com\/index.php\/wp-json\/wp\/v2\/media?parent=9439"}],"wp:term":[{"taxonomy":"category","embeddable":true,"href":"https:\/\/serbenidorm.daliisolutions.com\/index.php\/wp-json\/wp\/v2\/categories?post=9439"},{"taxonomy":"post_tag","embeddable":true,"href":"https:\/\/serbenidorm.daliisolutions.com\/index.php\/wp-json\/wp\/v2\/tags?post=9439"}],"curies":[{"name":"wp","href":"https:\/\/api.w.org\/{rel}","templated":true}]}}