{"id":9458,"date":"2024-10-17T07:07:40","date_gmt":"2024-10-17T05:07:40","guid":{"rendered":"https:\/\/serbenidorm.daliisolutions.com\/index.php\/2024\/10\/17\/el-alcalde-de-benidorm-descarta-la-declaracion-de-zonas-tensionadas-para-limitar-el-precio-del-alquiler\/"},"modified":"2024-10-17T07:07:40","modified_gmt":"2024-10-17T05:07:40","slug":"el-alcalde-de-benidorm-descarta-la-declaracion-de-zonas-tensionadas-para-limitar-el-precio-del-alquiler","status":"publish","type":"post","link":"https:\/\/serbenidorm.daliisolutions.com\/index.php\/2024\/10\/17\/el-alcalde-de-benidorm-descarta-la-declaracion-de-zonas-tensionadas-para-limitar-el-precio-del-alquiler\/","title":{"rendered":"El alcalde de Benidorm descarta la declaraci\u00f3n de zonas tensionadas para limitar el precio del alquiler"},"content":{"rendered":"  <p>Benidorm<\/p>   <p>El alcalde de Benidorm, Toni P\u00e9rez, ha descartado este mi\u00e9rcoles la posibilidad de declarar en la ciudad alguna zona que se pueda considerar tensionada por los precios de los alquileres y <a href=\"https:\/\/cadenaser.com\/tag\/benidorm\/a\/\" target=\"_blank\" rel=\"noopener\">ha abogado por afrontar el problema de la vivienda en la capital tur\u00edstica sin intervenir el mercado y mediante la construcci\u00f3n de vivienda<\/a>.<\/p>   <p>Reflexiones que el primer edil ha compartido con empresarios en el marco de un desayuno informativo organizado por Executive Forum en Madrid al ser preguntado por la limitaci\u00f3n de los alquileres: \u00abM\u00e1ximo respeto por la propiedad privada, y promoci\u00f3n de vivienda para atender esa demanda\u00bb.<\/p>  <p><p>M\u00e1s informaci\u00f3n<\/p><figure><img loading=\"lazy\" decoding=\"async\" src=\"https:\/\/cadenaser.com\/resizer\/v2\/BDDFNUAYPNB33HZVMSSFY6GT2M.jpg?auth=a05ac6882231ad6f602853b4533c254a10f57698e85344ad037bbaf8ff9cb99b&amp;quality=70&amp;width=360&amp;height=202&amp;smart=true\" width=\"820\" height=\"621\" \/><\/figure><ul><li><a href=\"https:\/\/cadenaser.com\/comunitat-valenciana\/2024\/10\/14\/los-alquileres-se-disparan-en-benidorm-casi-un-20-en-el-ultimo-ano-radio-benidorm\/\"><span>Los alquileres se disparan en Benidorm casi un 20 % en el \u00faltimo a\u00f1o<\/span><\/a><\/li><\/ul><\/p>   <p>\u00abDesde luego la soluci\u00f3n no son los topes ni las limitaciones que persiguen desde un punto de vista ideol\u00f3gico limitar la capacidad del ser humano para desarrollar su oportunidad de vida\u00bb, ha insistido P\u00e9rez antes de hacer una defensa del modelo urban\u00edstico en altura.<\/p>   <p>La declaraci\u00f3n de zona tensionada, que solo pueden efectuar las comunidades aut\u00f3nomas, permite a los ayuntamientos establecer restricciones a los aumentos del alquiler y limitar las rentas de los grandes propietarios a lo que marca el Indice de Precios de Referencia.<\/p>   <p>Requisitos de la zona tensionada<\/p>   <p>El requisito para que un municipio pueda ser declarado zona de mercado residencial tensionado es que el coste medio de la hipoteca o el alquiler m\u00e1s los gastos y suministros b\u00e1sicos supere el 30 % de la renta media de los hogares o que el precio de compra o alquiler haya aumentado al menos tres puntos por encima del IPC en los cinco a\u00f1os anteriores.<\/p>   <p>     .c-w{         max-width:444px;         width:100%;         margin:32px auto;      background:#00755E;         border-radius:4px;         display:flex;         align-items:center;         justify-content:center;     }     .c-w a{         display:flex;         align-items:center;         justify-content:center;         padding:4px 24px;     }     .c-w img{         width:24px;         margin-right:12px;     }     .c-w p{         font:18px\/25px Poppins;         text-align:center;         color:#fff;         margin:0;     }     @media (max-width:444px){         .c-w a{             padding:4px 12px;         }         .c-w img{             width:24px;             margin-right:8px;         }         .c-w p{             font:14px\/25px Poppins;         }     }     @media (max-width:335px){         .c-w p{             font:13px\/25px Poppins;         }     }  <div class=\"c-w\">     <a href=\"https:\/\/www.whatsapp.com\/channel\/0029Va633PF9WtC4l7XUzh1e\" target=\"_blank\" rel=\"noopener\">         <img decoding=\"async\" src=\"https:\/\/cadenaser.com\/estaticos\/recursosgraficos\/responsive\/img\/ico-whatsapp.svg\" alt=\"Whatsapp\">         <p>\u00danete al <b>canal de WhatsApp<\/b> de la SER<\/p>     <\/a> <\/div><\/p>   <p>Seg\u00fan el \u00faltimo informe del portal inmobiliario Fotocasa las rentas se han disparado en Benidorm casi un 20 % solo en el \u00faltimo a\u00f1o hasta superar los 16 euros el metro cuadrado; es decir, el alquiler de una vivienda de 100 metros costar\u00eda de media 1.600 euros. <\/p>   <p>Unos precios privativos que se est\u00e1n acercando a las zonas m\u00e1s caras de Espa\u00f1a como Madrid, Catalu\u00f1a o Baleares. Sin embargo, el alcalde de Benidorm se ha mostrado rotundo: \u00abNo s\u00e9 por qu\u00e9 motivo \u00edbamos a declarar ning\u00fan punto tensionado para la vivienda\u00bb.<\/p> ","protected":false},"excerpt":{"rendered":"<p>Seg\u00fan Fotocasa el precio medio del alquiler ha subido un 19,5 % en la ciudad durante el \u00faltimo a\u00f1o<\/p>\n","protected":false},"author":0,"featured_media":9459,"comment_status":"open","ping_status":"open","sticky":false,"template":"","format":"standard","meta":{"_acf_changed":false,"footnotes":""},"categories":[1],"tags":[],"class_list":["post-9458","post","type-post","status-publish","format-standard","has-post-thumbnail","hentry","category-sin-categoria"],"acf":{"ser_id":"FSOWAXSNL5C2BCU3C63MZYNFL4","ser_url":"https:\/\/cadenaser.com\/comunitat-valenciana\/2024\/10\/16\/el-alcalde-de-benidorm-descarta-la-declaracion-de-zonas-tensionadas-para-limitar-el-precio-del-alquiler-radio-benidorm\/"},"_links":{"self":[{"href":"https:\/\/serbenidorm.daliisolutions.com\/index.php\/wp-json\/wp\/v2\/posts\/9458","targetHints":{"allow":["GET"]}}],"collection":[{"href":"https:\/\/serbenidorm.daliisolutions.com\/index.php\/wp-json\/wp\/v2\/posts"}],"about":[{"href":"https:\/\/serbenidorm.daliisolutions.com\/index.php\/wp-json\/wp\/v2\/types\/post"}],"replies":[{"embeddable":true,"href":"https:\/\/serbenidorm.daliisolutions.com\/index.php\/wp-json\/wp\/v2\/comments?post=9458"}],"version-history":[{"count":0,"href":"https:\/\/serbenidorm.daliisolutions.com\/index.php\/wp-json\/wp\/v2\/posts\/9458\/revisions"}],"wp:featuredmedia":[{"embeddable":true,"href":"https:\/\/serbenidorm.daliisolutions.com\/index.php\/wp-json\/wp\/v2\/media\/9459"}],"wp:attachment":[{"href":"https:\/\/serbenidorm.daliisolutions.com\/index.php\/wp-json\/wp\/v2\/media?parent=9458"}],"wp:term":[{"taxonomy":"category","embeddable":true,"href":"https:\/\/serbenidorm.daliisolutions.com\/index.php\/wp-json\/wp\/v2\/categories?post=9458"},{"taxonomy":"post_tag","embeddable":true,"href":"https:\/\/serbenidorm.daliisolutions.com\/index.php\/wp-json\/wp\/v2\/tags?post=9458"}],"curies":[{"name":"wp","href":"https:\/\/api.w.org\/{rel}","templated":true}]}}