{"id":9460,"date":"2024-10-17T07:07:41","date_gmt":"2024-10-17T05:07:41","guid":{"rendered":"https:\/\/serbenidorm.daliisolutions.com\/index.php\/2024\/10\/17\/estas-seran-las-nuevas-normas-durante-las-fiestas-de-benidorm\/"},"modified":"2024-10-17T07:07:41","modified_gmt":"2024-10-17T05:07:41","slug":"estas-seran-las-nuevas-normas-durante-las-fiestas-de-benidorm","status":"publish","type":"post","link":"https:\/\/serbenidorm.daliisolutions.com\/index.php\/2024\/10\/17\/estas-seran-las-nuevas-normas-durante-las-fiestas-de-benidorm\/","title":{"rendered":"Estas ser\u00e1n las nuevas normas durante las fiestas de Benidorm"},"content":{"rendered":"  <p>Benidorm<\/p>   <p>El Ayuntamiento de Benidorm ha trasladado a los pe\u00f1istas de la ciudad las nuevas medidas de seguridad que se van a empezar a aplicar en las pr\u00f3ximas Festes Majors Patronals que este a\u00f1o se celebrar\u00e1n del 8 al 13 de noviembre. <\/p>   <p>Entre las novedades el bando ha incorporado este a\u00f1o la prohibici\u00f3n del disparo recreativo de artefactos pirot\u00e9cnicos de categor\u00eda F1, F2 y F3 desde las 14.30 horas hasta las 16.30 horas y a partir de las 2 de la madrugada hasta las 10 de la ma\u00f1ana con la excepci\u00f3n de los eventos pirot\u00e9cnicos organizados por la Comissi\u00f3 de Festes Majors Patronals, Associaci\u00f3 de Penyes Verge del Sofratge y el propio consistorio.<\/p>  <p><p>M\u00e1s informaci\u00f3n<\/p><figure><img loading=\"lazy\" decoding=\"async\" src=\"https:\/\/cadenaser.com\/resizer\/v2\/BDDFNUAYPNB33HZVMSSFY6GT2M.jpg?auth=a05ac6882231ad6f602853b4533c254a10f57698e85344ad037bbaf8ff9cb99b&amp;quality=70&amp;width=360&amp;height=202&amp;smart=true\" width=\"820\" height=\"621\" \/><\/figure><ul><li><a href=\"https:\/\/cadenaser.com\/comunitat-valenciana\/2024\/10\/14\/los-alquileres-se-disparan-en-benidorm-casi-un-20-en-el-ultimo-ano-radio-benidorm\/\"><span>Los alquileres se disparan en Benidorm casi un 20 % en el \u00faltimo a\u00f1o<\/span><\/a><\/li><\/ul><\/p>   <p>Asimismo, otra de las novedades con respecto a a\u00f1os anteriores tiene que ver con los locales de las pe\u00f1as. Seg\u00fan ha explicado el concejal de Seguridad Jes\u00fas Carrobles \u201c<a href=\"https:\/\/cadenaser.com\/tag\/benidorm\/a\/\" target=\"_blank\" rel=\"noopener\">mantenemos la obligaci\u00f3n de que las pe\u00f1as cesen la emisi\u00f3n de m\u00fasica a las 4 de la madrugada y se introduce la obligaci\u00f3n del cierre total de la pe\u00f1a a partir de las 6 de la ma\u00f1ana, principalmente para facilitar la labor de los servicios de limpieza<\/a>\u201d.<\/p>   <p>Por su parte, la concejal de Fiestas, Maril\u00f3 Cebreros, ha recordado que \u201cel pr\u00f3ximo viernes, 25 de octubre, finaliza el plazo para que las pe\u00f1as no asociadas puedan presentar toda la documentaci\u00f3n necesaria para obtener licencia como sede festera tipo B y poder abrir un local durante\u00a0las pr\u00f3ximas Festes Majors Patronals\u201d y ha avanzado su deseo de que tanto el pr\u00f3ximo Dia de les Penyes como los d\u00edas grandes de la ciudad, \u201ccomo ya ha ocurrido en la gran mayor\u00eda de actos que ha vivido el colectivo pe\u00f1ista durante este a\u00f1o, sean de nuevo un ejemplo de fiesta y convivencia y todo transcurra con \u00e9xito\u201d.<\/p>   <p>Sobre este \u2018Dia de les Penyes\u2019 Carrobles tambi\u00e9n ha se\u00f1alado que, como en a\u00f1os anteriores, el Auditorio Julio Iglesias del Parque de l\u2019Aig\u00fcera \u201cdispondr\u00e1 de vigilancia y control de aforo para garantizar que dentro de este recinto todo transcurra sin incidentes\u201d y ha indicado que \u201ca partir de las 21 horas el acceso al auditorio estar\u00e1 regulado y restringido a pe\u00f1istas con pulsera\u201d.<\/p>   <p>     .c-w{         max-width:444px;         width:100%;         margin:32px auto;      background:#00755E;         border-radius:4px;         display:flex;         align-items:center;         justify-content:center;     }     .c-w a{         display:flex;         align-items:center;         justify-content:center;         padding:4px 24px;     }     .c-w img{         width:24px;         margin-right:12px;     }     .c-w p{         font:18px\/25px Poppins;         text-align:center;         color:#fff;         margin:0;     }     @media (max-width:444px){         .c-w a{             padding:4px 12px;         }         .c-w img{             width:24px;             margin-right:8px;         }         .c-w p{             font:14px\/25px Poppins;         }     }     @media (max-width:335px){         .c-w p{             font:13px\/25px Poppins;         }     }  <div class=\"c-w\">     <a href=\"https:\/\/www.whatsapp.com\/channel\/0029Va633PF9WtC4l7XUzh1e\" target=\"_blank\" rel=\"noopener\">         <img decoding=\"async\" src=\"https:\/\/cadenaser.com\/estaticos\/recursosgraficos\/responsive\/img\/ico-whatsapp.svg\" alt=\"Whatsapp\">         <p>\u00danete al <b>canal de WhatsApp<\/b> de la SER<\/p>     <\/a> <\/div><\/p> ","protected":false},"excerpt":{"rendered":"<p>El bando festero proh\u00edbe el disparo recreativo de petardos entre las 14.30 y las 16.30 horas y a partir de las 2 de la madrugada y obliga al cierre total de locales a 6 de la ma\u00f1ana<\/p>\n","protected":false},"author":0,"featured_media":9461,"comment_status":"open","ping_status":"open","sticky":false,"template":"","format":"standard","meta":{"_acf_changed":false,"footnotes":""},"categories":[1],"tags":[],"class_list":["post-9460","post","type-post","status-publish","format-standard","has-post-thumbnail","hentry","category-sin-categoria"],"acf":{"ser_id":"EPBVDRCXGFCIRKANG5KODYPYNA","ser_url":"https:\/\/cadenaser.com\/comunitat-valenciana\/2024\/10\/16\/estas-son-las-nuevas-normas-durante-las-fiestas-de-benidorm-radio-benidorm\/"},"_links":{"self":[{"href":"https:\/\/serbenidorm.daliisolutions.com\/index.php\/wp-json\/wp\/v2\/posts\/9460","targetHints":{"allow":["GET"]}}],"collection":[{"href":"https:\/\/serbenidorm.daliisolutions.com\/index.php\/wp-json\/wp\/v2\/posts"}],"about":[{"href":"https:\/\/serbenidorm.daliisolutions.com\/index.php\/wp-json\/wp\/v2\/types\/post"}],"replies":[{"embeddable":true,"href":"https:\/\/serbenidorm.daliisolutions.com\/index.php\/wp-json\/wp\/v2\/comments?post=9460"}],"version-history":[{"count":0,"href":"https:\/\/serbenidorm.daliisolutions.com\/index.php\/wp-json\/wp\/v2\/posts\/9460\/revisions"}],"wp:featuredmedia":[{"embeddable":true,"href":"https:\/\/serbenidorm.daliisolutions.com\/index.php\/wp-json\/wp\/v2\/media\/9461"}],"wp:attachment":[{"href":"https:\/\/serbenidorm.daliisolutions.com\/index.php\/wp-json\/wp\/v2\/media?parent=9460"}],"wp:term":[{"taxonomy":"category","embeddable":true,"href":"https:\/\/serbenidorm.daliisolutions.com\/index.php\/wp-json\/wp\/v2\/categories?post=9460"},{"taxonomy":"post_tag","embeddable":true,"href":"https:\/\/serbenidorm.daliisolutions.com\/index.php\/wp-json\/wp\/v2\/tags?post=9460"}],"curies":[{"name":"wp","href":"https:\/\/api.w.org\/{rel}","templated":true}]}}