{"id":9462,"date":"2024-10-17T07:07:43","date_gmt":"2024-10-17T05:07:43","guid":{"rendered":"https:\/\/serbenidorm.daliisolutions.com\/index.php\/2024\/10\/17\/del-18-al-27-de-octubre-la-vila-joiosa-celebra-su-setmana-de-larros-con-la-participacion-de-diez-establecimientos\/"},"modified":"2024-10-17T07:07:43","modified_gmt":"2024-10-17T05:07:43","slug":"del-18-al-27-de-octubre-la-vila-joiosa-celebra-su-setmana-de-larros-con-la-participacion-de-diez-establecimientos","status":"publish","type":"post","link":"https:\/\/serbenidorm.daliisolutions.com\/index.php\/2024\/10\/17\/del-18-al-27-de-octubre-la-vila-joiosa-celebra-su-setmana-de-larros-con-la-participacion-de-diez-establecimientos\/","title":{"rendered":"Del 18 al 27 de octubre La Vila  Joiosa celebra su Setmana de L&#8217;Arr\u00f2s con la participaci\u00f3n de diez establecimientos"},"content":{"rendered":"  <p>La Vila Joiosa<\/p>   <p>La Vila Joiosa volver\u00e1 a poner en valor su gastronom\u00eda y el producto local con una nueva edici\u00f3n de la Setmana de l\u2019Arr\u00f2s que se celebrar\u00e1 del 18 al 27 de octubre.<\/p>   <p>10 establecimientos participan en estas jornadas gastron\u00f3micas que ofrecer\u00e1n men\u00fas al precio de 35 euros con el arroz como plato protagonista. Los restaurantes participantes son Hogar del Pescador, Ca Marta, El P\u00f2sit, Taverna Tres14 by Pinet, El Tr\u00e9bol, Made, DRoca, El N\u00e0utic, Cabannon by Samoki y Kyomu Izakaya. Los men\u00fas de cada uno de los restaurantes est\u00e1n disponibles en la web corporativa y en la de Turismo Villajoyosa.<\/p>   <p>Tal y como ha explicado en Hoy por Hoy Benidorm la edil de Comercio y Turismo, Rosa LLorca, \u00abesta es una de las actividades que se engloban dentro de La Vila Gastron\u00f3mica con la que queremos potenciar la excelente oferta gastron\u00f3mica de los restaurantes del municipio e incentivar una demanda provincial\u00bb.<\/p>   <p>Adem\u00e1s Llorca tambi\u00e9n ha avanzado que desde su Concejal\u00eda ya se est\u00e1 trabajando en la nueva edici\u00f3n La Xocolat\u00edssima \u00abdonde daremos protagonismo a ese producto tan nuestros que es el chocolate y las industrias que lo producen en nuestro municipio\u00bb y que llegar\u00e1 a La Vila Joiosa en el mes de noviembre.<\/p> ","protected":false},"excerpt":{"rendered":"<p>Men\u00fas a 35 euros con el arroz como plato principal bajo el paraguas de la marca La Vila Gastron\u00f3mica<\/p>\n","protected":false},"author":0,"featured_media":9463,"comment_status":"open","ping_status":"open","sticky":false,"template":"","format":"standard","meta":{"_acf_changed":false,"footnotes":""},"categories":[1],"tags":[],"class_list":["post-9462","post","type-post","status-publish","format-standard","has-post-thumbnail","hentry","category-sin-categoria"],"acf":{"ser_id":"VTO4DU7JXJB7NPQFHJF7YMSCPM","ser_url":"https:\/\/cadenaser.com\/comunitat-valenciana\/2024\/10\/16\/del-18-al-27-de-octubre-la-vila-joiosa-celebra-su-setmana-de-larros-con-la-participacion-de-diez-establecimientos-radio-benidorm\/"},"_links":{"self":[{"href":"https:\/\/serbenidorm.daliisolutions.com\/index.php\/wp-json\/wp\/v2\/posts\/9462","targetHints":{"allow":["GET"]}}],"collection":[{"href":"https:\/\/serbenidorm.daliisolutions.com\/index.php\/wp-json\/wp\/v2\/posts"}],"about":[{"href":"https:\/\/serbenidorm.daliisolutions.com\/index.php\/wp-json\/wp\/v2\/types\/post"}],"replies":[{"embeddable":true,"href":"https:\/\/serbenidorm.daliisolutions.com\/index.php\/wp-json\/wp\/v2\/comments?post=9462"}],"version-history":[{"count":0,"href":"https:\/\/serbenidorm.daliisolutions.com\/index.php\/wp-json\/wp\/v2\/posts\/9462\/revisions"}],"wp:featuredmedia":[{"embeddable":true,"href":"https:\/\/serbenidorm.daliisolutions.com\/index.php\/wp-json\/wp\/v2\/media\/9463"}],"wp:attachment":[{"href":"https:\/\/serbenidorm.daliisolutions.com\/index.php\/wp-json\/wp\/v2\/media?parent=9462"}],"wp:term":[{"taxonomy":"category","embeddable":true,"href":"https:\/\/serbenidorm.daliisolutions.com\/index.php\/wp-json\/wp\/v2\/categories?post=9462"},{"taxonomy":"post_tag","embeddable":true,"href":"https:\/\/serbenidorm.daliisolutions.com\/index.php\/wp-json\/wp\/v2\/tags?post=9462"}],"curies":[{"name":"wp","href":"https:\/\/api.w.org\/{rel}","templated":true}]}}