{"id":9464,"date":"2024-10-17T07:07:43","date_gmt":"2024-10-17T05:07:43","guid":{"rendered":"https:\/\/serbenidorm.daliisolutions.com\/index.php\/2024\/10\/17\/anemona-conmemora-en-benidorm-el-dia-mundial-de-la-lucha-contra-el-cancer-de-mama-el-19-de-octubre\/"},"modified":"2024-10-17T07:07:43","modified_gmt":"2024-10-17T05:07:43","slug":"anemona-conmemora-en-benidorm-el-dia-mundial-de-la-lucha-contra-el-cancer-de-mama-el-19-de-octubre","status":"publish","type":"post","link":"https:\/\/serbenidorm.daliisolutions.com\/index.php\/2024\/10\/17\/anemona-conmemora-en-benidorm-el-dia-mundial-de-la-lucha-contra-el-cancer-de-mama-el-19-de-octubre\/","title":{"rendered":"An\u00e9mona conmemora en Benidorm el Dia Mundial de la lucha contra el C\u00e1ncer de Mama el 19 de octubre"},"content":{"rendered":"  <p>Benidorm<\/p>   <p>El grupo de autoayuda para mujeres con c\u00e1ncer de mama, An\u00e9mona, ha organizado una nueva edici\u00f3n de su Marcha Solidaria y la lectura de un manifiesto para conmemorar el D\u00eda Mundial de la lucha contra el C\u00e1ncer de Mama. El d\u00eda se celebra el 19 de octubre pero An\u00e9mona y la Concejal\u00eda de Bienestar Social han organizado actos para todo el fin de semana.<\/p>   <p>Ya el pasado martes, como primer acto conmemorativo, se coloc\u00f3 un lazo rosa en los jardines del Ayuntamiento que quedar\u00e1 visible hasta este domingo.  Durante toda la semana se van a desplegar pancartas con el lazo rosa en numerosas localidades de la comarca, como actos previos al 19 de octubre.<\/p>   <p>Llegado el s\u00e1bado, D\u00eda Mundial del C\u00e1ncer de Mama, la jornada arrancar\u00e1 a las 10 horas en el Club N\u00e1utico de Benidorm, donde se celebrar\u00e1n las \u2018100 Paladas\u2019 de la Liga SUMA de remo. Por la tarde, a las 19 horas, en el Sal\u00f3n de Actos del Ayuntamiento de Benidorm habr\u00e1 un recital de piano y danza, tras el cual Ana Tom\u00e1s, directora del IES L\u2019Almadrava, leer\u00e1 el manifiesto oficial de este a\u00f1o, redactado por FECMA, la Federaci\u00f3n Espa\u00f1ola de C\u00e1ncer de Mama, y al que est\u00e1n adheridas las 47 asociaciones de afectadas de todo el pa\u00eds, tal y como ha explicado la presidenta de An\u00e9mona.<\/p>   <p>Para el domingo An\u00e9mona ha vuelto a convocar a toda la sociedad benidormense para participar en la XXII Marcha Solidaria de An\u00e9mona. \u00abQueremos volver a te\u00f1ir de rosa las calles de Benidorm en una marcha que puede hacer todo el mundo, que servir\u00e1 para reivindicar este d\u00eda  y tambi\u00e9n para sentirnos acompa\u00f1adas en una jornada que pretende ser reivindicativa pero tambi\u00e9n festiva\u00bb ha explicado en <a href=\"\/\/radiobenidorm.es\" rel=\"nofollow noopener\" target=\"_blank\">Hoy por Hoy Benidorm<\/a> Mar\u00eda Botella, presidenta de An\u00e9mona. Botella ha estado acompa\u00f1ada por la edil de Bienestar Social, \u00c1ngela Zaragoz\u00ed, la secretaria de An\u00e9mona, Encarna Zafra, y la vocal de la junta directiva del colectivo, Elena Gozalvez. Todas ellas han animado a los Benidormenses a \u00abvenir el domingo con toda la familia a disfrutar de la marcha\u00bb. <\/p>   <p>La marcha partir\u00e1 a las 10 de la ma\u00f1ana desde la plaza de SS MM los Reyes de Espa\u00f1a, en la que se prev\u00e9 que la participaci\u00f3n sea masiva, y recorrer\u00e1 las calles Herrer\u00edas, Passeig de la Carretera, Alcalde Jos\u00e9 Such, Armada Espa\u00f1ola y Vicente Llorca Al\u00f3s, hasta llegar al Paseo de Tamarindos, para volver en sentido contrario tras un peque\u00f1o avituallamiento. <\/p>   <p>     .c-w{         max-width:444px;         width:100%;         margin:32px auto;      background:#00755E;         border-radius:4px;         display:flex;         align-items:center;         justify-content:center;     }     .c-w a{         display:flex;         align-items:center;         justify-content:center;         padding:4px 24px;     }     .c-w img{         width:24px;         margin-right:12px;     }     .c-w p{         font:18px\/25px Poppins;         text-align:center;         color:#fff;         margin:0;     }     @media (max-width:444px){         .c-w a{             padding:4px 12px;         }         .c-w img{             width:24px;             margin-right:8px;         }         .c-w p{             font:14px\/25px Poppins;         }     }     @media (max-width:335px){         .c-w p{             font:13px\/25px Poppins;         }     }  <div class=\"c-w\">     <a href=\"https:\/\/www.whatsapp.com\/channel\/0029Va633PF9WtC4l7XUzh1e\" target=\"_blank\" rel=\"noopener\">         <img decoding=\"async\" src=\"https:\/\/cadenaser.com\/estaticos\/recursosgraficos\/responsive\/img\/ico-whatsapp.svg\" alt=\"Whatsapp\">         <p>\u00danete al <b>canal de WhatsApp<\/b> de la SER<\/p>     <\/a> <\/div><\/p>   <p>Una vez finalizada la marcha, en la plaza del ayuntamiento habr\u00e1 una sesi\u00f3n de \u2018zumba\u2019 para los participantes, as\u00ed como barras con refrescos y montaditos, as\u00ed como degustaci\u00f3n de arroces y de jam\u00f3n donados por restaurantes colaboradores, que podr\u00e1n adquirirse a precios populares.<\/p>   <p>La asociaci\u00f3n contin\u00faa vendiendo las camisetas solidarias para participar en esta marcha, que tienen un precio de 12 euros y se pueden encontrar tanto en la sede de la agrupaci\u00f3n como en distintos puestos y comercios colaboradores de Benidorm y otros puntos de la comarca. El mismo domingo tambi\u00e9n se instalar\u00e1n distintos puntos de venta de estas camisetas.<\/p>   <p>Toda la recaudaci\u00f3n de esta jornada se destinar\u00e1 a financiar la actividad terap\u00e9utica que presta la asociaci\u00f3n y tambi\u00e9n las investigaciones que desarrolla Geicam, el grupo l\u00edder en investigaci\u00f3n en c\u00e1ncer de mama en Espa\u00f1a. <\/p> ","protected":false},"excerpt":{"rendered":"<p>El d\u00eda 19 se dar\u00e1 lectura a un manifiesto y el domingo 20 de octubre se celebrar\u00e1 una nueva edici\u00f3n del a Marcha Solidaria que te\u00f1ir\u00e1 de rosa la primera l\u00ednea del Paseo de Poniente<\/p>\n","protected":false},"author":0,"featured_media":9465,"comment_status":"open","ping_status":"open","sticky":false,"template":"","format":"standard","meta":{"_acf_changed":false,"footnotes":""},"categories":[1],"tags":[],"class_list":["post-9464","post","type-post","status-publish","format-standard","has-post-thumbnail","hentry","category-sin-categoria"],"acf":{"ser_id":"5HZFKQFBPJHVBH2LTWOKPSYGNQ","ser_url":"https:\/\/cadenaser.com\/comunitat-valenciana\/2024\/10\/16\/anemona-conmemora-en-benidorm-el-dia-mundial-de-la-lucha-contra-el-cancer-de-mama-el-19-de-octubre-radio-benidorm\/"},"_links":{"self":[{"href":"https:\/\/serbenidorm.daliisolutions.com\/index.php\/wp-json\/wp\/v2\/posts\/9464","targetHints":{"allow":["GET"]}}],"collection":[{"href":"https:\/\/serbenidorm.daliisolutions.com\/index.php\/wp-json\/wp\/v2\/posts"}],"about":[{"href":"https:\/\/serbenidorm.daliisolutions.com\/index.php\/wp-json\/wp\/v2\/types\/post"}],"replies":[{"embeddable":true,"href":"https:\/\/serbenidorm.daliisolutions.com\/index.php\/wp-json\/wp\/v2\/comments?post=9464"}],"version-history":[{"count":0,"href":"https:\/\/serbenidorm.daliisolutions.com\/index.php\/wp-json\/wp\/v2\/posts\/9464\/revisions"}],"wp:featuredmedia":[{"embeddable":true,"href":"https:\/\/serbenidorm.daliisolutions.com\/index.php\/wp-json\/wp\/v2\/media\/9465"}],"wp:attachment":[{"href":"https:\/\/serbenidorm.daliisolutions.com\/index.php\/wp-json\/wp\/v2\/media?parent=9464"}],"wp:term":[{"taxonomy":"category","embeddable":true,"href":"https:\/\/serbenidorm.daliisolutions.com\/index.php\/wp-json\/wp\/v2\/categories?post=9464"},{"taxonomy":"post_tag","embeddable":true,"href":"https:\/\/serbenidorm.daliisolutions.com\/index.php\/wp-json\/wp\/v2\/tags?post=9464"}],"curies":[{"name":"wp","href":"https:\/\/api.w.org\/{rel}","templated":true}]}}