{"id":9466,"date":"2024-10-17T07:07:45","date_gmt":"2024-10-17T05:07:45","guid":{"rendered":"https:\/\/serbenidorm.daliisolutions.com\/index.php\/2024\/10\/17\/la-barra-libre-toque-de-atencion-al-balonmano-benidorm-en-valladolid\/"},"modified":"2024-10-17T07:07:45","modified_gmt":"2024-10-17T05:07:45","slug":"la-barra-libre-toque-de-atencion-al-balonmano-benidorm-en-valladolid","status":"publish","type":"post","link":"https:\/\/serbenidorm.daliisolutions.com\/index.php\/2024\/10\/17\/la-barra-libre-toque-de-atencion-al-balonmano-benidorm-en-valladolid\/","title":{"rendered":"La Barra Libre: Toque de atenci\u00f3n al Balonmano Benidorm en Valladolid"},"content":{"rendered":"  <p>Benidorm<\/p>   <p>Tras la derrota cosechada por el Servigroup Benidorm el pasado fin de semana en su cancha maldita de Valladolid, los especialistas de La Barra Libre de Radio Benidorm-SER han analizado ese partido que, han considerado, debe de servir como un toque de atenci\u00f3n para un equipo que, comparado con las jornadas anteriores, sufri\u00f3 m\u00e1s de la cuenta en defensa y estuvo falto de punter\u00eda en algunos momentos del choque.<\/p>   <p>Adem\u00e1s, Pedro Mu\u00f1oz, Carlos Grau y Josan Piqueres hablaron sobre ese duelo en la porter\u00eda que, una vez que se complete la recuperaci\u00f3n de Witkowski, deber\u00e1n de protagonizar el polaco y Robert Domenech, que se ha erigido como una de las grandes revelaciones de la Liga Asobal.<\/p> ","protected":false},"excerpt":{"rendered":"<p>Vuelve a escuchar el mejor an\u00e1lisis del balonmano local<\/p>\n","protected":false},"author":0,"featured_media":9467,"comment_status":"open","ping_status":"open","sticky":false,"template":"","format":"standard","meta":{"_acf_changed":false,"footnotes":""},"categories":[16],"tags":[],"class_list":["post-9466","post","type-post","status-publish","format-standard","has-post-thumbnail","hentry","category-deportes"],"acf":{"ser_id":"ZETNWBS4NBGJVMWGABS7QYBYYU","ser_url":"https:\/\/cadenaser.com\/comunitat-valenciana\/2024\/10\/16\/la-barra-libre-toque-de-atencion-al-balonmano-benidorm-en-valladolid-radio-benidorm\/"},"_links":{"self":[{"href":"https:\/\/serbenidorm.daliisolutions.com\/index.php\/wp-json\/wp\/v2\/posts\/9466","targetHints":{"allow":["GET"]}}],"collection":[{"href":"https:\/\/serbenidorm.daliisolutions.com\/index.php\/wp-json\/wp\/v2\/posts"}],"about":[{"href":"https:\/\/serbenidorm.daliisolutions.com\/index.php\/wp-json\/wp\/v2\/types\/post"}],"replies":[{"embeddable":true,"href":"https:\/\/serbenidorm.daliisolutions.com\/index.php\/wp-json\/wp\/v2\/comments?post=9466"}],"version-history":[{"count":0,"href":"https:\/\/serbenidorm.daliisolutions.com\/index.php\/wp-json\/wp\/v2\/posts\/9466\/revisions"}],"wp:featuredmedia":[{"embeddable":true,"href":"https:\/\/serbenidorm.daliisolutions.com\/index.php\/wp-json\/wp\/v2\/media\/9467"}],"wp:attachment":[{"href":"https:\/\/serbenidorm.daliisolutions.com\/index.php\/wp-json\/wp\/v2\/media?parent=9466"}],"wp:term":[{"taxonomy":"category","embeddable":true,"href":"https:\/\/serbenidorm.daliisolutions.com\/index.php\/wp-json\/wp\/v2\/categories?post=9466"},{"taxonomy":"post_tag","embeddable":true,"href":"https:\/\/serbenidorm.daliisolutions.com\/index.php\/wp-json\/wp\/v2\/tags?post=9466"}],"curies":[{"name":"wp","href":"https:\/\/api.w.org\/{rel}","templated":true}]}}