{"id":9472,"date":"2024-10-17T12:05:20","date_gmt":"2024-10-17T10:05:20","guid":{"rendered":"https:\/\/serbenidorm.daliisolutions.com\/index.php\/2024\/10\/17\/el-club-balonmano-benidorm-renueva-a-leo-alonso-hasta-2026\/"},"modified":"2024-10-17T12:05:20","modified_gmt":"2024-10-17T10:05:20","slug":"el-club-balonmano-benidorm-renueva-a-leo-alonso-hasta-2026","status":"publish","type":"post","link":"https:\/\/serbenidorm.daliisolutions.com\/index.php\/2024\/10\/17\/el-club-balonmano-benidorm-renueva-a-leo-alonso-hasta-2026\/","title":{"rendered":"El Club Balonmano Benidorm renueva a Leo Alonso hasta 2026"},"content":{"rendered":"  <p>Benidorm<\/p>   <p>Leo Alonso ha sido operado esta semana de la lesi\u00f3n de hombro que ha provocado que el lateral c\u00e1ntabro del <a href=\"https:\/\/cadenaser.com\/tag\/club_balonmano_benidorm\/a\/\" target=\"_blank\" rel=\"noopener\">Servigroup Balonmano Benidorm<\/a> haya tenido que perderse todos los partidos disputados hasta la fecha por su equipo y que le va a mantener, en el mejor de los casos, otros seis meses en el dique seco.<\/p>   <p>Tras haber pasado por el quir\u00f3fano, Alonso inicia ahora un proceso de recuperaci\u00f3n que le va a llevar entre seis y ocho meses, por lo que parece muy poco probable que vaya a poder disputar partido alguno en <a href=\"https:\/\/cadenaser.com\/comunitat-valenciana\/2024\/08\/08\/todos-los-partidos-horarios-y-resultados-del-balonmano-servigroup-benidorm-radio-benidorm\/\" target=\"_blank\" rel=\"noopener\">la presente edici\u00f3n de la Liga Asobal, cuya \u00faltima jornada est\u00e1 prevista para el d\u00eda 31 de mayo de 2025<\/a>.<\/p>  <p><p>M\u00e1s informaci\u00f3n<\/p><figure><img loading=\"lazy\" decoding=\"async\" src=\"https:\/\/cadenaser.com\/resizer\/v2\/J7KCWB6SXNHCVLZ45MDSF2OG7Q.jpeg?auth=d6b1982d0e9432e297f9f57290e995e0fef5b000cc243de18e73dd95f117734f&amp;quality=70&amp;width=360&amp;height=202&amp;smart=true\" width=\"820\" height=\"621\" \/><\/figure><ul><li><a href=\"https:\/\/cadenaser.com\/comunitat-valenciana\/2024\/10\/16\/la-barra-libre-toque-de-atencion-al-balonmano-benidorm-en-valladolid-radio-benidorm\/\"><span>La Barra Libre: Toque de atenci\u00f3n al Balonmano Benidorm en Valladolid<\/span><\/a><\/li><\/ul><\/p>   <p>Pese a ese rev\u00e9s, el Club Balonmano Benidorm y Leo Alonso han llegado a un acuerdo para renovar su contrato por una temporada m\u00e1s, por lo que el jugador c\u00e1ntabro defender\u00e1 los intereses del equipo del Palau d\u2019Esports, al menos, hasta 2026.<\/p>   <p>Desde la entidad presidida por Jacobo Balongo se ha justificado esta decisi\u00f3n explicando que los responsables deportivos del Servigroup Benidorm est\u00e1n convencidos de que el jugador a\u00fan tiene mucho que aportar en la pista y est\u00e1n seguros de que volver\u00e1 a\u00fan m\u00e1s fuerte.<\/p>   <p>Leo es un jugador muy joven, de tan solo 23 a\u00f1os, que lleg\u00f3 al Club la temporada pasada desde el Blendio Sinf\u00edn, marcando 24 goles y convirti\u00e9ndose as\u00ed en un jugador importante para Sergio Carballeira por su aportaci\u00f3n tanto en ataque como en defensa.<\/p>   <p>     .c-w{         max-width:444px;         width:100%;         margin:32px auto;      background:#00755E;         border-radius:4px;         display:flex;         align-items:center;         justify-content:center;     }     .c-w a{         display:flex;         align-items:center;         justify-content:center;         padding:4px 24px;     }     .c-w img{         width:24px;         margin-right:12px;     }     .c-w p{         font:18px\/25px Poppins;         text-align:center;         color:#fff;         margin:0;     }     @media (max-width:444px){         .c-w a{             padding:4px 12px;         }         .c-w img{             width:24px;             margin-right:8px;         }         .c-w p{             font:14px\/25px Poppins;         }     }     @media (max-width:335px){         .c-w p{             font:13px\/25px Poppins;         }     }  <div class=\"c-w\">     <a href=\"https:\/\/www.whatsapp.com\/channel\/0029Va633PF9WtC4l7XUzh1e\" target=\"_blank\" rel=\"noopener\">         <img decoding=\"async\" src=\"https:\/\/cadenaser.com\/estaticos\/recursosgraficos\/responsive\/img\/ico-whatsapp.svg\" alt=\"Whatsapp\">         <p>\u00danete al <b>canal de WhatsApp<\/b> de la SER<\/p>     <\/a> <\/div><\/p> ","protected":false},"excerpt":{"rendered":"<p>El joven lateral acaba de ser operado y afronta ahora un periodo de recuperaci\u00f3n de entre seis y ocho meses<\/p>\n","protected":false},"author":0,"featured_media":9473,"comment_status":"open","ping_status":"open","sticky":false,"template":"","format":"standard","meta":{"_acf_changed":false,"footnotes":""},"categories":[16],"tags":[],"class_list":["post-9472","post","type-post","status-publish","format-standard","has-post-thumbnail","hentry","category-deportes"],"acf":{"ser_id":"CDRRVPFVZFHULCPQOMBZ6OGM3M","ser_url":"https:\/\/cadenaser.com\/comunitat-valenciana\/2024\/10\/17\/el-club-balonmano-benidorm-renueva-a-leo-alonso-hasta-2026-radio-benidorm\/"},"_links":{"self":[{"href":"https:\/\/serbenidorm.daliisolutions.com\/index.php\/wp-json\/wp\/v2\/posts\/9472","targetHints":{"allow":["GET"]}}],"collection":[{"href":"https:\/\/serbenidorm.daliisolutions.com\/index.php\/wp-json\/wp\/v2\/posts"}],"about":[{"href":"https:\/\/serbenidorm.daliisolutions.com\/index.php\/wp-json\/wp\/v2\/types\/post"}],"replies":[{"embeddable":true,"href":"https:\/\/serbenidorm.daliisolutions.com\/index.php\/wp-json\/wp\/v2\/comments?post=9472"}],"version-history":[{"count":0,"href":"https:\/\/serbenidorm.daliisolutions.com\/index.php\/wp-json\/wp\/v2\/posts\/9472\/revisions"}],"wp:featuredmedia":[{"embeddable":true,"href":"https:\/\/serbenidorm.daliisolutions.com\/index.php\/wp-json\/wp\/v2\/media\/9473"}],"wp:attachment":[{"href":"https:\/\/serbenidorm.daliisolutions.com\/index.php\/wp-json\/wp\/v2\/media?parent=9472"}],"wp:term":[{"taxonomy":"category","embeddable":true,"href":"https:\/\/serbenidorm.daliisolutions.com\/index.php\/wp-json\/wp\/v2\/categories?post=9472"},{"taxonomy":"post_tag","embeddable":true,"href":"https:\/\/serbenidorm.daliisolutions.com\/index.php\/wp-json\/wp\/v2\/tags?post=9472"}],"curies":[{"name":"wp","href":"https:\/\/api.w.org\/{rel}","templated":true}]}}