{"id":9477,"date":"2024-10-17T12:24:35","date_gmt":"2024-10-17T10:24:35","guid":{"rendered":"https:\/\/serbenidorm.daliisolutions.com\/index.php\/2024\/10\/17\/raul-mesa-esta-ha-sido-la-mejor-temporada-del-club\/"},"modified":"2024-10-17T12:24:35","modified_gmt":"2024-10-17T10:24:35","slug":"raul-mesa-esta-ha-sido-la-mejor-temporada-del-club","status":"publish","type":"post","link":"https:\/\/serbenidorm.daliisolutions.com\/index.php\/2024\/10\/17\/raul-mesa-esta-ha-sido-la-mejor-temporada-del-club\/","title":{"rendered":"Ra\u00fal Mesa: \u201cEsta ha sido la mejor temporada del club\u201d"},"content":{"rendered":"  <p>Benidorm<\/p>   <p>Apenas unos d\u00edas despu\u00e9s de cerrar por todo lo alto la temporada 2024 del Club V\u00f3ley Playa Poniente con <a href=\"https:\/\/cadenaser.com\/comunitat-valenciana\/2024\/10\/14\/benidorm-subcampeon-de-europa-de-voley-playa-radio-benidorm\/\">un magn\u00edfico subcampeonato en el Campeonato de Europa por clubes<\/a>, su m\u00e1ximo responsable y leyenda del deporte benidormense, Ra\u00fal Mesa, ha pasado por los estudios de <a href=\"https:\/\/cadenaser.com\/radio-benidorm\/ser-deportivos-benidorm\/\">Radio Benidorm-SER<\/a> para analizar la que \u00e9l mismo ha calificado como \u201cla mejor temporada\u201d de los once a\u00f1os de historia de la entidad.<\/p>   <p>Mesa, que ha adelantado en <a href=\"https:\/\/cadenaser.com\/radio-benidorm\/ser-deportivos-benidorm\/\">SER Deportivos Marina Baixa<\/a> que est\u00e1 ya dando forma a un proyecto para poder traer a Benidorm ese mismo Campeonato de Europa en 2025, ha defendido la labor del Club V\u00f3ley Playa Benidorm m\u00e1s all\u00e1 de lo meramente deportivo, sino tambi\u00e9n como elemento potenciador del turismo deportivo. En ese sentido, ha puesto como ejemplo el centenar de jugadores noruegos que van a pasar por las canchas de la playa de Poniente este mismo mes de octubre.<\/p>   <p>En cuanto a su trabajo con la base y la detecci\u00f3n de talento que pueda tomar el relevo del propio Ra\u00fal Mesa o de Liliana Fern\u00e1ndez-Steiner en el v\u00f3ley playa nacional, el 158 veces internacional ha alertado del problema que est\u00e1 generando la mala alimentaci\u00f3n entre los m\u00e1s j\u00f3venes.<\/p> ","protected":false},"excerpt":{"rendered":"<p>El hist\u00f3rico jugador benidormense capitanea ahora el proyecto del Club V\u00f3ley Playa Poniente<\/p>\n","protected":false},"author":0,"featured_media":9478,"comment_status":"open","ping_status":"open","sticky":false,"template":"","format":"standard","meta":{"_acf_changed":false,"footnotes":""},"categories":[16],"tags":[],"class_list":["post-9477","post","type-post","status-publish","format-standard","has-post-thumbnail","hentry","category-deportes"],"acf":{"ser_id":"VB2VZJ2MH5E47ESM67OUMBLUPE","ser_url":"https:\/\/cadenaser.com\/comunitat-valenciana\/2024\/10\/17\/raul-mesa-esta-ha-sido-la-mejor-temporada-del-club-radio-benidorm\/"},"_links":{"self":[{"href":"https:\/\/serbenidorm.daliisolutions.com\/index.php\/wp-json\/wp\/v2\/posts\/9477","targetHints":{"allow":["GET"]}}],"collection":[{"href":"https:\/\/serbenidorm.daliisolutions.com\/index.php\/wp-json\/wp\/v2\/posts"}],"about":[{"href":"https:\/\/serbenidorm.daliisolutions.com\/index.php\/wp-json\/wp\/v2\/types\/post"}],"replies":[{"embeddable":true,"href":"https:\/\/serbenidorm.daliisolutions.com\/index.php\/wp-json\/wp\/v2\/comments?post=9477"}],"version-history":[{"count":0,"href":"https:\/\/serbenidorm.daliisolutions.com\/index.php\/wp-json\/wp\/v2\/posts\/9477\/revisions"}],"wp:featuredmedia":[{"embeddable":true,"href":"https:\/\/serbenidorm.daliisolutions.com\/index.php\/wp-json\/wp\/v2\/media\/9478"}],"wp:attachment":[{"href":"https:\/\/serbenidorm.daliisolutions.com\/index.php\/wp-json\/wp\/v2\/media?parent=9477"}],"wp:term":[{"taxonomy":"category","embeddable":true,"href":"https:\/\/serbenidorm.daliisolutions.com\/index.php\/wp-json\/wp\/v2\/categories?post=9477"},{"taxonomy":"post_tag","embeddable":true,"href":"https:\/\/serbenidorm.daliisolutions.com\/index.php\/wp-json\/wp\/v2\/tags?post=9477"}],"curies":[{"name":"wp","href":"https:\/\/api.w.org\/{rel}","templated":true}]}}