{"id":9499,"date":"2024-10-17T19:33:23","date_gmt":"2024-10-17T17:33:23","guid":{"rendered":"https:\/\/serbenidorm.daliisolutions.com\/index.php\/2024\/10\/17\/las-festes-majors-patronals-2024-de-benidorm-ya-tienen-pregonero\/"},"modified":"2024-10-17T19:33:23","modified_gmt":"2024-10-17T17:33:23","slug":"las-festes-majors-patronals-2024-de-benidorm-ya-tienen-pregonero","status":"publish","type":"post","link":"https:\/\/serbenidorm.daliisolutions.com\/index.php\/2024\/10\/17\/las-festes-majors-patronals-2024-de-benidorm-ya-tienen-pregonero\/","title":{"rendered":"Las Festes Majors Patronals 2024 de Benidorm ya tienen pregonero"},"content":{"rendered":"  <p>Benidorm<\/p>   <p>Reconocimiento doble en el a\u00f1o de su jubilaci\u00f3n. El profesor, investigador y director musical <a href=\"https:\/\/cadenaser.com\/tag\/benidorm\/a\/\" target=\"_blank\" rel=\"noopener\">Juan Antonio Espinosa<\/a> ser\u00e1 el pregonero de las Festes Majors Patronals de Benidorm, que este a\u00f1o se celebran entre el 8 y el 13 de noviembre, como ha confirmado a <a href=\"https:\/\/cadenaser.com\/tag\/benidorm\/a\/\" target=\"_blank\" rel=\"noopener\">Radio Benidorm<\/a> la Comissi\u00f3 de Festes.<\/p>   <p>El pasado 9 d&#8217;Octubre, D\u00eda de la Comunitat Valenciana, Espinosa ya fue galardonado con la distinci\u00f3n cultural &#8216;Ciutat de Benidorm&#8217; durante un pleno institucional celebrado en el Castell. Entonces, el m\u00fasico ya explic\u00f3 en <a href=\"https:\/\/cadenaser.com\/tag\/comarca_la_marina_baixa\/a\/\" target=\"_blank\" rel=\"noopener\">La Ventana de la Marina Baixa <\/a>la emoci\u00f3n de que ese nombramiento coincidiese con \u00abel cierre de un periplo profesional importante\u00bb y de que le presentaran al concurso sus antecesores, los anteriores ganadores: \u00abMe halaga mucho\u00bb.<\/p>  <p><p>M\u00e1s informaci\u00f3n<\/p><figure><img loading=\"lazy\" decoding=\"async\" src=\"https:\/\/cadenaser.com\/resizer\/v2\/RMJMI4ZB4BOFTMZDB4JYVLL5W4.jpg?auth=55a90e7e079ad32e19386b7294f0f27792456fdc54f4af1087a5fa1cd8fad7bd&amp;quality=70&amp;width=360&amp;height=202&amp;smart=true\" width=\"820\" height=\"621\" \/><\/figure><ul><li><a href=\"https:\/\/cadenaser.com\/comunitat-valenciana\/2024\/10\/16\/estas-son-las-nuevas-normas-durante-las-fiestas-de-benidorm-radio-benidorm\/\"><span>Estas ser\u00e1n las nuevas normas durante las fiestas de Benidorm<\/span><\/a><\/li><\/ul><\/p>   <p>Ahora este benidormense vuelve a recibir un encargo muy especial, dirigirse al pueblo tras la ofrenda a la Mare de D\u00e9u del Sofratge del s\u00e1bado 9 de noviembre: \u00abPara m\u00ed esto supone un gran reto y adem\u00e1s volver a hablar delante del pueblo de Benidorm, en la puerta de mi Iglesia, y junto a la patrona, es el mayor honor\u00bb, ha comentado a esta redacci\u00f3n.<\/p>   <p>Los inicios de Espinosa<\/p>   <p>Natural de Benidorm, comienza sus estudios musicales bajo la influencia de sus padres y se incorpora a la Uni\u00f3n Musical de Benidorm como clarinete. En 1982, con diecis\u00e9is a\u00f1os, inicia su carrera docente colaborando como profesor de solfeo y teor\u00eda de la m\u00fasica, pianista y subdirector de la Agrupaci\u00f3n Coral de Benidorm. <\/p>   <p>Ese mismo a\u00f1o contin\u00faa sus estudios de piano con el maestro que marcar\u00e1 su futuro profesional: Juan Jos\u00e9 P\u00e9rez Torrecillas. En 1987 se inicia en la direcci\u00f3n de orquesta de la mano de Francesc Cabrelles, y \u00f3rgano y direcci\u00f3n de coros con Adolfo Guti\u00e9rrez Viejo, con los que ha mantenido una profunda relaci\u00f3n profesional y afectiva.<\/p>   <p>     .c-w{         max-width:444px;         width:100%;         margin:32px auto;      background:#00755E;         border-radius:4px;         display:flex;         align-items:center;         justify-content:center;     }     .c-w a{         display:flex;         align-items:center;         justify-content:center;         padding:4px 24px;     }     .c-w img{         width:24px;         margin-right:12px;     }     .c-w p{         font:18px\/25px Poppins;         text-align:center;         color:#fff;         margin:0;     }     @media (max-width:444px){         .c-w a{             padding:4px 12px;         }         .c-w img{             width:24px;             margin-right:8px;         }         .c-w p{             font:14px\/25px Poppins;         }     }     @media (max-width:335px){         .c-w p{             font:13px\/25px Poppins;         }     }  <div class=\"c-w\">     <a href=\"https:\/\/www.whatsapp.com\/channel\/0029Va633PF9WtC4l7XUzh1e\" target=\"_blank\" rel=\"noopener\">         <img decoding=\"async\" src=\"https:\/\/cadenaser.com\/estaticos\/recursosgraficos\/responsive\/img\/ico-whatsapp.svg\" alt=\"Whatsapp\">         <p>\u00danete al <b>canal de WhatsApp<\/b> de la SER<\/p>     <\/a> <\/div><\/p>   <p>Espinosa ha desarrollado una fecunda carrera acad\u00e9mica, docente y art\u00edstica como director de notables bandas como la Sociedad Musical La Paz de S. Joan, la Orquesta Sinf\u00f3nica Vila de S. Joan y la Societat Musical L\u2019Illa de Benidorm, con las que ha obtenido m\u00faltiples y notables premios.<\/p> ","protected":false},"excerpt":{"rendered":"<p>El pasado 9 d&#8217;Octubre fue galardonado con la distinci\u00f3n cultural &#8216;Ciutat de Benidorm&#8217;<\/p>\n","protected":false},"author":0,"featured_media":9500,"comment_status":"open","ping_status":"open","sticky":false,"template":"","format":"standard","meta":{"_acf_changed":false,"footnotes":""},"categories":[1],"tags":[],"class_list":["post-9499","post","type-post","status-publish","format-standard","has-post-thumbnail","hentry","category-sin-categoria"],"acf":{"ser_id":"RLPBF3OTXNFRXIBRSMJFVEL3VU","ser_url":"https:\/\/cadenaser.com\/comunitat-valenciana\/2024\/10\/17\/las-festes-majors-patronals-2024-de-benidorm-ya-tienen-pregonero-radio-benidorm\/"},"_links":{"self":[{"href":"https:\/\/serbenidorm.daliisolutions.com\/index.php\/wp-json\/wp\/v2\/posts\/9499","targetHints":{"allow":["GET"]}}],"collection":[{"href":"https:\/\/serbenidorm.daliisolutions.com\/index.php\/wp-json\/wp\/v2\/posts"}],"about":[{"href":"https:\/\/serbenidorm.daliisolutions.com\/index.php\/wp-json\/wp\/v2\/types\/post"}],"replies":[{"embeddable":true,"href":"https:\/\/serbenidorm.daliisolutions.com\/index.php\/wp-json\/wp\/v2\/comments?post=9499"}],"version-history":[{"count":0,"href":"https:\/\/serbenidorm.daliisolutions.com\/index.php\/wp-json\/wp\/v2\/posts\/9499\/revisions"}],"wp:featuredmedia":[{"embeddable":true,"href":"https:\/\/serbenidorm.daliisolutions.com\/index.php\/wp-json\/wp\/v2\/media\/9500"}],"wp:attachment":[{"href":"https:\/\/serbenidorm.daliisolutions.com\/index.php\/wp-json\/wp\/v2\/media?parent=9499"}],"wp:term":[{"taxonomy":"category","embeddable":true,"href":"https:\/\/serbenidorm.daliisolutions.com\/index.php\/wp-json\/wp\/v2\/categories?post=9499"},{"taxonomy":"post_tag","embeddable":true,"href":"https:\/\/serbenidorm.daliisolutions.com\/index.php\/wp-json\/wp\/v2\/tags?post=9499"}],"curies":[{"name":"wp","href":"https:\/\/api.w.org\/{rel}","templated":true}]}}